
{"id":5987,"date":"2024-09-27T16:48:00","date_gmt":"2024-09-27T14:48:00","guid":{"rendered":"https:\/\/scf.se\/landsvag\/?p=5987"},"modified":"2024-09-27T20:17:43","modified_gmt":"2024-09-27T18:17:43","slug":"schweizisk-damjunior-dog-efter-skador-fran-krasch-i-vm-linjelopp","status":"publish","type":"post","link":"https:\/\/scf.se\/landsvag\/schweizisk-damjunior-dog-efter-skador-fran-krasch-i-vm-linjelopp\/","title":{"rendered":"Schweizisk juniorcyklist d\u00f6d till f\u00f6ljd av skador fr\u00e5n krasch i VM-linjelopp"},"content":{"rendered":"<p><strong>Det \u00e4r en svart dag p\u00e5 Cykel-VM i Z\u00fcrich. Den unga schweiziska VM-cyklisten Muriel Furrer \u00e4r d\u00f6d. Det meddelade Internationella cykelf\u00f6rbundet (UCI) p\u00e5 fredagseftermiddagen. Hon var med om en sv\u00e5r krasch under damjuniorernas VM-lopp i Z\u00fcrich p\u00e5 torsdagen och avled till f\u00f6ljd av skadorna.<\/strong><\/p>\n<p>Schweiziskan fanns med i damjuniorernas linjelopp under torsdagen, en av f\u00e5 t\u00e4vlingar i landsv\u00e4gs-VM utan svenskt deltagande. Det var sv\u00e5ra f\u00f6rh\u00e5llanden under t\u00e4vlingen med kraftigt regn vilket gjorde v\u00e4garna v\u00e4ldigt hala, speciellt vissa kurvor. Det var ocks\u00e5 m\u00e5nga krascher i loppet.<\/p>\n<p>F\u00f6r Muriel Furrer gick det illa. Hon fick f\u00f6ras till sjukhus med ambulanshelikopter. 18-\u00e5ringen v\u00e5rdades sedan f\u00f6r en allvarlig huvudskada.<\/p>\n<p>Under fredagseftermiddagen kom UCI med det s\u00e5 djupt tragiska beskedet att hon har avlidit av sina skador. Detta mitt under UCI:s 193:e kongress d\u00e4r SCF representeras av vice ordf\u00f6rande Thomas Backteman och generalsekreterare Leif Karlsson. UCI-ledningen meddelade omg\u00e5ende att man st\u00e4ller in galamiddagen p\u00e5 l\u00f6rdag kv\u00e4ll.<\/p>\n<p>Furrers familjs \u00f6nskem\u00e5l var under torsdagen att VM skulle fullf\u00f6ljas. Under fredagens U23-lopp f\u00f6r herrar med tre svenska deltagare ska sv\u00e4ngen d\u00e4r olyckan skedde ha varit b\u00e4ttre s\u00e4krad, skriver den schweiziska tidningen Blick. Internationella cykelf\u00f6rbundet h\u00e5ller en presskonferens om l\u00e4get och om det blir n\u00e5gra f\u00f6r\u00e4ndringar i det \u00e5terst\u00e5ende VM-programmet.<\/p>\n<p>Det r\u00e5der sorg i cykelv\u00e4rlden. Det var mycket tryckt st\u00e4mning under en tyst minut inf\u00f6r U23-herrarnas prisutdelning med massor av folk p\u00e5 plats. Det har ocks\u00e5 varit en tyst minut under UCI-kongressen.<\/p>\n<p><em>Text: SCF<\/em><\/p>\n","protected":false},"excerpt":{"rendered":"<p>Det \u00e4r en svart dag p\u00e5 Cykel-VM i Z\u00fcrich. Den unga schweiziska VM-cyklisten Muriel Furrer \u00e4r d\u00f6d. Det meddelade Internationella cykelf\u00f6rbundet (UCI) p\u00e5 fredagseftermiddagen. Hon var med om en sv\u00e5r krasch under damjuniorernas VM-lopp i Z\u00fcrich p\u00e5 torsdagen och avled till f\u00f6ljd av skadorna. Schweiziskan fanns med i damjuniorernas linjelopp under torsdagen, en av<a href=\"https:\/\/scf.se\/landsvag\/schweizisk-damjunior-dog-efter-skador-fran-krasch-i-vm-linjelopp\/\" class=\"news-card__more\"> &#8230;<\/a><\/p>\n","protected":false},"author":41,"featured_media":5990,"comment_status":"open","ping_status":"open","sticky":false,"template":"","format":"standard","meta":{"_acf_changed":false,"footnotes":""},"categories":[1],"tags":[],"class_list":["post-5987","post","type-post","status-publish","format-standard","hentry","category-landsvag"],"acf":[],"_links":{"self":[{"href":"https:\/\/scf.se\/landsvag\/wp-json\/wp\/v2\/posts\/5987","targetHints":{"allow":["GET"]}}],"collection":[{"href":"https:\/\/scf.se\/landsvag\/wp-json\/wp\/v2\/posts"}],"about":[{"href":"https:\/\/scf.se\/landsvag\/wp-json\/wp\/v2\/types\/post"}],"author":[{"embeddable":true,"href":"https:\/\/scf.se\/landsvag\/wp-json\/wp\/v2\/users\/41"}],"replies":[{"embeddable":true,"href":"https:\/\/scf.se\/landsvag\/wp-json\/wp\/v2\/comments?post=5987"}],"version-history":[{"count":27,"href":"https:\/\/scf.se\/landsvag\/wp-json\/wp\/v2\/posts\/5987\/revisions"}],"predecessor-version":[{"id":6027,"href":"https:\/\/scf.se\/landsvag\/wp-json\/wp\/v2\/posts\/5987\/revisions\/6027"}],"wp:featuredmedia":[{"embeddable":true,"href":"https:\/\/scf.se\/landsvag\/wp-json\/wp\/v2\/media\/5990"}],"wp:attachment":[{"href":"https:\/\/scf.se\/landsvag\/wp-json\/wp\/v2\/media?parent=5987"}],"wp:term":[{"taxonomy":"category","embeddable":true,"href":"https:\/\/scf.se\/landsvag\/wp-json\/wp\/v2\/categories?post=5987"},{"taxonomy":"post_tag","embeddable":true,"href":"https:\/\/scf.se\/landsvag\/wp-json\/wp\/v2\/tags?post=5987"}],"curies":[{"name":"wp","href":"https:\/\/api.w.org\/{rel}","templated":true}]}}