
{"id":5894,"date":"2024-09-20T19:24:44","date_gmt":"2024-09-20T17:24:44","guid":{"rendered":"https:\/\/scf.se\/landsvag\/?p=5894"},"modified":"2024-09-22T15:54:33","modified_gmt":"2024-09-22T13:54:33","slug":"svt-sander-mycket-fran-vm-nar-det-galler-elitklasser-och-anna-beck","status":"publish","type":"post","link":"https:\/\/scf.se\/landsvag\/svt-sander-mycket-fran-vm-nar-det-galler-elitklasser-och-anna-beck\/","title":{"rendered":"SVT-s\u00e4ndningar fr\u00e5n landsv\u00e4gs-VM i Z\u00fcrich \u2013 elitklasser och tv\u00e5 paralopp"},"content":{"rendered":"<p><strong>\u00a0SVT satsar p\u00e5 cykel VM i Z\u00fcrich \u2013 n\u00e4r det g\u00e4ller elitklasserna och paracykelstj\u00e4rnan Anna Beck. Det b\u00f6rjar redan p\u00e5 s\u00f6ndag med dam- och herrelitens tempo d\u00e4r f\u00f6rsta\u00e5rssenioren Stina Kagevi som nyligen var femma p\u00e5 U23-EM i tempo och f\u00f6rra s\u00e4songen tog silver p\u00e5 junior-EM i samma klass \u00e4r enda svenska representanten.<\/strong><\/p>\n<h2>S\u00e5 s\u00e4nder SVT fr\u00e5n cykel-VM<\/h2>\n<a href=\"https:\/\/scf.se\/landsvag\/wp-content\/uploads\/sites\/5\/2024\/09\/Stina-Kagevi-NV.jpg\"><img loading=\"lazy\" decoding=\"async\" class=\"alignnone size-full wp-image-5905\" src=\"https:\/\/scf.se\/landsvag\/wp-content\/uploads\/sites\/5\/2024\/09\/Stina-Kagevi-NV.jpg\" alt=\"\" width=\"544\" height=\"518\" srcset=\"https:\/\/scf.se\/landsvag\/wp-content\/uploads\/sites\/5\/2024\/09\/Stina-Kagevi-NV.jpg 544w, https:\/\/scf.se\/landsvag\/wp-content\/uploads\/sites\/5\/2024\/09\/Stina-Kagevi-NV-300x286.jpg 300w\" sizes=\"auto, (max-width: 544px) 100vw, 544px\" \/><\/a>\n<h3>S\u00f6ndag 22 september<\/h3>\n<ul>\n<li>11.55\u201314.15 SVT1\/SVT Play: Tempolopp damer, med Stina Kagevi.<\/li>\n<li>14.40\u201317.30 SVT1\/SVT Play: Tempolopp, herrar, med Amir Ansari Stockholm CK i UCI:s flyktinglag.<\/li>\n<li>Kommentatorer: Bj\u00f6rn Becksmo och Emma Johansson.<\/li>\n<\/ul>\n<h3><a href=\"https:\/\/scf.se\/landsvag\/wp-content\/uploads\/sites\/5\/2024\/09\/Ann-aBeck.jpg\"><img loading=\"lazy\" decoding=\"async\" class=\"alignnone size-full wp-image-5903\" src=\"https:\/\/scf.se\/landsvag\/wp-content\/uploads\/sites\/5\/2024\/09\/Ann-aBeck.jpg\" alt=\"\" width=\"1620\" height=\"1080\" srcset=\"https:\/\/scf.se\/landsvag\/wp-content\/uploads\/sites\/5\/2024\/09\/Ann-aBeck.jpg 1620w, https:\/\/scf.se\/landsvag\/wp-content\/uploads\/sites\/5\/2024\/09\/Ann-aBeck-300x200.jpg 300w, https:\/\/scf.se\/landsvag\/wp-content\/uploads\/sites\/5\/2024\/09\/Ann-aBeck-1024x683.jpg 1024w, https:\/\/scf.se\/landsvag\/wp-content\/uploads\/sites\/5\/2024\/09\/Ann-aBeck-768x512.jpg 768w, https:\/\/scf.se\/landsvag\/wp-content\/uploads\/sites\/5\/2024\/09\/Ann-aBeck-1536x1024.jpg 1536w\" sizes=\"auto, (max-width: 1620px) 100vw, 1620px\" \/><\/a><\/h3>\n<h3>Tisdag 24 september<\/h3>\n<ul>\n<li>12.00\u201313.00 SVT Play: Tempolopp, paracykel C3 damer med Anna Beck.<\/li>\n<li>Kommentator: Ola Br\u00e4nholm<\/li>\n<\/ul>\n<h3>Onsdag 25 september:<\/h3>\n<ul>\n<li>13.55\u201317.30 SVT1\/SVT Play: Lagtempo, mixed<\/li>\n<li>Kommentator: Bj\u00f6rn Becksmo och Nathalie Eklund, med Amir Ansari i UCI:s flyktinglag.<\/li>\n<\/ul>\n<a href=\"https:\/\/scf.se\/landsvag\/wp-content\/uploads\/sites\/5\/2024\/09\/7.png\"><img loading=\"lazy\" decoding=\"async\" class=\"alignnone size-full wp-image-5904\" src=\"https:\/\/scf.se\/landsvag\/wp-content\/uploads\/sites\/5\/2024\/09\/7.png\" alt=\"\" width=\"1410\" height=\"1182\" srcset=\"https:\/\/scf.se\/landsvag\/wp-content\/uploads\/sites\/5\/2024\/09\/7.png 1410w, https:\/\/scf.se\/landsvag\/wp-content\/uploads\/sites\/5\/2024\/09\/7-300x251.png 300w, https:\/\/scf.se\/landsvag\/wp-content\/uploads\/sites\/5\/2024\/09\/7-1024x858.png 1024w, https:\/\/scf.se\/landsvag\/wp-content\/uploads\/sites\/5\/2024\/09\/7-768x644.png 768w\" sizes=\"auto, (max-width: 1410px) 100vw, 1410px\" \/><\/a>\n<h3>L\u00f6rdag 28 september:<\/h3>\n<ul>\n<li>10.40-13.45 SVT Play: Linjelopp, paracykel damer C3 med Anna Beck.<\/li>\n<li>Kommentator: Gustav Zetterlund.<\/li>\n<li>12.40-16.45 SVT2\/SVT Play: Linjelopp, damer, med Caroline Andersson, Strina Kagevi och Julia Borgstr\u00f6m.\u00a0 Kommentatorer: Bj\u00f6rn Becksmo och Emma Johansson.<\/li>\n<\/ul>\n<h3>S\u00f6ndag 29 september:<\/h3>\n<ul>\n<li>10.25\u201317.15 SVT Play (s\u00e4nds i SVT1 fr\u00e5n 10.45): Linjelopp, herrar, med Lucas Eriksson\u00a0 svenska landslaget och Amir Ansari i UCI:s flyktinglag.<\/li>\n<li>Kommentator: Bj\u00f6rn Becksmo och Tobias Ludvigsson.<\/li>\n<\/ul>\n<p><em>Elitklasserna s\u00e4nds \u00e4ven p\u00e5 Eurosport i olika omfattning, f\u00f6r exempelvis U23 d\u00e4r Jakob S\u00f6derqvist k\u00f6r ett h\u00f6gintressant tempolopp p\u00e5 m\u00e5ndag m\u00e5ste man hitta stream f\u00f6r att se i Sverige vad det verkar i skrivande stund.<\/em><\/p>\n<h3><a href=\"https:\/\/www.svtplay.se\/video\/edPgpxr\/cykel-vm\/son-22-sep-11-55\"><em>Se SVT:s VM-s\u00e4ndningar h\u00e4r!<\/em><\/a><\/h3>\n<h2>S\u00e5 k\u00f6r Sveriges lag p\u00e5 VM i Z\u00fcrich<\/h2>\n<ul>\n<li><strong>S\u00f6ndag 22 september 10.00:<\/strong> Tempo damer tandem med Louise Jannering och Catrin Nilsson. Startplats: Gossau ZH.<\/li>\n<li><strong>S\u00f6ndag 22 september, 12.00:<\/strong> Tempo damelit med Stina Kagevi. Plats f\u00f6r start: Gossau ZH. M\u00e5lomr\u00e5det f\u00f6r samtliga klasser \u00e4r Sechsel\u00e4utenplatz vilket \u00e4r Z\u00fcrich st\u00f6rsta torg.<\/li>\n<\/ul>\n<a href=\"https:\/\/scf.se\/landsvag\/wp-content\/uploads\/sites\/5\/2024\/09\/Jakob-Soderqvist-1.jpg\"><img loading=\"lazy\" decoding=\"async\" class=\"alignnone size-full wp-image-5902\" src=\"https:\/\/scf.se\/landsvag\/wp-content\/uploads\/sites\/5\/2024\/09\/Jakob-Soderqvist-1.jpg\" alt=\"\" width=\"1933\" height=\"1788\" srcset=\"https:\/\/scf.se\/landsvag\/wp-content\/uploads\/sites\/5\/2024\/09\/Jakob-Soderqvist-1.jpg 1933w, https:\/\/scf.se\/landsvag\/wp-content\/uploads\/sites\/5\/2024\/09\/Jakob-Soderqvist-1-300x277.jpg 300w, https:\/\/scf.se\/landsvag\/wp-content\/uploads\/sites\/5\/2024\/09\/Jakob-Soderqvist-1-1024x947.jpg 1024w, https:\/\/scf.se\/landsvag\/wp-content\/uploads\/sites\/5\/2024\/09\/Jakob-Soderqvist-1-768x710.jpg 768w, https:\/\/scf.se\/landsvag\/wp-content\/uploads\/sites\/5\/2024\/09\/Jakob-Soderqvist-1-1536x1421.jpg 1536w\" sizes=\"auto, (max-width: 1933px) 100vw, 1933px\" \/><\/a>\n<ul>\n<li><strong>M\u00e5ndag 23 september, 14.45:<\/strong> Tempo U23 med Jakob S\u00f6derqvist. Plats f\u00f6r start: Gossau ZH.<\/li>\n<li><strong>Tisdag 24 september:<\/strong> Runt 12, t\u00e4vlingsblocket startar 11.00 Tempo damer C3 med Anna Beck, k\u00f6r i l\u00e4ngre t\u00e4vlingsblock. Startplats: Sechsel\u00e4utenplatz, som \u00e4r Z\u00fcrich st\u00f6rsta torg.<\/li>\n<li><strong>Torsdag 26 september 12.15:<\/strong> Linjelopp herrar C3 med Henrik Marvig, i M\u00fcnsterhof utanf\u00f6r Z\u00fcrich.<\/li>\n<li><strong>Torsdag 26 september, 14.15:<\/strong> Linjelopp herrjunior med Linus Larsson och Joel Mellby. Plats f\u00f6r start: Z\u00fcrich, Sechsel\u00e4utenplatz.<\/li>\n<li><strong>Fredag 27 september 12.45:<\/strong> Linjelopp herrar U23 med Jakob S\u00f6derqvist, Edvin Lovidius och Carl Kagevi. Plats f\u00f6r start: Uster.<\/li>\n<li><strong>L\u00f6rdag 28 september 10.45:<\/strong> Linjelopp damer C3 med Anna Beck, start 10.45 p\u00e5 Sechsel\u00e4utenplatz.<\/li>\n<li><strong>L\u00f6rdag<\/strong> <strong>28 september 12.45:<\/strong> Linjelopp damelit med Caroline Andersson, Stina Kagevi och Julia Borgstr\u00f6m. Plats f\u00f6r start: Uster.<\/li>\n<li><strong>S\u00f6ndag 29 september 10.30: <\/strong>Linjelopp herrelit med Lucas Eriksson. Plats f\u00f6r start: Winterthur.<\/li>\n<\/ul>\n<h2>Mera om de svenska lagen<\/h2>\n<ul>\n<li><a href=\"https:\/\/scf.se\/landsvag\/intressant-svenskt-lag-till-landsvags-vm-soderqvist-i-tempo-storst-medaljchans\/\"><em><strong>Intressant lag till landsv\u00e4gs-VM d\u00e4r Jakob S\u00f6derqvists tempolopp \u00e4r st\u00f6rsta medaljchansen.<\/strong><\/em><\/a><\/li>\n<li><a href=\"https:\/\/scf.se\/paracykel\/paracyklisterna-ser-fram-emot-helt-integrerat-landsvags-vm-i-zurich\/\"><em><strong>Paracyklisterna ser fram emot helt integrerat landsv\u00e4gs-VM i Z\u00fcrich.<\/strong><\/em><\/a><\/li>\n<\/ul>\n<p><em>Text: SCF<br \/>\nFoto: SCF och SPK<\/em><\/p>\n<p>&nbsp;<\/p>\n","protected":false},"excerpt":{"rendered":"<p>\u00a0SVT satsar p\u00e5 cykel VM i Z\u00fcrich \u2013 n\u00e4r det g\u00e4ller elitklasserna och paracykelstj\u00e4rnan Anna Beck. Det b\u00f6rjar redan p\u00e5 s\u00f6ndag med dam- och herrelitens tempo d\u00e4r f\u00f6rsta\u00e5rssenioren Stina Kagevi som nyligen var femma p\u00e5 U23-EM i tempo och f\u00f6rra s\u00e4songen tog silver p\u00e5 junior-EM i samma klass \u00e4r enda svenska representanten. S\u00e5 s\u00e4nder<a href=\"https:\/\/scf.se\/landsvag\/svt-sander-mycket-fran-vm-nar-det-galler-elitklasser-och-anna-beck\/\" class=\"news-card__more\"> &#8230;<\/a><\/p>\n","protected":false},"author":41,"featured_media":5869,"comment_status":"open","ping_status":"open","sticky":false,"template":"","format":"standard","meta":{"_acf_changed":false,"footnotes":""},"categories":[1],"tags":[],"class_list":["post-5894","post","type-post","status-publish","format-standard","hentry","category-landsvag"],"acf":[],"_links":{"self":[{"href":"https:\/\/scf.se\/landsvag\/wp-json\/wp\/v2\/posts\/5894","targetHints":{"allow":["GET"]}}],"collection":[{"href":"https:\/\/scf.se\/landsvag\/wp-json\/wp\/v2\/posts"}],"about":[{"href":"https:\/\/scf.se\/landsvag\/wp-json\/wp\/v2\/types\/post"}],"author":[{"embeddable":true,"href":"https:\/\/scf.se\/landsvag\/wp-json\/wp\/v2\/users\/41"}],"replies":[{"embeddable":true,"href":"https:\/\/scf.se\/landsvag\/wp-json\/wp\/v2\/comments?post=5894"}],"version-history":[{"count":15,"href":"https:\/\/scf.se\/landsvag\/wp-json\/wp\/v2\/posts\/5894\/revisions"}],"predecessor-version":[{"id":5926,"href":"https:\/\/scf.se\/landsvag\/wp-json\/wp\/v2\/posts\/5894\/revisions\/5926"}],"wp:featuredmedia":[{"embeddable":true,"href":"https:\/\/scf.se\/landsvag\/wp-json\/wp\/v2\/media\/5869"}],"wp:attachment":[{"href":"https:\/\/scf.se\/landsvag\/wp-json\/wp\/v2\/media?parent=5894"}],"wp:term":[{"taxonomy":"category","embeddable":true,"href":"https:\/\/scf.se\/landsvag\/wp-json\/wp\/v2\/categories?post=5894"},{"taxonomy":"post_tag","embeddable":true,"href":"https:\/\/scf.se\/landsvag\/wp-json\/wp\/v2\/tags?post=5894"}],"curies":[{"name":"wp","href":"https:\/\/api.w.org\/{rel}","templated":true}]}}