
{"id":589,"date":"2016-04-29T11:58:31","date_gmt":"2016-04-29T09:58:31","guid":{"rendered":"http:\/\/scf.se\/landsvag\/?p=589"},"modified":"2016-04-29T11:58:31","modified_gmt":"2016-04-29T09:58:31","slug":"nya-landslagsuppdrag-landsvag","status":"publish","type":"post","link":"https:\/\/scf.se\/landsvag\/nya-landslagsuppdrag-landsvag\/","title":{"rendered":"Nya landslagsuppdrag landsv\u00e4g"},"content":{"rendered":"<p>N\u00e4sta vecka har \u00e4r v\u00e5ra LVG-landslag ute p\u00e5 tv\u00e5 uppdrag. Juniorerna k\u00f6r Course de la Paix i Tjeckien och elitlandslaget ska till Fl\u00eache du Sud i Luxemburg. De <span style=\"line-height: 1.5;\">cyklister som \u00e4r uttagna att k\u00f6ra \u00e4r:\u00a0<\/span><\/p>\n<h3><strong>Herr junior<\/strong><\/h3>\n<p><strong>5-8 maj &#8211; Lilla Fredsloppet (Course de la Paix) i Tjeckien<\/strong><br \/>\nErik Sandersson, FK Trampen<br \/>\nVincent Andersson, FK Trampen<br \/>\nJacob Eriksson, Motala AIF CK<br \/>\nLinus Kvist, Motala AIF CK<br \/>\nAndreas Andersson, Halmstad CK<br \/>\nChristoffer Wall, Halmstad CK<br \/>\nH\u00e5ll koll p\u00e5 t\u00e4vlingen och resultaten fr\u00e5n <a href=\"http:\/\/zmj.cz\/\">Course de la Paix<\/a>:<\/p>\n<h3>Herr elit<\/h3>\n<p><strong>4-8 maj Fleche du Sud i Luxembourg<br \/>\n<\/strong>Hampus Anderberg, Team ColoQuick<br \/>\nAlexander F\u00e5glum Karlsson, Team Ringeriks-Kraft<br \/>\nHannes Bergstr\u00f6m Frisk, Upsala CK<br \/>\nStaffan Arvidsson, Stockholm CK<br \/>\nRasmus Mikiver, CK Hymer<br \/>\nMarcus Johansson, CK Hymer<\/p>\n<p>Mer om\u00a0<a href=\"http:\/\/www.fleche-du-sud.lu\/Home.html\">Fl\u00e8che du sud<\/a>.<\/p>\n<p>&nbsp;<\/p>\n","protected":false},"excerpt":{"rendered":"<p>N\u00e4sta vecka har \u00e4r v\u00e5ra LVG-landslag ute p\u00e5 tv\u00e5 uppdrag. Juniorerna k\u00f6r Course de la Paix i Tjeckien och elitlandslaget ska till Fl\u00eache du Sud i Luxemburg. De cyklister som \u00e4r uttagna att k\u00f6ra \u00e4r:\u00a0 Herr junior 5-8 maj &#8211; Lilla Fredsloppet (Course de la Paix) i Tjeckien Erik Sandersson, FK Trampen Vincent Andersson,<a href=\"https:\/\/scf.se\/landsvag\/nya-landslagsuppdrag-landsvag\/\" class=\"news-card__more\"> &#8230;<\/a><\/p>\n","protected":false},"author":2,"featured_media":0,"comment_status":"open","ping_status":"open","sticky":false,"template":"","format":"standard","meta":{"_acf_changed":false,"footnotes":""},"categories":[1],"tags":[],"class_list":["post-589","post","type-post","status-publish","format-standard","hentry","category-landsvag"],"acf":[],"_links":{"self":[{"href":"https:\/\/scf.se\/landsvag\/wp-json\/wp\/v2\/posts\/589","targetHints":{"allow":["GET"]}}],"collection":[{"href":"https:\/\/scf.se\/landsvag\/wp-json\/wp\/v2\/posts"}],"about":[{"href":"https:\/\/scf.se\/landsvag\/wp-json\/wp\/v2\/types\/post"}],"author":[{"embeddable":true,"href":"https:\/\/scf.se\/landsvag\/wp-json\/wp\/v2\/users\/2"}],"replies":[{"embeddable":true,"href":"https:\/\/scf.se\/landsvag\/wp-json\/wp\/v2\/comments?post=589"}],"version-history":[{"count":0,"href":"https:\/\/scf.se\/landsvag\/wp-json\/wp\/v2\/posts\/589\/revisions"}],"wp:attachment":[{"href":"https:\/\/scf.se\/landsvag\/wp-json\/wp\/v2\/media?parent=589"}],"wp:term":[{"taxonomy":"category","embeddable":true,"href":"https:\/\/scf.se\/landsvag\/wp-json\/wp\/v2\/categories?post=589"},{"taxonomy":"post_tag","embeddable":true,"href":"https:\/\/scf.se\/landsvag\/wp-json\/wp\/v2\/tags?post=589"}],"curies":[{"name":"wp","href":"https:\/\/api.w.org\/{rel}","templated":true}]}}