
{"id":5847,"date":"2024-09-16T09:45:57","date_gmt":"2024-09-16T07:45:57","guid":{"rendered":"https:\/\/scf.se\/landsvag\/?p=5847"},"modified":"2024-09-16T13:02:48","modified_gmt":"2024-09-16T11:02:48","slug":"jacob-eriksson","status":"publish","type":"post","link":"https:\/\/scf.se\/landsvag\/jacob-eriksson\/","title":{"rendered":"Jacob Eriksson i fin form hamnade p\u00e5 fel sida n\u00e4r EM-klungan sprack av"},"content":{"rendered":"<p><strong>Jacob Eriksson var ensam svensk cyklist, med allt vad det inneb\u00e4r i ett EM d\u00e5 han f\u00e5r m\u00f6ta de stora nationernas lagk\u00f6rning. Regerande Svenska m\u00e4staren k\u00f6rde egentligen mestadels riktigt starkt, och hade bra ben \u2013 men blev 69:e cyklist i m\u00e5l i herrelitens linjelopp. Jacob befann sig helt enkelt lite f\u00f6r l\u00e5ngt bak i huvudklungan n\u00e4r den sprack upp i ett kritiskt avsnitt av banan d\u00e4r de stora favoriterna d\u00e5 f\u00f6rsvann iv\u00e4g i en f\u00f6rstagrupp.<\/strong><\/p>\n<div id=\"attachment_5857\" class=\"wp-caption alignnone\" ><a href=\"https:\/\/scf.se\/landsvag\/wp-content\/uploads\/sites\/5\/2024\/09\/UEC-Day-5-0020.jpg\"><img loading=\"lazy\" decoding=\"async\" class=\"size-full wp-image-5857\" src=\"https:\/\/scf.se\/landsvag\/wp-content\/uploads\/sites\/5\/2024\/09\/UEC-Day-5-0020.jpg\" alt=\"\" width=\"2362\" height=\"1575\" srcset=\"https:\/\/scf.se\/landsvag\/wp-content\/uploads\/sites\/5\/2024\/09\/UEC-Day-5-0020.jpg 2362w, https:\/\/scf.se\/landsvag\/wp-content\/uploads\/sites\/5\/2024\/09\/UEC-Day-5-0020-300x200.jpg 300w, https:\/\/scf.se\/landsvag\/wp-content\/uploads\/sites\/5\/2024\/09\/UEC-Day-5-0020-1024x683.jpg 1024w, https:\/\/scf.se\/landsvag\/wp-content\/uploads\/sites\/5\/2024\/09\/UEC-Day-5-0020-768x512.jpg 768w, https:\/\/scf.se\/landsvag\/wp-content\/uploads\/sites\/5\/2024\/09\/UEC-Day-5-0020-1536x1024.jpg 1536w, https:\/\/scf.se\/landsvag\/wp-content\/uploads\/sites\/5\/2024\/09\/UEC-Day-5-0020-2048x1366.jpg 2048w\" sizes=\"auto, (max-width: 2362px) 100vw, 2362px\" \/><\/a><p class=\"wp-caption-text\"><em>En herrelitklunga med 130 cyklister till start p\u00e5 EM i belgiska Limburg.\u00a0 Foto: Luca Bettini\/ Sprint Cycling Agency\/ UEC<\/em><\/p><\/div>\n<blockquote><p>&#8221;Jag tycker att Jacob sitter med bra \u00f6verlag. Han \u00e4r sj\u00e4lv frustrerad efter\u00e5t och tycker att han kunde ha gjort det b\u00e4ttre. Jag tycker att han g\u00f6r det bra \u00e4nd\u00e5. Tyv\u00e4rr missar han den gruppen som g\u00e5r hem och sitter sedan med i en andragrupp hela v\u00e4gen. Det skedde ocks\u00e5 vid ett avsnitt d\u00e4r det \u00e4r sv\u00e5rt att ta position, \u00e4ven om man som Jacob \u00e4r duktig p\u00e5 det&#8221;, s\u00e4ger f\u00f6rbundskaptenen Lucas Persson.<\/p><\/blockquote>\n<p>Det var n\u00e4rmare best\u00e4mt precis innan ett kullerstensavsnitt d\u00e4r de stora lagen gick upp och tog position. D\u00e4r halkade Jacob Eriksson bak\u00e5t, och tredje g\u00e5ngen delade sig klungan just d\u00e4r.<\/p>\n<a href=\"https:\/\/scf.se\/landsvag\/wp-content\/uploads\/sites\/5\/2024\/09\/UEC-Day-5-0011-1.jpg\"><img loading=\"lazy\" decoding=\"async\" class=\"alignnone size-full wp-image-5869\" src=\"https:\/\/scf.se\/landsvag\/wp-content\/uploads\/sites\/5\/2024\/09\/UEC-Day-5-0011-1.jpg\" alt=\"\" width=\"1449\" height=\"864\" srcset=\"https:\/\/scf.se\/landsvag\/wp-content\/uploads\/sites\/5\/2024\/09\/UEC-Day-5-0011-1.jpg 1449w, https:\/\/scf.se\/landsvag\/wp-content\/uploads\/sites\/5\/2024\/09\/UEC-Day-5-0011-1-300x179.jpg 300w, https:\/\/scf.se\/landsvag\/wp-content\/uploads\/sites\/5\/2024\/09\/UEC-Day-5-0011-1-1024x611.jpg 1024w, https:\/\/scf.se\/landsvag\/wp-content\/uploads\/sites\/5\/2024\/09\/UEC-Day-5-0011-1-768x458.jpg 768w\" sizes=\"auto, (max-width: 1449px) 100vw, 1449px\" \/><\/a>\n<blockquote><p>&#8221;Ja, d\u00e5 sprack det och d\u00e5 satt han f\u00f6r d\u00e5ligt till f\u00f6r att kunna ansluta d\u00e5 det gick extremt fort i det l\u00e4get i f\u00f6rstagruppen&#8221;, s\u00e4ger Lucas Persson.<\/p><\/blockquote>\n<p>Det kan vara frustrerande att sitta i andraklungan, som till sist bara var 20 cyklister stor, och motivationen blir allt mindre n\u00e4r man som Jacob k\u00e4nner sig stark.<\/p>\n<a href=\"https:\/\/scf.se\/landsvag\/wp-content\/uploads\/sites\/5\/2024\/09\/Jakob-2.jpg\"><img loading=\"lazy\" decoding=\"async\" class=\"alignnone size-full wp-image-5853\" src=\"https:\/\/scf.se\/landsvag\/wp-content\/uploads\/sites\/5\/2024\/09\/Jakob-2.jpg\" alt=\"\" width=\"1344\" height=\"1301\" srcset=\"https:\/\/scf.se\/landsvag\/wp-content\/uploads\/sites\/5\/2024\/09\/Jakob-2.jpg 1344w, https:\/\/scf.se\/landsvag\/wp-content\/uploads\/sites\/5\/2024\/09\/Jakob-2-300x290.jpg 300w, https:\/\/scf.se\/landsvag\/wp-content\/uploads\/sites\/5\/2024\/09\/Jakob-2-1024x991.jpg 1024w, https:\/\/scf.se\/landsvag\/wp-content\/uploads\/sites\/5\/2024\/09\/Jakob-2-768x743.jpg 768w\" sizes=\"auto, (max-width: 1344px) 100vw, 1344px\" \/><\/a>\n<blockquote><p>&#8221;Men samtidigt har man bara ett kort med en ensam cyklist, s\u00e5 en stolpe ut r\u00e4cker i ett s\u00e5dant h\u00e4r lopp. Han g\u00f6r det bra och jag tror s\u00e4kert att han kommer bryta ihop och komma igen fram\u00f6ver&#8221;, s\u00e4ger Lucas Persson.<\/p><\/blockquote>\n<p>Desto muntrare hos hemmanationen Belgien d\u00e4r Tim Merlier tog hem en t\u00e4t spurt.<\/p>\n<a href=\"https:\/\/scf.se\/landsvag\/wp-content\/uploads\/sites\/5\/2024\/09\/UEC-Day-5-0013.jpg\"><img loading=\"lazy\" decoding=\"async\" class=\"alignnone size-full wp-image-5856\" src=\"https:\/\/scf.se\/landsvag\/wp-content\/uploads\/sites\/5\/2024\/09\/UEC-Day-5-0013.jpg\" alt=\"\" width=\"2361\" height=\"1574\" srcset=\"https:\/\/scf.se\/landsvag\/wp-content\/uploads\/sites\/5\/2024\/09\/UEC-Day-5-0013.jpg 2361w, https:\/\/scf.se\/landsvag\/wp-content\/uploads\/sites\/5\/2024\/09\/UEC-Day-5-0013-300x200.jpg 300w, https:\/\/scf.se\/landsvag\/wp-content\/uploads\/sites\/5\/2024\/09\/UEC-Day-5-0013-1024x683.jpg 1024w, https:\/\/scf.se\/landsvag\/wp-content\/uploads\/sites\/5\/2024\/09\/UEC-Day-5-0013-768x512.jpg 768w, https:\/\/scf.se\/landsvag\/wp-content\/uploads\/sites\/5\/2024\/09\/UEC-Day-5-0013-1536x1024.jpg 1536w, https:\/\/scf.se\/landsvag\/wp-content\/uploads\/sites\/5\/2024\/09\/UEC-Day-5-0013-2048x1365.jpg 2048w\" sizes=\"auto, (max-width: 2361px) 100vw, 2361px\" \/><\/a>\n<h3>EM linjelopp, herrar elit<\/h3>\n<ul>\n<li>1 <strong data-moz-translations-id=\"0\">Tim Merlier<\/strong>, Belgien 4:37:09<\/li>\n<li>2 <strong>Olav Kooij<\/strong>, Nederl\u00e4nderna +0<\/li>\n<li>3 <strong>Madis Mihkels<\/strong>, Estland +0<\/li>\n<li>4 <strong>Jasper Philipsen<\/strong>, Belgien +0<\/li>\n<li>5 <strong>Alexander Kristoff<\/strong>, Norge +0<\/li>\n<li>6 <strong>Mads Pedersen<\/strong>, Danmark +0<\/li>\n<li>69 <strong>Jacob Eriksson<\/strong>, Sverige +7.29<\/li>\n<\/ul>\n<h2>Slutliga VM-laget sl\u00e4pps f\u00f6rst p\u00e5 onsdag<\/h2>\n<p>F\u00f6rbundskaptenen Lucas Persson v\u00e4ljer att v\u00e4nta tills onsdag med att presentera det slutliga VM-laget, som fr\u00e5n och med torsdag \u00e5ker till Schweiz. Det finns ett par fr\u00e5getecken att r\u00e4ta ut f\u00f6r f\u00f6rbundskaptensparet Lucas Persson och Alexander Wetterhall under den korta omladdningen och ompackningen i Sverige.<\/p>\n<p>N\u00e4r det g\u00e4ller placeringar var det framf\u00f6r allt i tempodelen av EM som det lyfte med exem\u00e5pelvis EM-silver till Jakob S\u00f6derqvist och femteplats f\u00f6r Stina Kagevi i U23. P\u00e5 linjeloppsdelen var det en del stolpe ut men Emilia Fahlins tolfteplats med en stark laginsats i damelit sticker ut.<\/p>\n<p><em>Text: Svenska Cykelf\u00f6rbundet<br \/>\nFoto: SCF, UEC (Sprint Cycling Agency)<\/em><\/p>\n<hr \/>\n<a href=\"https:\/\/scf.se\/forbundet\/hjalp-oss-sprida-ny-digital-broschyr-om-motionslicensens-fordelar\/\"><img loading=\"lazy\" decoding=\"async\" class=\"alignnone size-full wp-image-7197\" src=\"https:\/\/scf.se\/forbundet\/wp-content\/uploads\/sites\/9\/2024\/03\/Kop-licens-cykelmagasinet4.jpg\" alt=\"\" width=\"2000\" height=\"655\" \/><\/a>\n<p>&nbsp;<\/p>\n<p>&nbsp;<\/p>\n","protected":false},"excerpt":{"rendered":"<p>Jacob Eriksson var ensam svensk cyklist, med allt vad det inneb\u00e4r i ett EM d\u00e5 han f\u00e5r m\u00f6ta de stora nationernas lagk\u00f6rning. Regerande Svenska m\u00e4staren k\u00f6rde egentligen mestadels riktigt starkt, och hade bra ben \u2013 men blev 69:e cyklist i m\u00e5l i herrelitens linjelopp. Jacob befann sig helt enkelt lite f\u00f6r l\u00e5ngt bak i<a href=\"https:\/\/scf.se\/landsvag\/jacob-eriksson\/\" class=\"news-card__more\"> &#8230;<\/a><\/p>\n","protected":false},"author":41,"featured_media":5854,"comment_status":"open","ping_status":"open","sticky":false,"template":"","format":"standard","meta":{"_acf_changed":false,"footnotes":""},"categories":[1],"tags":[],"class_list":["post-5847","post","type-post","status-publish","format-standard","hentry","category-landsvag"],"acf":[],"_links":{"self":[{"href":"https:\/\/scf.se\/landsvag\/wp-json\/wp\/v2\/posts\/5847","targetHints":{"allow":["GET"]}}],"collection":[{"href":"https:\/\/scf.se\/landsvag\/wp-json\/wp\/v2\/posts"}],"about":[{"href":"https:\/\/scf.se\/landsvag\/wp-json\/wp\/v2\/types\/post"}],"author":[{"embeddable":true,"href":"https:\/\/scf.se\/landsvag\/wp-json\/wp\/v2\/users\/41"}],"replies":[{"embeddable":true,"href":"https:\/\/scf.se\/landsvag\/wp-json\/wp\/v2\/comments?post=5847"}],"version-history":[{"count":14,"href":"https:\/\/scf.se\/landsvag\/wp-json\/wp\/v2\/posts\/5847\/revisions"}],"predecessor-version":[{"id":5871,"href":"https:\/\/scf.se\/landsvag\/wp-json\/wp\/v2\/posts\/5847\/revisions\/5871"}],"wp:featuredmedia":[{"embeddable":true,"href":"https:\/\/scf.se\/landsvag\/wp-json\/wp\/v2\/media\/5854"}],"wp:attachment":[{"href":"https:\/\/scf.se\/landsvag\/wp-json\/wp\/v2\/media?parent=5847"}],"wp:term":[{"taxonomy":"category","embeddable":true,"href":"https:\/\/scf.se\/landsvag\/wp-json\/wp\/v2\/categories?post=5847"},{"taxonomy":"post_tag","embeddable":true,"href":"https:\/\/scf.se\/landsvag\/wp-json\/wp\/v2\/tags?post=5847"}],"curies":[{"name":"wp","href":"https:\/\/api.w.org\/{rel}","templated":true}]}}