
{"id":5805,"date":"2024-09-13T19:34:58","date_gmt":"2024-09-13T17:34:58","guid":{"rendered":"https:\/\/scf.se\/landsvag\/?p=5805"},"modified":"2024-09-14T00:21:16","modified_gmt":"2024-09-13T22:21:16","slug":"stina-kagevi-och-karin-soderqvist-med-i-tatklungan-anda-in-i-mal","status":"publish","type":"post","link":"https:\/\/scf.se\/landsvag\/stina-kagevi-och-karin-soderqvist-med-i-tatklungan-anda-in-i-mal\/","title":{"rendered":"Stina Kagevi och Karin S\u00f6derqvist fanns med i t\u00e4tklungan \u00e4nda in i m\u00e5l"},"content":{"rendered":"<p><strong>Sverige hade tv\u00e5 intressanta starter i damernas U23-linjelopp p\u00e5 EM i belgiska Limburg. B\u00e5de Stina Kagevi (till v\u00e4nster) och Karin S\u00f6derqvist har starkare egenskaper som cyklister \u00e4n klungspurt med 50 cyklister. Men S\u00f6derqvist satte f\u00e4rg p\u00e5 finalen, \u00e4ven om hon slutade 43:a \u2013 och Stina slutade p\u00e5 plats 32. Brorsan Carl Kagevi fanns med i en tidig utbrytning och fick b\u00e4sta placeringen p\u00e5 herrsidan i U23. <\/strong>(Uppdaterad version med herrarnas U23-klass.)<\/p>\n<p>Fortsatt stabilt k\u00f6rt av det svenska laget p\u00e5 plats i Flandern \u2013 d\u00e4r cykel \u00e4r st\u00f6rre \u00e4n n\u00e5gon annanstans. I U23-tempot slutade \u00e5kstarka Stina Kagevi fin femma.<\/p>\n<p>Linjeloppet \u00f6ver 101,4 kilometer startade i Heusden-Zoldermed och hade m\u00e5lg\u00e5ng i Hasselt, med avslutningen p\u00e5 en varvbana varv som skulle klaras av fem g\u00e5nger.<\/p>\n<p>Assisterande f\u00f6rbundskaptenen Alexander Wetterhall s\u00e4ger s\u00e5 h\u00e4r om linjeloppet och varf\u00f6r det blev en klungspurt om alla tre medaljerna.<\/p>\n<blockquote><p>&#8221;Det var en v\u00e4ldigt platt bana fram till Hasselt inf\u00f6r de fem avslutningsvarven. Ganska tidigt gick en tjeckisk och dansk cyklist iv\u00e4g och fick upp emot tre och en halv minut som mest till den jagande klungan&#8221;, s\u00e4ger Wetterhall.<\/p><\/blockquote>\n<p>Men det var \u00e4nd\u00e5 inget snack om att de b\u00e4gge utbrytarna skulle k\u00f6ras in, i r\u00e4tt l\u00e4ge f\u00f6r att lagets spurtare skulle kunna dominera \u2013 givetvis utan hj\u00e4lp av Danmark, Tjeckien och de mindre nationerna som inte heller ska ta n\u00e5got ansvar initialt i s\u00e5dana h\u00e4r l\u00e4gen men det beh\u00f6vdes heller inte.<\/p>\n<blockquote><p>&#8221;Nederl\u00e4nderna hade ett starkt lag med, liksom Italien. Framf\u00f6r allt Nederl\u00e4ndernas lag gjorde allt f\u00f6r att tempot skulle bli s\u00e5 bra och j\u00e4mnt och att det blev en klungspurt av det&#8221; f\u00f6rklarar Wetterhall.<\/p><\/blockquote>\n<p>Med tv\u00e5 varv kvar kom det s\u00e5 en del allvarligt menade attacker till h\u00f6ger och v\u00e4nster i skarpt l\u00e4ge, men det var ingenting som h\u00f6ll.<\/p>\n<div id=\"attachment_5819\" class=\"wp-caption alignnone\" ><a href=\"https:\/\/scf.se\/landsvag\/wp-content\/uploads\/sites\/5\/2024\/09\/2024-UEC-Road-European-Championships-Limburg-Flanders-Day-3-0014.jpg\"><img loading=\"lazy\" decoding=\"async\" class=\"size-full wp-image-5819\" src=\"https:\/\/scf.se\/landsvag\/wp-content\/uploads\/sites\/5\/2024\/09\/2024-UEC-Road-European-Championships-Limburg-Flanders-Day-3-0014.jpg\" alt=\"\" width=\"2362\" height=\"1575\" srcset=\"https:\/\/scf.se\/landsvag\/wp-content\/uploads\/sites\/5\/2024\/09\/2024-UEC-Road-European-Championships-Limburg-Flanders-Day-3-0014.jpg 2362w, https:\/\/scf.se\/landsvag\/wp-content\/uploads\/sites\/5\/2024\/09\/2024-UEC-Road-European-Championships-Limburg-Flanders-Day-3-0014-300x200.jpg 300w, https:\/\/scf.se\/landsvag\/wp-content\/uploads\/sites\/5\/2024\/09\/2024-UEC-Road-European-Championships-Limburg-Flanders-Day-3-0014-1024x683.jpg 1024w, https:\/\/scf.se\/landsvag\/wp-content\/uploads\/sites\/5\/2024\/09\/2024-UEC-Road-European-Championships-Limburg-Flanders-Day-3-0014-768x512.jpg 768w, https:\/\/scf.se\/landsvag\/wp-content\/uploads\/sites\/5\/2024\/09\/2024-UEC-Road-European-Championships-Limburg-Flanders-Day-3-0014-1536x1024.jpg 1536w, https:\/\/scf.se\/landsvag\/wp-content\/uploads\/sites\/5\/2024\/09\/2024-UEC-Road-European-Championships-Limburg-Flanders-Day-3-0014-2048x1366.jpg 2048w\" sizes=\"auto, (max-width: 2362px) 100vw, 2362px\" \/><\/a><p class=\"wp-caption-text\"><em>Nederl\u00e4nderna dominerade t\u00e4t klungspurt.\u00a0 Foto: Luca Bettini\/SprintCyclingAgency\/UEC<\/em><\/p><\/div>\n<blockquote><p>&#8221;Nederl\u00e4nderna tog tillbaka greppet. Lite oroligt med tio kilometer kvar d\u00e5 vi hade en krasch, men ingen av v\u00e5ra b\u00e4gge cyklister med i den gruppen. N\u00e4r cyklisterna kom ut p\u00e5 den sista rakan kom Karin S\u00f6derqvist i en attack, som inte h\u00f6ll. I st\u00e4llet Nederl\u00e4nderna etta och tv\u00e5a och Italien trea. De f\u00f6rs\u00f6kte p\u00e5 ett bra s\u00e4tt, men Nederl\u00e4nderna var f\u00f6r starka. Bara att gratulera.&#8221;<\/p><\/blockquote>\n<p>&nbsp;<\/p>\n<h3><strong>EM i linjelopp, damer U23<\/strong><\/h3>\n<ul>\n<li>1 <strong>Sofie Van Rooijen<\/strong>, Nederl\u00e4nderna 2.26.21<\/li>\n<li>2 <strong>Scarlett Souren<\/strong>, Nederl\u00e4nderna +0<\/li>\n<li>3 <strong>Eleonora Camilla Gasparrini<\/strong>, Italien +0<\/li>\n<li>4 <strong>Dorka Jord\u00e1n<\/strong>, Ungern +0<\/li>\n<li>5 <strong>Nora Tveit<\/strong>, Norge +0<\/li>\n<li>6 <strong>Lucia Ruiz Perez<\/strong>, Spanien +0<\/li>\n<li>32 <strong>Stina Kagevi<\/strong>, Sverige +0<\/li>\n<li>43 <strong>Karin S\u00f6derqvist<\/strong>, Sverige +0<\/li>\n<\/ul>\n<p>&nbsp;<\/p>\n<a href=\"https:\/\/scf.se\/landsvag\/wp-content\/uploads\/sites\/5\/2024\/09\/2024-UEC-Road-European-Championships-Limburg-Flanders-Day-3-0032.jpg\"><img loading=\"lazy\" decoding=\"async\" class=\"alignnone size-full wp-image-5820\" src=\"https:\/\/scf.se\/landsvag\/wp-content\/uploads\/sites\/5\/2024\/09\/2024-UEC-Road-European-Championships-Limburg-Flanders-Day-3-0032.jpg\" alt=\"\" width=\"2362\" height=\"1575\" srcset=\"https:\/\/scf.se\/landsvag\/wp-content\/uploads\/sites\/5\/2024\/09\/2024-UEC-Road-European-Championships-Limburg-Flanders-Day-3-0032.jpg 2362w, https:\/\/scf.se\/landsvag\/wp-content\/uploads\/sites\/5\/2024\/09\/2024-UEC-Road-European-Championships-Limburg-Flanders-Day-3-0032-300x200.jpg 300w, https:\/\/scf.se\/landsvag\/wp-content\/uploads\/sites\/5\/2024\/09\/2024-UEC-Road-European-Championships-Limburg-Flanders-Day-3-0032-1024x683.jpg 1024w, https:\/\/scf.se\/landsvag\/wp-content\/uploads\/sites\/5\/2024\/09\/2024-UEC-Road-European-Championships-Limburg-Flanders-Day-3-0032-768x512.jpg 768w, https:\/\/scf.se\/landsvag\/wp-content\/uploads\/sites\/5\/2024\/09\/2024-UEC-Road-European-Championships-Limburg-Flanders-Day-3-0032-1536x1024.jpg 1536w, https:\/\/scf.se\/landsvag\/wp-content\/uploads\/sites\/5\/2024\/09\/2024-UEC-Road-European-Championships-Limburg-Flanders-Day-3-0032-2048x1366.jpg 2048w\" sizes=\"auto, (max-width: 2362px) 100vw, 2362px\" \/><\/a>\n<p>Med 162 kilometer att avverka p\u00e5 en mulen fredagseftermiddag kom U23-herrarna med Jakob S\u00f6derqvist, Edvin Lovidius, Carl Kagevi och Ville Merl\u00f6v till start i ett linjelopp som genomg\u00e5ende k\u00f6rdes i ett mycket h\u00f6gt tempo.<\/p>\n<p>Efter starten p\u00e5 Heusden-Zolders velodrom, som i februari n\u00e4sta \u00e5r kommer att vara v\u00e4rd f\u00f6r Europam\u00e4sterskapen i ban\u00e5kning, kom en lovande tidig utbrytning d\u00e4r Kagevi gl\u00e4djande nog satt med. Det gjorde ocks\u00e5 Stian Rosenlund (Danmark), Halvor Sandstad (Norge), Julian Borresch (Tyskland), Mats Wenzel (Luxemburg), Roman Holzer (Schweiz) och Mateusz Gajdulewic (Polen).<\/p>\n<p>Lovande i \u00e5kkapacitet, men ett par stornationer saknade cyklist s\u00e5 huvudklungan h\u00e4mtade in dem innan Kagevi och kompani n\u00e5tt fram till den f\u00f6rsta kullerstenssektionen.<\/p>\n<a href=\"https:\/\/scf.se\/landsvag\/wp-content\/uploads\/sites\/5\/2024\/09\/2024-UEC-Road-European-Championships-Limburg-Flanders-Day-3-0043.jpg\"><img loading=\"lazy\" decoding=\"async\" class=\"alignnone size-full wp-image-5822\" src=\"https:\/\/scf.se\/landsvag\/wp-content\/uploads\/sites\/5\/2024\/09\/2024-UEC-Road-European-Championships-Limburg-Flanders-Day-3-0043.jpg\" alt=\"\" width=\"2362\" height=\"1575\" srcset=\"https:\/\/scf.se\/landsvag\/wp-content\/uploads\/sites\/5\/2024\/09\/2024-UEC-Road-European-Championships-Limburg-Flanders-Day-3-0043.jpg 2362w, https:\/\/scf.se\/landsvag\/wp-content\/uploads\/sites\/5\/2024\/09\/2024-UEC-Road-European-Championships-Limburg-Flanders-Day-3-0043-300x200.jpg 300w, https:\/\/scf.se\/landsvag\/wp-content\/uploads\/sites\/5\/2024\/09\/2024-UEC-Road-European-Championships-Limburg-Flanders-Day-3-0043-1024x683.jpg 1024w, https:\/\/scf.se\/landsvag\/wp-content\/uploads\/sites\/5\/2024\/09\/2024-UEC-Road-European-Championships-Limburg-Flanders-Day-3-0043-768x512.jpg 768w, https:\/\/scf.se\/landsvag\/wp-content\/uploads\/sites\/5\/2024\/09\/2024-UEC-Road-European-Championships-Limburg-Flanders-Day-3-0043-1536x1024.jpg 1536w, https:\/\/scf.se\/landsvag\/wp-content\/uploads\/sites\/5\/2024\/09\/2024-UEC-Road-European-Championships-Limburg-Flanders-Day-3-0043-2048x1366.jpg 2048w\" sizes=\"auto, (max-width: 2362px) 100vw, 2362px\" \/><\/a>\n<p>Slutfasen av loppet pr\u00e4glades av en l\u00e5ng rad attacker, d\u00e4r den mest betydelsefulla kom fr\u00e5n en grupp p\u00e5 14 cyklister. Fr\u00e5n denna gjorde de tre medalj\u00f6rerna Huub Artz, Niklas Behrens och L\u00e9andre Lozouet en ny utbrytning och alla topplaceringar var k\u00f6rda f\u00f6r cyklisterna i den allt mindre huvudklungan.<\/p>\n<p>Carl Kagevi var ocks\u00e5 den f\u00f6r dagen piggaste svenska U23-cyklisten som ocks\u00e5 avslutade i bakre delen av n\u00e5got som skulle kunna s\u00e4gas vara huvudklungan, plats 41 f\u00f6r Carl s\u00e5 tv\u00e5 syskon Kagevi hade b\u00e4sta svenska placeringarna denna fredag.<\/p>\n<a href=\"https:\/\/scf.se\/landsvag\/wp-content\/uploads\/sites\/5\/2024\/09\/Ville.jpg\"><img loading=\"lazy\" decoding=\"async\" class=\"alignnone size-full wp-image-5823\" src=\"https:\/\/scf.se\/landsvag\/wp-content\/uploads\/sites\/5\/2024\/09\/Ville.jpg\" alt=\"\" width=\"1641\" height=\"1229\" srcset=\"https:\/\/scf.se\/landsvag\/wp-content\/uploads\/sites\/5\/2024\/09\/Ville.jpg 1641w, https:\/\/scf.se\/landsvag\/wp-content\/uploads\/sites\/5\/2024\/09\/Ville-300x225.jpg 300w, https:\/\/scf.se\/landsvag\/wp-content\/uploads\/sites\/5\/2024\/09\/Ville-1024x767.jpg 1024w, https:\/\/scf.se\/landsvag\/wp-content\/uploads\/sites\/5\/2024\/09\/Ville-768x575.jpg 768w, https:\/\/scf.se\/landsvag\/wp-content\/uploads\/sites\/5\/2024\/09\/Ville-1536x1150.jpg 1536w\" sizes=\"auto, (max-width: 1641px) 100vw, 1641px\" \/><\/a>\n<p>Jakob S\u00f6derqvist (till v\u00e4nster) fick kort vila efter urladdningen med EM-silvret i tempo i onsdags. Ville Merl\u00f6v (till h\u00f6ger n\u00e4rmast kameran) b\u00f6rjade loppet bra men punkterade p\u00e5 ett d\u00e5ligt st\u00e4lle n\u00e4r det gick rej\u00e4lt fort, s\u00e5 han fick g\u00e5 p\u00e5 r\u00f6tt f\u00f6r l\u00e4nge f\u00f6r att ansluta och br\u00f6t sedan. DNF \u00e4ven p\u00e5 Edvin Lovidius som har gjort bra ifr\u00e5n sig internationellt i \u00e5r. S\u00e5 h\u00e4r slutade U23-herrarnas linjelopp.<\/p>\n<a href=\"https:\/\/scf.se\/landsvag\/wp-content\/uploads\/sites\/5\/2024\/09\/2024-UEC-Road-European-Championships-Limburg-Flanders-Day-3-0039.jpg\"><img loading=\"lazy\" decoding=\"async\" class=\"alignnone size-full wp-image-5821\" src=\"https:\/\/scf.se\/landsvag\/wp-content\/uploads\/sites\/5\/2024\/09\/2024-UEC-Road-European-Championships-Limburg-Flanders-Day-3-0039.jpg\" alt=\"\" width=\"2362\" height=\"1575\" srcset=\"https:\/\/scf.se\/landsvag\/wp-content\/uploads\/sites\/5\/2024\/09\/2024-UEC-Road-European-Championships-Limburg-Flanders-Day-3-0039.jpg 2362w, https:\/\/scf.se\/landsvag\/wp-content\/uploads\/sites\/5\/2024\/09\/2024-UEC-Road-European-Championships-Limburg-Flanders-Day-3-0039-300x200.jpg 300w, https:\/\/scf.se\/landsvag\/wp-content\/uploads\/sites\/5\/2024\/09\/2024-UEC-Road-European-Championships-Limburg-Flanders-Day-3-0039-1024x683.jpg 1024w, https:\/\/scf.se\/landsvag\/wp-content\/uploads\/sites\/5\/2024\/09\/2024-UEC-Road-European-Championships-Limburg-Flanders-Day-3-0039-768x512.jpg 768w, https:\/\/scf.se\/landsvag\/wp-content\/uploads\/sites\/5\/2024\/09\/2024-UEC-Road-European-Championships-Limburg-Flanders-Day-3-0039-1536x1024.jpg 1536w, https:\/\/scf.se\/landsvag\/wp-content\/uploads\/sites\/5\/2024\/09\/2024-UEC-Road-European-Championships-Limburg-Flanders-Day-3-0039-2048x1366.jpg 2048w\" sizes=\"auto, (max-width: 2362px) 100vw, 2362px\" \/><\/a>\n<h3><strong>EM i linjelopp, herrar U23<\/strong><\/h3>\n<ul>\n<li>1 <strong>Huub Artz<\/strong>, Nederl\u00e4nderna 3:22.33<\/li>\n<li>2 <strong>Niklas Behrens<\/strong>, Tyskland +0<\/li>\n<li>3 <strong>L\u00e9andre Lozouet<\/strong>, Frankrike +11<\/li>\n<li>4 <strong>Mats Wenzel<\/strong>, Luxemburg +33<\/li>\n<li>5 <strong>Fabian Weiss<\/strong>, Schweiz +35<\/li>\n<li>6 <strong>Rasmus S\u00f8jberg Pedersen<\/strong>, Danmark +1.54<\/li>\n<li>41 <strong>Carl Kagevi<\/strong>, Sverige +2.48<\/li>\n<li>91 <strong>Jakob S\u00f6derqvist<\/strong>, Sverige +3.12<\/li>\n<li>DNF <strong>Edvin Lovidius<\/strong>, Sverige<\/li>\n<li>DNF <strong>Ville Merl\u00f6v<\/strong>, Sverige<\/li>\n<li><a href=\"https:\/\/www.uec.ch\/en\/event\/217\/2024-uec-road-european-championships\"><em><strong>Alla EM-resultat och \u00e4ven liverapportering hittar ni h\u00e4r!<\/strong><\/em><\/a><\/li>\n<\/ul>\n<p>Under helgen k\u00f6r de \u00e5terst\u00e5ende svenska cyklisterna sina linjelopp enligt f\u00f6ljande.<\/p>\n<h3><strong>L\u00f6rdag 14 september<\/strong><\/h3>\n<ul>\n<li><strong>09.00\u201312.15<\/strong>: Herrar Junior Linjelopp, 129,7 kilometer.<br \/>\nHeusden-Zolder\u2013Hasselt + 1,5 varv p\u00e5 Hasselt-banan + 1 varv p\u00e5 Limburg-banan + 1,5 varv p\u00e5 Hasselt-banan.<br \/>\nSvenskar: <strong>Linus Larsson<\/strong>, <strong>Gustav Magnusson<\/strong>, <strong>Joel Mellby<\/strong>, <strong>Vilgot Reinhold.<\/strong><\/li>\n<li><strong>13.30\u201317.30<\/strong>: Damer Elit Linjelopp, 162,0 kilometer.<br \/>\nHeusden-Zolder\u2013Hasselt + 1,5 varv p\u00e5 Hasselt-banan + 2 varv p\u00e5 Limburg-banan + 1,5 varv p\u00e5 Hasselt-banan.<br \/>\nSvenskar: <strong>Emilia Fahlin<\/strong>, <strong>Julia Borgstr\u00f6m<\/strong>, <strong>Caroline Andersson<\/strong>, <strong>Mika S\u00f6derstr\u00f6m.<\/strong><\/li>\n<\/ul>\n<h3><strong>S\u00f6ndag 15 september<\/strong><\/h3>\n<ul>\n<li><strong>09.00\u201311.10<\/strong>: Damer Junior Linjelopp, 72,9 kilometer.<br \/>\nHeusden-Zolder\u2013Hasselt + 3 varv p\u00e5 Hasselt-banan.<br \/>\nSvensk deltagare: <strong>Anna S\u00f6derqvist.<\/strong><\/li>\n<li><strong>12.30\u201317.50<\/strong>: Herrar Elit Linjelopp, 222,8 kilometer.<br \/>\nHeusden-Zolder\u2013Hasselt + 3,5 varv p\u00e5 Hasselt-banan + 3 varv p\u00e5 Limburg-banan + 1,5 varv p\u00e5 Hasselt-banan.<br \/>\nSvensk deltagare: <strong>Jacob Eriksson.<\/strong><\/li>\n<\/ul>\n<p><em>Text: Svenska Cykelf\u00f6rbundet<br \/>\nFoto: SCF, UEC (SprintCyclingAgency) och privat<\/em><\/p>\n<hr \/>\n<a href=\"https:\/\/scf.se\/forbundet\/hjalp-oss-sprida-ny-digital-broschyr-om-motionslicensens-fordelar\/\"><img loading=\"lazy\" decoding=\"async\" class=\"alignnone size-full wp-image-7197\" src=\"https:\/\/scf.se\/forbundet\/wp-content\/uploads\/sites\/9\/2024\/03\/Kop-licens-cykelmagasinet4.jpg\" alt=\"\" width=\"2000\" height=\"655\" \/><\/a>\n","protected":false},"excerpt":{"rendered":"<p>Sverige hade tv\u00e5 intressanta starter i damernas U23-linjelopp p\u00e5 EM i belgiska Limburg. B\u00e5de Stina Kagevi (till v\u00e4nster) och Karin S\u00f6derqvist har starkare egenskaper som cyklister \u00e4n klungspurt med 50 cyklister. Men S\u00f6derqvist satte f\u00e4rg p\u00e5 finalen, \u00e4ven om hon slutade 43:a \u2013 och Stina slutade p\u00e5 plats 32. Brorsan Carl Kagevi fanns med<a href=\"https:\/\/scf.se\/landsvag\/stina-kagevi-och-karin-soderqvist-med-i-tatklungan-anda-in-i-mal\/\" class=\"news-card__more\"> &#8230;<\/a><\/p>\n","protected":false},"author":41,"featured_media":5806,"comment_status":"open","ping_status":"open","sticky":false,"template":"","format":"standard","meta":{"_acf_changed":false,"footnotes":""},"categories":[1],"tags":[],"class_list":["post-5805","post","type-post","status-publish","format-standard","hentry","category-landsvag"],"acf":[],"_links":{"self":[{"href":"https:\/\/scf.se\/landsvag\/wp-json\/wp\/v2\/posts\/5805","targetHints":{"allow":["GET"]}}],"collection":[{"href":"https:\/\/scf.se\/landsvag\/wp-json\/wp\/v2\/posts"}],"about":[{"href":"https:\/\/scf.se\/landsvag\/wp-json\/wp\/v2\/types\/post"}],"author":[{"embeddable":true,"href":"https:\/\/scf.se\/landsvag\/wp-json\/wp\/v2\/users\/41"}],"replies":[{"embeddable":true,"href":"https:\/\/scf.se\/landsvag\/wp-json\/wp\/v2\/comments?post=5805"}],"version-history":[{"count":14,"href":"https:\/\/scf.se\/landsvag\/wp-json\/wp\/v2\/posts\/5805\/revisions"}],"predecessor-version":[{"id":5825,"href":"https:\/\/scf.se\/landsvag\/wp-json\/wp\/v2\/posts\/5805\/revisions\/5825"}],"wp:featuredmedia":[{"embeddable":true,"href":"https:\/\/scf.se\/landsvag\/wp-json\/wp\/v2\/media\/5806"}],"wp:attachment":[{"href":"https:\/\/scf.se\/landsvag\/wp-json\/wp\/v2\/media?parent=5805"}],"wp:term":[{"taxonomy":"category","embeddable":true,"href":"https:\/\/scf.se\/landsvag\/wp-json\/wp\/v2\/categories?post=5805"},{"taxonomy":"post_tag","embeddable":true,"href":"https:\/\/scf.se\/landsvag\/wp-json\/wp\/v2\/tags?post=5805"}],"curies":[{"name":"wp","href":"https:\/\/api.w.org\/{rel}","templated":true}]}}