
{"id":578,"date":"2016-04-29T12:58:50","date_gmt":"2016-04-29T10:58:50","guid":{"rendered":"http:\/\/scf.se\/landsvag\/?p=578"},"modified":"2016-04-29T12:58:50","modified_gmt":"2016-04-29T10:58:50","slug":"en-varldsmastare-har-gatt-ur-tiden","status":"publish","type":"post","link":"https:\/\/scf.se\/landsvag\/en-varldsmastare-har-gatt-ur-tiden\/","title":{"rendered":"En v\u00e4rldsm\u00e4stare har g\u00e5tt ur tiden"},"content":{"rendered":"<blockquote><p>En fantastisk cyklist i v\u00e4rldsklass har l\u00e4mnat jordelivet och de cykelv\u00e4gar vi k\u00e4nner till. Vi hoppas att Janne Karlsson hittar nya, fantastiska cykelv\u00e4gar att utforska. V\u00e5ra tankar g\u00e5r till hans familj och alla cyklister som hade f\u00f6rm\u00e5nen att k\u00e4nna Janne!<\/p>\n<p>Svenska Cykelf\u00f6rbundet<\/p><\/blockquote>\n<p><em>Veteranv\u00e4nnerna\u00a0skickar en s\u00e4rskild h\u00e4lsning:\u00a0<\/em><\/p>\n<h3><strong>R.I.P. Jan Karlsson<\/strong><\/h3>\n<p>Vi i Mastersgruppen har idag, chockerade, n\u00e5tts av beskedet om att du nu har inlett en cykelkarri\u00e4r p\u00e5 ett annat st\u00e4lle \u00e4n vad vi har varit vana vid. Vi \u00e4r \u00f6vertygade att du kommer att lyckas p\u00e5 samma otroliga s\u00e4tt.<\/p>\n<p>Janne Karlsson, du \u00e4r och har alltid varit v\u00e5r f\u00f6rebild i veterankretsar. Vi pratade alltid om dig Janne n\u00e4r du cyklade just den t\u00e4vlingen p\u00e5 ett fantastiskt s\u00e4tt och s\u00e5 fortsatte det &#8211; den ena t\u00e4vlingen mer otrolig \u00e4n den andra. Hur du tr\u00e4nade, pratet om din tr\u00e4ningsflit, din styrka, skr\u00f6norna, ber\u00e4ttelserna om din framfart tog aldrig slut. Du var och \u00e4r en stor f\u00f6rebild f\u00f6r oss cyklister som kommit lite upp i \u00e5ldern.<br \/>\nJanne, du var inte bara en f\u00f6rebild som cyklist. Ditt s\u00e4tt att bem\u00f6ta andra m\u00e4nniskor, din \u00e4rlighet och ditt gentlemannam\u00e4ssiga upptr\u00e4dande. Du gav oss andra cyklister goda r\u00e5d, alltid med humor och glimten i \u00f6gat. Detta sammantaget g\u00f6r att du kliver h\u00f6gst upp p\u00e5 prispallen \u00e4ven som v\u00e4n och medm\u00e4nniska.<\/p>\n<p>Janne vi kommer att sakna dig oerh\u00f6rt i v\u00e5rt g\u00e4ng,<br \/>\nv\u00e5ra tankar g\u00e5r \u00e4ven till din familj.<\/p>\n<p>Svenska Cykelf\u00f6rbundets Mastersgrupp<\/p>\n<p>&nbsp;<\/p>\n","protected":false},"excerpt":{"rendered":"<p>En fantastisk cyklist i v\u00e4rldsklass har l\u00e4mnat jordelivet och de cykelv\u00e4gar vi k\u00e4nner till. Vi hoppas att Janne Karlsson hittar nya, fantastiska cykelv\u00e4gar att utforska. V\u00e5ra tankar g\u00e5r till hans familj och alla cyklister som hade f\u00f6rm\u00e5nen att k\u00e4nna Janne! Svenska Cykelf\u00f6rbundet Veteranv\u00e4nnerna\u00a0skickar en s\u00e4rskild h\u00e4lsning:\u00a0 R.I.P. Jan Karlsson Vi i Mastersgruppen har idag,<a href=\"https:\/\/scf.se\/landsvag\/en-varldsmastare-har-gatt-ur-tiden\/\" class=\"news-card__more\"> &#8230;<\/a><\/p>\n","protected":false},"author":10,"featured_media":0,"comment_status":"open","ping_status":"open","sticky":false,"template":"","format":"standard","meta":{"_acf_changed":false,"footnotes":""},"categories":[1],"tags":[],"class_list":["post-578","post","type-post","status-publish","format-standard","hentry","category-landsvag"],"acf":[],"_links":{"self":[{"href":"https:\/\/scf.se\/landsvag\/wp-json\/wp\/v2\/posts\/578","targetHints":{"allow":["GET"]}}],"collection":[{"href":"https:\/\/scf.se\/landsvag\/wp-json\/wp\/v2\/posts"}],"about":[{"href":"https:\/\/scf.se\/landsvag\/wp-json\/wp\/v2\/types\/post"}],"author":[{"embeddable":true,"href":"https:\/\/scf.se\/landsvag\/wp-json\/wp\/v2\/users\/10"}],"replies":[{"embeddable":true,"href":"https:\/\/scf.se\/landsvag\/wp-json\/wp\/v2\/comments?post=578"}],"version-history":[{"count":0,"href":"https:\/\/scf.se\/landsvag\/wp-json\/wp\/v2\/posts\/578\/revisions"}],"wp:attachment":[{"href":"https:\/\/scf.se\/landsvag\/wp-json\/wp\/v2\/media?parent=578"}],"wp:term":[{"taxonomy":"category","embeddable":true,"href":"https:\/\/scf.se\/landsvag\/wp-json\/wp\/v2\/categories?post=578"},{"taxonomy":"post_tag","embeddable":true,"href":"https:\/\/scf.se\/landsvag\/wp-json\/wp\/v2\/tags?post=578"}],"curies":[{"name":"wp","href":"https:\/\/api.w.org\/{rel}","templated":true}]}}