
{"id":5770,"date":"2024-09-11T14:14:50","date_gmt":"2024-09-11T12:14:50","guid":{"rendered":"https:\/\/scf.se\/landsvag\/?p=5770"},"modified":"2024-09-12T17:28:53","modified_gmt":"2024-09-12T15:28:53","slug":"starkt-silver-for-jakob-pa-tempo-em-kagevi-fixade-femteplats-i-succe","status":"publish","type":"post","link":"https:\/\/scf.se\/landsvag\/starkt-silver-for-jakob-pa-tempo-em-kagevi-fixade-femteplats-i-succe\/","title":{"rendered":"Starkt silver f\u00f6r Jakob p\u00e5 tempo-EM \u2013 Kagevi femma i svensk succ\u00e9dag"},"content":{"rendered":"<p><strong>P\u00e5 onsdagen kickstartade EM i belgiska Limburg <\/strong><strong>f\u00f6r de fyra svenskar som k\u00f6rde tempo \u00a0\u2013 och de gjorde det bra! Jakob S\u00f6derqvist var medaljkandidat p\u00e5 f\u00f6rhand och han levererade ett silver p\u00e5 U23-EM i tempo. Snacka om att han g\u00e5r fr\u00e5n klarhet till klarhet i den tuffa specialdisciplinen d\u00e4r hans tid och snitthastighet p\u00e5 n\u00e4stan 53 kilometer i timmen hade r\u00e4ckt till kamp om tredjeplatsen \u00e4ven i herrelit. <\/strong><strong>F\u00f6rra \u00e5rets silvermedalj\u00f6r p\u00e5 junior-EM i tempo, Stina Kagevi, slog till med en femteplats f\u00f6rsta \u00e5ret i U23-klassen. Caroline Andersson slutade 19:e i damelit och Anna S\u00f6derqvist p\u00e5 plats 14 i juniorklassen. Stabilt var ordet.<\/strong><\/p>\n<a href=\"https:\/\/scf.se\/landsvag\/wp-content\/uploads\/sites\/5\/2024\/09\/jakobTEmpo2.jpg\"><img loading=\"lazy\" decoding=\"async\" class=\"alignnone size-full wp-image-5793\" src=\"https:\/\/scf.se\/landsvag\/wp-content\/uploads\/sites\/5\/2024\/09\/jakobTEmpo2.jpg\" alt=\"\" width=\"932\" height=\"911\" srcset=\"https:\/\/scf.se\/landsvag\/wp-content\/uploads\/sites\/5\/2024\/09\/jakobTEmpo2.jpg 932w, https:\/\/scf.se\/landsvag\/wp-content\/uploads\/sites\/5\/2024\/09\/jakobTEmpo2-300x293.jpg 300w, https:\/\/scf.se\/landsvag\/wp-content\/uploads\/sites\/5\/2024\/09\/jakobTEmpo2-768x751.jpg 768w\" sizes=\"auto, (max-width: 932px) 100vw, 932px\" \/><\/a>\n<p>Jakob S\u00f6derqvist tillh\u00f6rde en ganska stor skara medaljfavoriter p\u00e5 tempo-EM f\u00f6r U23-cyklister i Limburg, som ligger i Flandern. \u00a0S\u00f6derqvist slog igenom internationellt i disciplinen under VM i Glasgow s\u00e5 sent som f\u00f6rra h\u00f6sten d\u00e5 han var sjua p\u00e5 en cykel som hade blivit hopplockad i en hast innan m\u00e4sterskapet. Sedan dess har han gjort m\u00e5nga fina resultat i tempo, b\u00e5de i Lidl-Trek Future Racing och landslaget.<\/p>\n<p>Och den d\u00e4r \u00f6kade rutinen m\u00e4rktes vid loppuppl\u00e4gget p\u00e5 U23-EM. Vid den f\u00f6rsta splitten efter tio kilometer var han bra med men en bit fr\u00e5n en pallplats. Sedan gick det ruggigt fort fram till andra mellantiden d\u00e4r bara segrande belgaren Alec Segaert var snabbare \u00e4n Jakob S\u00f6derqvist, som nu var uppe p\u00e5 tredjeplatsen. Och i m\u00e5l var han allts\u00e5 tv\u00e5a efter en kamp mot den nederl\u00e4ndske cyklisten Wessel Mouris om silvret.<\/p>\n<a href=\"https:\/\/scf.se\/landsvag\/wp-content\/uploads\/sites\/5\/2024\/09\/jakobTEmpo1.jpg\"><img loading=\"lazy\" decoding=\"async\" class=\"alignnone size-full wp-image-5794\" src=\"https:\/\/scf.se\/landsvag\/wp-content\/uploads\/sites\/5\/2024\/09\/jakobTEmpo1.jpg\" alt=\"\" width=\"1011\" height=\"773\" srcset=\"https:\/\/scf.se\/landsvag\/wp-content\/uploads\/sites\/5\/2024\/09\/jakobTEmpo1.jpg 1011w, https:\/\/scf.se\/landsvag\/wp-content\/uploads\/sites\/5\/2024\/09\/jakobTEmpo1-300x229.jpg 300w, https:\/\/scf.se\/landsvag\/wp-content\/uploads\/sites\/5\/2024\/09\/jakobTEmpo1-768x587.jpg 768w\" sizes=\"auto, (max-width: 1011px) 100vw, 1011px\" \/><\/a>\n<blockquote><p>\u201dHan k\u00f6r bara s\u00e5 j\u00e4kligt bra, Jakob. En v\u00e4ldigt kontrollerad inledning f\u00f6r att sedan \u00f6ppna upp till full gas. Och det gick ju extremt fort och bra f\u00f6r Jakob i dag. Belgaren Alec Segaert \u00e4r en extremt bra tempocyklist, men de andra hade ju inte mycket till chans till sist. V\u00e4ldigt bra genomf\u00f6rt, v\u00e4ldigt fort genom kurvor, v\u00e4ldigt v\u00e4lpacat. All heder till Jakob, han gjorde det v\u00e4ldigt bra. Vi f\u00e5r lyfta p\u00e5 hatten helt enkelt \u2013 och fira ett svenskt silver\u201d, s\u00e4ger Alexander Wetterhall som var den som danna i bilen och coachade Jakob.<\/p><\/blockquote>\n<p>Det var 31,3 kilometer som avverkades s\u00e5 Jakob snittade n\u00e4stan 53 kilometer i timmen &#8211; med en \u201dmjukstart\u201d. Oj, vad fort det gick p\u00e5 andra halvan! Okej, att det var n\u00e5gra timmar mellan loppen s\u00e5 f\u00f6rh\u00e5llandena \u00e4r inte samma, men bronsmedalj\u00f6ren i herrelitens tempo, italienaren Mattia Cattaneo, cyklade under tv\u00e5 sekunder snabbare \u00e4n Jakob.<\/p>\n<p>S\u00f6derqvist hade femte b\u00e4sta tid totalt och&#8230;visst ska det adderas ytterligare n\u00e5gra starka namn men synd att Sverige inte hade en kvotplats i tempo p\u00e5 OS. Nu kommer det fler m\u00e4starskap, som U23-VM i Schweiz.<\/p>\n<h2><a href=\"https:\/\/scf.se\/landsvag\/wp-content\/uploads\/sites\/5\/2024\/09\/Jakob-medalj.jpg\"><img loading=\"lazy\" decoding=\"async\" class=\"alignnone size-full wp-image-5797\" src=\"https:\/\/scf.se\/landsvag\/wp-content\/uploads\/sites\/5\/2024\/09\/Jakob-medalj.jpg\" alt=\"\" width=\"373\" height=\"444\" srcset=\"https:\/\/scf.se\/landsvag\/wp-content\/uploads\/sites\/5\/2024\/09\/Jakob-medalj.jpg 373w, https:\/\/scf.se\/landsvag\/wp-content\/uploads\/sites\/5\/2024\/09\/Jakob-medalj-252x300.jpg 252w\" sizes=\"auto, (max-width: 373px) 100vw, 373px\" \/><\/a><\/h2>\n<h2><strong>EM i tempo herrar U23<\/strong><\/h2>\n<ul>\n<li>1 <strong>Alec Segaert<\/strong>, Belgien 35.06,33<\/li>\n<li>2 <strong>Jakob S\u00f6derqvist<\/strong>, Sverige +30,82<\/li>\n<li>3 <strong>Wessel Mouris<\/strong>, Nederl\u00e4nderna +34,56<\/li>\n<li>4 <strong>Robin Orins<\/strong>, Belgien +57,58<\/li>\n<li>5 <strong>Fabian Weiss<\/strong>, Schweiz +1.18,93<\/li>\n<li>6 <strong>Aivaras Mikutis<\/strong>, Litauen +1.27,73<\/li>\n<\/ul>\n<p>&nbsp;<\/p>\n<a href=\"https:\/\/scf.se\/landsvag\/wp-content\/uploads\/sites\/5\/2024\/09\/StinaGenre.jpg\"><img loading=\"lazy\" decoding=\"async\" class=\"alignnone size-full wp-image-5774\" src=\"https:\/\/scf.se\/landsvag\/wp-content\/uploads\/sites\/5\/2024\/09\/StinaGenre.jpg\" alt=\"\" width=\"1011\" height=\"710\" srcset=\"https:\/\/scf.se\/landsvag\/wp-content\/uploads\/sites\/5\/2024\/09\/StinaGenre.jpg 1011w, https:\/\/scf.se\/landsvag\/wp-content\/uploads\/sites\/5\/2024\/09\/StinaGenre-300x211.jpg 300w, https:\/\/scf.se\/landsvag\/wp-content\/uploads\/sites\/5\/2024\/09\/StinaGenre-768x539.jpg 768w\" sizes=\"auto, (max-width: 1011px) 100vw, 1011px\" \/><\/a>\n<p>Stina Kagevi, som g\u00f6r f\u00f6rsta \u00e5ret i U23-klassen, gjorde en mycket intressant start. Vid f\u00f6rra \u00e5rets junior-EM, som d\u00e5 var i Nederl\u00e4nderna, startade Stina Kagevi tidigt och blev tv\u00e5a i tempoloppet. Silver-Stina har sedan dess etablerat sig i grenen under \u00e5ret i norska Team Coop-Repsol.<\/p>\n<p>Det var en mastig banl\u00e4ngd p\u00e5 31,3 kilometer d\u00e4r Kagevi snittade p\u00e5 45,2 kilometer i timmen. Det var ruggigt j\u00e4mnt om medaljerna bakom den finl\u00e4ndska guldmedalj\u00f6ren Anniina Ahtosalo. Stina var definitivt med i medaljkampen \u00e4nda in i kaklet. Hon hade en av loppets starkaste sekvenser upp mot 20 kilometer d\u00e5 hon var fyra, med tre sekunder b\u00e5de upp till tredjeplatsen och ner till femte.<\/p>\n<blockquote><p>&#8221;Nu var det Lucas (Persson f\u00f6rbundskaptenen) som k\u00f6rde bakom Stina i hennes lopp. Men enligt rapporterna ett mycket bra genomf\u00f6rt lopp, speciellt andra halvan&#8221;, s\u00e4ger assisterande f\u00f6rbundskaptenen Alexander Wetterhall.<\/p><\/blockquote>\n<p>Stina adderade en stabil avslutning och slutade allts\u00e5 femma i ett tempolopp som s\u00e5g ut s\u00e5 h\u00e4r i siffror.<\/p>\n<h2><strong>EM i tempo damer U23<\/strong><\/h2>\n<ul>\n<li>1 <strong>Anniina Ahtosalo<\/strong>, Finland 40.54,78<\/li>\n<li>2 <strong>Antonia Niedermaier<\/strong>, Tyskland +29,09<\/li>\n<li>3 <strong>Marie Schreiber<\/strong>, Luxemburg +31,96<\/li>\n<li>4 <strong>Jasmin Liechti<\/strong>, Schweiz +34,64<\/li>\n<li>5 <strong>Stina Kagevi<\/strong>, Sverige +37,66<\/li>\n<li>6 <strong>Nienke Vinke<\/strong>, Nederl\u00e4nderna +38,10<\/li>\n<\/ul>\n<p>Damelitens lopp var ett statement vem som \u00e4r v\u00e4rldens b\u00e4sta landsv\u00e4gscyklist p\u00e5 damsidan, om nu n\u00e5gon hade tvivlat att det \u00e4r Lotte Kopecky. Inte bara det att belgiska vann sin f\u00f6rsta stora titel \u00e4ven i tempo. Nederl\u00e4ndernas Ellen van Dijk, som har tre VM-guld i disciplinen varav b\u00e5de 2021 och 2022, var den enda som h\u00f6ll marginalen upp till hemmastj\u00e4rnan, som blir extremt sv\u00e5rslagen \u00e4ven p\u00e5 l\u00f6rdagens linje, under minuten.<\/p>\n<p>Det var en bra dag f\u00f6r hela den svenska kvartetten p\u00e5 tempocyklarna. Caroline Andersson \u00e4r vassare p\u00e5 linje men k\u00f6rde \u00e4nd\u00e5 igenom ett stabilt linjelopp. OS-cyklisten i just linjelopp slutade p\u00e5 plats 19 av de 27 som fullf\u00f6ljde damelitens tempo, som slutade s\u00e5 h\u00e4r:<\/p>\n<h2><strong>EM i tempo damer elit<\/strong><\/h2>\n<ul>\n<li>1 <strong>Lotte Kopecky<\/strong>, Belgien 39.00,79<\/li>\n<li>2 <strong>Ellen van Dijk<\/strong>, Nederl\u00e4nderna +43,60<\/li>\n<li>3 <strong>Christina Schweinberger<\/strong>, \u00d6sterrike +1.02,97<\/li>\n<li>4 <strong>Riejanne Markus<\/strong>, Nederl\u00e4nderna +1.04,98<\/li>\n<li>5 <strong>Vittoria Guazzini<\/strong>, Italien +1.08,93<\/li>\n<li>6 <strong>Katrine Aalerud<\/strong>, Norge +1.24,50<\/li>\n<li>19 <strong>Caroline Andersson<\/strong>, Sverige +3.34,87<\/li>\n<\/ul>\n<p>Damjuniorerna hade en ganska kort bana p\u00e5 13,3 kilometer s\u00e5 fullt bl\u00e5s fr\u00e5n start till m\u00e5l med andra ord. Anna S\u00f6derqvist gjorde det bra och gick in p\u00e5 14:e plats bland de 46 anm\u00e4lda.<\/p>\n<h2><strong>EM i tempo damjunior\u00a0<\/strong><\/h2>\n<ul>\n<li>1 <strong>Fee Knaven<\/strong>, Nederl\u00e4nderna 17.53,70<\/li>\n<li>2 <strong>Vikt\u00f3ria Chlado\u0148ov\u00e1<\/strong>, Slovakien +10,81<\/li>\n<li>3 <strong>Kamilla Aaseb\u00f8<\/strong>, Norge +20,90<\/li>\n<li>4 <strong>Megan Arens<\/strong>, Nederl\u00e4nderna +35,33<\/li>\n<li>5 <strong>Gwen Nothum<\/strong>, Luxemburg +43,39<\/li>\n<li>6 <strong>Nela Ka\u0148kovsk\u00e1<\/strong>, Tjeckien +45,04<\/li>\n<li>14 <strong>Anna S\u00f6derqvist<\/strong>, Sverige +1.04,29<\/li>\n<\/ul>\n<p>I herrjuniorloppet var det meningen att Gustav Magnusson skulle k\u00f6ra, men han kunde inte komma till start. Tjecken Pavel Sumpik stod i en klass f\u00f6r sig.<\/p>\n<p>I l\u00e5nghelgen som kommer \u00e4r det sedan dags f\u00f6r EM-linjeloppen d\u00e4r vi har flera mycket intressanta cyklister i ett starkt och brett lag.<\/p>\n<p>N\u00e5gra exempel. U23-damerna Stina Kagevi och Karin S\u00f6derqvist (bilden), v\u00e5rt som vanligt starka U23-landslag p\u00e5 herrsidan med exempelvis Jakob S\u00f6derqvist och Edvin Lovidius. Spurtaren Linus Larsson (bilden) p\u00e5 juniorsidan i ett i \u00e5r allt starkare herrjuniorlag.<\/p>\n<p>Vi har ett intressant damelitlag p\u00e5 plats med spurtaren Emilia Fahlin och \u00e5kstarkt i \u00f6vrigt, d\u00e4r Caroline Andersson gjorde ett s\u00e5 fint OS-lopp som med lite stolpe in p\u00e5 cityvarvet inf\u00f6r en galet entusiastisk publik hade kunnat bli ensiffrigt. En kul detalj i damelitlaget \u00e4r att Mika S\u00f6derstr\u00f6m (bilden) kommer direkt fr\u00e5n en mycket stark VM-semi i E-cycling d\u00e4r hon \u00e4r en v\u00e4rldsstj\u00e4rna. Ja, s\u00e5 h\u00e4r k\u00f6r svenskarna linjeloppen fredag\u2013s\u00f6ndag. Intressant!<\/p>\n<h2>S\u00e5 k\u00f6r svenskarna i EM-linjeloppen<\/h2>\n<h3><a href=\"https:\/\/scf.se\/landsvag\/wp-content\/uploads\/sites\/5\/2024\/04\/wSON04709.jpg\"><img loading=\"lazy\" decoding=\"async\" class=\"alignnone size-full wp-image-5131\" src=\"https:\/\/scf.se\/landsvag\/wp-content\/uploads\/sites\/5\/2024\/04\/wSON04709.jpg\" alt=\"\" width=\"2100\" height=\"1401\" srcset=\"https:\/\/scf.se\/landsvag\/wp-content\/uploads\/sites\/5\/2024\/04\/wSON04709.jpg 2100w, https:\/\/scf.se\/landsvag\/wp-content\/uploads\/sites\/5\/2024\/04\/wSON04709-300x200.jpg 300w, https:\/\/scf.se\/landsvag\/wp-content\/uploads\/sites\/5\/2024\/04\/wSON04709-1024x683.jpg 1024w, https:\/\/scf.se\/landsvag\/wp-content\/uploads\/sites\/5\/2024\/04\/wSON04709-768x512.jpg 768w, https:\/\/scf.se\/landsvag\/wp-content\/uploads\/sites\/5\/2024\/04\/wSON04709-1536x1025.jpg 1536w, https:\/\/scf.se\/landsvag\/wp-content\/uploads\/sites\/5\/2024\/04\/wSON04709-2048x1366.jpg 2048w\" sizes=\"auto, (max-width: 2100px) 100vw, 2100px\" \/><\/a><\/h3>\n<h3><strong>Fredag 13 september<\/strong><\/h3>\n<ul>\n<li><strong>09.00\u201311.45<\/strong>: Damer U23 Linjelopp, 101,4 kilometer.<br \/>\nHeusden-Zolder\u2013Hasselt + 5 varv p\u00e5 Hasselt-banan.<br \/>\nSvenskar: <strong>Stina Kagevi<\/strong>, <strong>Karin S\u00f6derqvist.<\/strong><\/li>\n<li><strong>13.30\u201317.30<\/strong>: Herrar U23 Linjelopp, 162,0 kilometer.<br \/>\nHeusden-Zolder\u2013Hasselt + 1,5 varv p\u00e5 Hasselt-banan + 2 varv p\u00e5 Limburg-banan + 1,5 varv p\u00e5 Hasselt-banan.<br \/>\nSvenskar: <strong>Jakob S\u00f6derqvist<\/strong>, <strong>Edvin Lovidius<\/strong>, <strong>Carl Kagevi<\/strong>, <strong>Ville Merl\u00f6v.<\/strong><\/li>\n<\/ul>\n<h3><a href=\"https:\/\/scf.se\/landsvag\/wp-content\/uploads\/sites\/5\/2024\/05\/IMG_4464-1-2048x2038-1.jpg\"><img loading=\"lazy\" decoding=\"async\" class=\"alignnone size-full wp-image-5339\" src=\"https:\/\/scf.se\/landsvag\/wp-content\/uploads\/sites\/5\/2024\/05\/IMG_4464-1-2048x2038-1.jpg\" alt=\"\" width=\"1701\" height=\"1173\" srcset=\"https:\/\/scf.se\/landsvag\/wp-content\/uploads\/sites\/5\/2024\/05\/IMG_4464-1-2048x2038-1.jpg 1701w, https:\/\/scf.se\/landsvag\/wp-content\/uploads\/sites\/5\/2024\/05\/IMG_4464-1-2048x2038-1-300x207.jpg 300w, https:\/\/scf.se\/landsvag\/wp-content\/uploads\/sites\/5\/2024\/05\/IMG_4464-1-2048x2038-1-1024x706.jpg 1024w, https:\/\/scf.se\/landsvag\/wp-content\/uploads\/sites\/5\/2024\/05\/IMG_4464-1-2048x2038-1-768x530.jpg 768w, https:\/\/scf.se\/landsvag\/wp-content\/uploads\/sites\/5\/2024\/05\/IMG_4464-1-2048x2038-1-1536x1059.jpg 1536w\" sizes=\"auto, (max-width: 1701px) 100vw, 1701px\" \/><\/a><\/h3>\n<h3><strong>L\u00f6rdag 14 september<\/strong><\/h3>\n<ul>\n<li><strong>09.00\u201312.15<\/strong>: Herrar Junior Linjelopp, 129,7 kilometer.<br \/>\nHeusden-Zolder\u2013Hasselt + 1,5 varv p\u00e5 Hasselt-banan + 1 varv p\u00e5 Limburg-banan + 1,5 varv p\u00e5 Hasselt-banan.<br \/>\nSvenskar: <strong>Linus Larsson<\/strong>, <strong>Gustav Magnusson<\/strong>, <strong>Joel Mellby<\/strong>, <strong>Vilgot Reinhold.<\/strong><\/li>\n<li><strong>13.30\u201317.30<\/strong>: Damer Elit Linjelopp, 162,0 kilometer.<br \/>\nHeusden-Zolder\u2013Hasselt + 1,5 varv p\u00e5 Hasselt-banan + 2 varv p\u00e5 Limburg-banan + 1,5 varv p\u00e5 Hasselt-banan.<br \/>\nSvenskar: <strong>Emilia Fahlin<\/strong>, <strong>Julia Borgstr\u00f6m<\/strong>, <strong>Caroline Andersson<\/strong>, <strong>Mika S\u00f6derstr\u00f6m.<\/strong><\/li>\n<\/ul>\n<a href=\"https:\/\/scf.se\/landsvag\/wp-content\/uploads\/sites\/5\/2024\/04\/wSON03762.jpg\"><img loading=\"lazy\" decoding=\"async\" class=\"alignnone size-full wp-image-5115\" src=\"https:\/\/scf.se\/landsvag\/wp-content\/uploads\/sites\/5\/2024\/04\/wSON03762.jpg\" alt=\"\" width=\"2100\" height=\"1401\" srcset=\"https:\/\/scf.se\/landsvag\/wp-content\/uploads\/sites\/5\/2024\/04\/wSON03762.jpg 2100w, https:\/\/scf.se\/landsvag\/wp-content\/uploads\/sites\/5\/2024\/04\/wSON03762-300x200.jpg 300w, https:\/\/scf.se\/landsvag\/wp-content\/uploads\/sites\/5\/2024\/04\/wSON03762-1024x683.jpg 1024w, https:\/\/scf.se\/landsvag\/wp-content\/uploads\/sites\/5\/2024\/04\/wSON03762-768x512.jpg 768w, https:\/\/scf.se\/landsvag\/wp-content\/uploads\/sites\/5\/2024\/04\/wSON03762-1536x1025.jpg 1536w, https:\/\/scf.se\/landsvag\/wp-content\/uploads\/sites\/5\/2024\/04\/wSON03762-2048x1366.jpg 2048w\" sizes=\"auto, (max-width: 2100px) 100vw, 2100px\" \/><\/a>\n<h3><strong>S\u00f6ndag 15 september<\/strong><\/h3>\n<ul>\n<li><strong>09.00\u201311.10<\/strong>: Damer Junior Linjelopp, 72,9 kilometer.<br \/>\nHeusden-Zolder\u2013Hasselt + 3 varv p\u00e5 Hasselt-banan.<br \/>\nSvensk: <strong>Anna S\u00f6derqvist.<\/strong><\/li>\n<li><strong>12.30\u201317.50<\/strong>: Herrar Elit Linjelopp, 222,8 kilometer.<br \/>\nHeusden-Zolder\u2013Hasselt + 3,5 varv p\u00e5 Hasselt-banan + 3 varv p\u00e5 Limburg-banan + 1,5 varv p\u00e5 Hasselt-banan.<br \/>\nSvensk: <strong>Jacob Eriksson.<\/strong><\/li>\n<\/ul>\n<h3><a href=\"https:\/\/www.uec.ch\/en\/event\/217\/2024-uec-road-european-championships\"><strong><em>L\u00e4s mycket mera om \u00e5rets EM i landsv\u00e4g och l\u00f6pande liveresultat h\u00e4r p\u00e5 UEC:s hemsida!<\/em><\/strong><\/a><\/h3>\n<p><em>Text: Tomas Larsson\/ SCF<br \/>\n<\/em><em>Foto: UEC \/ <\/em>Sprint Cycling Agency<\/p>\n<hr \/>\n<a href=\"https:\/\/scf.se\/forbundet\/hjalp-oss-sprida-ny-digital-broschyr-om-motionslicensens-fordelar\/\"><img loading=\"lazy\" decoding=\"async\" class=\"alignnone size-full wp-image-7197\" src=\"https:\/\/scf.se\/forbundet\/wp-content\/uploads\/sites\/9\/2024\/03\/Kop-licens-cykelmagasinet4.jpg\" alt=\"\" width=\"2000\" height=\"655\" \/><\/a>\n<p>&nbsp;<\/p>\n","protected":false},"excerpt":{"rendered":"<p>P\u00e5 onsdagen kickstartade EM i belgiska Limburg f\u00f6r de fyra svenskar som k\u00f6rde tempo \u00a0\u2013 och de gjorde det bra! Jakob S\u00f6derqvist var medaljkandidat p\u00e5 f\u00f6rhand och han levererade ett silver p\u00e5 U23-EM i tempo. Snacka om att han g\u00e5r fr\u00e5n klarhet till klarhet i den tuffa specialdisciplinen d\u00e4r hans tid och snitthastighet p\u00e5<a href=\"https:\/\/scf.se\/landsvag\/starkt-silver-for-jakob-pa-tempo-em-kagevi-fixade-femteplats-i-succe\/\" class=\"news-card__more\"> &#8230;<\/a><\/p>\n","protected":false},"author":41,"featured_media":5774,"comment_status":"open","ping_status":"open","sticky":false,"template":"","format":"standard","meta":{"_acf_changed":false,"footnotes":""},"categories":[1],"tags":[],"class_list":["post-5770","post","type-post","status-publish","format-standard","hentry","category-landsvag"],"acf":[],"_links":{"self":[{"href":"https:\/\/scf.se\/landsvag\/wp-json\/wp\/v2\/posts\/5770","targetHints":{"allow":["GET"]}}],"collection":[{"href":"https:\/\/scf.se\/landsvag\/wp-json\/wp\/v2\/posts"}],"about":[{"href":"https:\/\/scf.se\/landsvag\/wp-json\/wp\/v2\/types\/post"}],"author":[{"embeddable":true,"href":"https:\/\/scf.se\/landsvag\/wp-json\/wp\/v2\/users\/41"}],"replies":[{"embeddable":true,"href":"https:\/\/scf.se\/landsvag\/wp-json\/wp\/v2\/comments?post=5770"}],"version-history":[{"count":27,"href":"https:\/\/scf.se\/landsvag\/wp-json\/wp\/v2\/posts\/5770\/revisions"}],"predecessor-version":[{"id":5804,"href":"https:\/\/scf.se\/landsvag\/wp-json\/wp\/v2\/posts\/5770\/revisions\/5804"}],"wp:featuredmedia":[{"embeddable":true,"href":"https:\/\/scf.se\/landsvag\/wp-json\/wp\/v2\/media\/5774"}],"wp:attachment":[{"href":"https:\/\/scf.se\/landsvag\/wp-json\/wp\/v2\/media?parent=5770"}],"wp:term":[{"taxonomy":"category","embeddable":true,"href":"https:\/\/scf.se\/landsvag\/wp-json\/wp\/v2\/categories?post=5770"},{"taxonomy":"post_tag","embeddable":true,"href":"https:\/\/scf.se\/landsvag\/wp-json\/wp\/v2\/tags?post=5770"}],"curies":[{"name":"wp","href":"https:\/\/api.w.org\/{rel}","templated":true}]}}