
{"id":5747,"date":"2024-09-10T14:19:54","date_gmt":"2024-09-10T12:19:54","guid":{"rendered":"https:\/\/scf.se\/landsvag\/?p=5747"},"modified":"2024-09-10T14:51:11","modified_gmt":"2024-09-10T12:51:11","slug":"utslagsgivande-banor-i-soderasens-linje-avslutade-arets-swe-cup","status":"publish","type":"post","link":"https:\/\/scf.se\/landsvag\/utslagsgivande-banor-i-soderasens-linje-avslutade-arets-swe-cup\/","title":{"rendered":"Utslagsgivande banor i S\u00f6der\u00e5sens linje avslutade \u00e5rets SWE Cup ABC"},"content":{"rendered":"<p><strong>S\u00f6der\u00e5sens linje med avslutningen av SWE Cup bj\u00f6d p\u00e5 en j\u00e4ttefin och tuff bana \u2013 varav sex kilometer kuperad grusv\u00e4g Allra starkast f\u00f6r dagen var i herrar A Ville Merl\u00f6v i ett vasst Motalalag, damer A Karin S\u00f6derqvist och herrar B Vilgot Reinhold. I SWE Cup-totalen segrade v\u00e4lf\u00f6rtj\u00e4nt Hugo Forssell, Mika S\u00f6derstr\u00f6m och Gustav Magnusson i dessa klasser. I lagt\u00e4vlingarna segrade Motala AIF Serneke Allebike i herr A, Stockholm CK i damer A och J\u00f6nk\u00f6pings CK i herr B. <\/strong><strong>Alla \u00f6vriga resultat nedan!<\/strong><\/p>\n<blockquote><p>&#8221;Det blev en brutal h\u00e5rd t\u00e4vling, backen \u00f6ver \u00e5sen \u00e4r tuff och grusv\u00e4gen i sig \u00e4r tuff. KUL\u00a0 alla fall med med en fin grusv\u00e4g och en h\u00e5rd bana. Det var inte mer en n\u00e5got enstaka parti med kantvind dock, s\u00e5 det blev en fin utslagsgivande avslutningst\u00e4vling i \u00e5rets SWE Cup&#8221;, s\u00e4ger Lucas Persson i rollen som t\u00e4vlingsansvarig.<\/p><\/blockquote>\n<p>Innan avf\u00e4rden till EM hann han ocks\u00e5 kolla l\u00e4get i t\u00e4vlingsklasserna i sin andra roll som f\u00f6rbundskapten, f\u00f6rst ut herrar B-klassen p\u00e5 morgonen.<\/p>\n<blockquote><p>&#8221;Det var ett fint lopp med en utbrytning d\u00e4r till sist Vilgot Reinhold och Joel Mellby (totaltv\u00e5a i SWE Cup) gjorde upp om det. Vilgot f\u00f6re Mellby vann den uppg\u00f6relsen&#8221;, s\u00e4ger Lucas.<\/p><\/blockquote>\n<p>\u00c4ven efterf\u00f6ljande damer A f\u00f6ljde han. D\u00e4r var m\u00e5nga upptagna med andra t\u00e4vlingar, exempelvis kvalade redan klara totalvinnare I SWE Cup landsv\u00e4g Mika S\u00f6derstr\u00f6m till VM-finalen i E.cycling med marginal.<\/p>\n<blockquote><p>&#8221;Ja det var lite f\u00e4rre damer \u00e4n normalt och det sprack upp p\u00e5 den tuffa banan. Karin (S\u00f6derqvist) k\u00f6rde riktigt bra d\u00e4r n\u00e4r hon till sist lyckades k\u00f6ra ifr\u00e5n Ebba (Granqvist) i backen d\u00e4r och vinna&#8221;, s\u00e4ger Lucas Persson.<\/p><\/blockquote>\n<p>Carl Borg, CK Ringen, vann herrar C och i damer B var det tyv\u00e4rr en ensam deltagare men Julia Lindstr\u00f6m, \u00c5storps CK, gjorde ett fint lopp,<\/p>\n<p>Sist men inte minst herrar A-uppg\u00f6relsen d\u00e4r tre \u00e5kstarka Motalacyklister gick loss och alla fick kliva upp p\u00e5 pallen. H\u00f6gst upp Ville Merl\u00f6v, som direkt ska vidare till U23-EM. Han har starkast avslutning och levererade i sitt och Motalas nya U23-m\u00e4starkit. Tv\u00e5a Colin Ossiansson och s\u00e5 slitstarke<br \/>\nAlbin St\u00e5lberg, som gjorde ett stort jobb i U23-landslaget i flera etapplopp f\u00f6rra s\u00e4songen, p\u00e5 tredjeplatsen.<\/p>\n<blockquote><p>&#8221;Det var ett h\u00e5rt lopp d\u00e4r precis som de \u00f6vriga klasserna banan gjorde sitt till f\u00f6r att det sprack upp. D\u00e5 hade det ocks\u00e5 hunnit bli ganska varmt.\u00a0 Jag stod i backen och tittade p\u00e5 n\u00e4st sista varvet och det var v\u00e4ldigt m\u00e5nga av dem som hade krispiga ben d\u00e4r, s\u00e4ger Lucas som som sagt var v\u00e4ldigt n\u00f6jd med avslutningsarrangemanget.<\/p><\/blockquote>\n<blockquote><p>&#8221;Kul t\u00e4vling! Det var bra arrangerat. Synd att deltagandet alltid sviktar p\u00e5 h\u00f6sten (100 anm\u00e4lda, v\u00e5r anm\u00e4krning). Vi f\u00e5r ta nya tag till n\u00e4sta s\u00e4song f\u00f6r att f\u00e5 fler att k\u00f6ra landsv\u00e4gst\u00e4vlingar.&#8221;<\/p><\/blockquote>\n<h2><strong>SWE Cup-avslutningen S\u00f6der\u00e5sen<\/strong><\/h2>\n<h3><a href=\"https:\/\/scf.se\/landsvag\/wp-content\/uploads\/sites\/5\/2024\/09\/Pallbilder-Soderasen.jpg\"><img loading=\"lazy\" decoding=\"async\" class=\"alignnone size-full wp-image-5758\" src=\"https:\/\/scf.se\/landsvag\/wp-content\/uploads\/sites\/5\/2024\/09\/Pallbilder-Soderasen.jpg\" alt=\"\" width=\"601\" height=\"480\" srcset=\"https:\/\/scf.se\/landsvag\/wp-content\/uploads\/sites\/5\/2024\/09\/Pallbilder-Soderasen.jpg 601w, https:\/\/scf.se\/landsvag\/wp-content\/uploads\/sites\/5\/2024\/09\/Pallbilder-Soderasen-300x240.jpg 300w\" sizes=\"auto, (max-width: 601px) 100vw, 601px\" \/><\/a><\/h3>\n<h3><strong>Herrar A<\/strong><\/h3>\n<ol>\n<li><strong>Ville Merl\u00f6v<\/strong>, Motala AIF Serneke Allebike, 3:28:19<\/li>\n<li><strong>Colin Ossiansson<\/strong>, Motala AIF Serneke Allebike, +0<\/li>\n<li><strong>Albin St\u00e5lberg<\/strong>, Motala AIF Serneke Allebike, +0<\/li>\n<li><strong>Oskar Persson<\/strong>, S\u00f6dert\u00e4lje CK, +3:09<\/li>\n<li><strong>Jacob Ahlsson<\/strong>, Motala AIF CK, +4:59<\/li>\n<li><strong>Viktor Lychou<\/strong>, S\u00f6dert\u00e4lje CK, +6:48<\/li>\n<\/ol>\n<a href=\"https:\/\/scf.se\/landsvag\/wp-content\/uploads\/sites\/5\/2024\/09\/Pallbilder-Soderasen-6.jpg\"><img loading=\"lazy\" decoding=\"async\" class=\"alignnone size-full wp-image-5753\" src=\"https:\/\/scf.se\/landsvag\/wp-content\/uploads\/sites\/5\/2024\/09\/Pallbilder-Soderasen-6.jpg\" alt=\"\" width=\"1384\" height=\"1386\" srcset=\"https:\/\/scf.se\/landsvag\/wp-content\/uploads\/sites\/5\/2024\/09\/Pallbilder-Soderasen-6.jpg 1384w, https:\/\/scf.se\/landsvag\/wp-content\/uploads\/sites\/5\/2024\/09\/Pallbilder-Soderasen-6-300x300.jpg 300w, https:\/\/scf.se\/landsvag\/wp-content\/uploads\/sites\/5\/2024\/09\/Pallbilder-Soderasen-6-1024x1024.jpg 1024w, https:\/\/scf.se\/landsvag\/wp-content\/uploads\/sites\/5\/2024\/09\/Pallbilder-Soderasen-6-150x150.jpg 150w, https:\/\/scf.se\/landsvag\/wp-content\/uploads\/sites\/5\/2024\/09\/Pallbilder-Soderasen-6-768x769.jpg 768w\" sizes=\"auto, (max-width: 1384px) 100vw, 1384px\" \/><\/a>\n<h3><strong>Damer A<\/strong><\/h3>\n<ol>\n<li><strong>Karin S\u00f6derqvist<\/strong>, Motala AIF CK, 2:25:25<\/li>\n<li><strong>Ebba Granqvist<\/strong>, Falu CK, +0:26<\/li>\n<li><strong>Linda Jacobsson<\/strong>, CK Master, +6:27<\/li>\n<li><strong>Caroline Sj\u00f6str\u00f6m<\/strong>, Herrljunga CK, +11:49<\/li>\n<li><strong>Anna Soderqvist<\/strong>, Team LeWa Sport, +16:45<\/li>\n<li><strong>Martina Nilsson<\/strong>, Bistro CC, +20:15<\/li>\n<\/ol>\n<a href=\"https:\/\/scf.se\/landsvag\/wp-content\/uploads\/sites\/5\/2024\/09\/Pallbilder-Soderasen-3.jpg\"><img loading=\"lazy\" decoding=\"async\" class=\"alignnone size-full wp-image-5756\" src=\"https:\/\/scf.se\/landsvag\/wp-content\/uploads\/sites\/5\/2024\/09\/Pallbilder-Soderasen-3.jpg\" alt=\"\" width=\"1370\" height=\"1441\" srcset=\"https:\/\/scf.se\/landsvag\/wp-content\/uploads\/sites\/5\/2024\/09\/Pallbilder-Soderasen-3.jpg 1370w, https:\/\/scf.se\/landsvag\/wp-content\/uploads\/sites\/5\/2024\/09\/Pallbilder-Soderasen-3-285x300.jpg 285w, https:\/\/scf.se\/landsvag\/wp-content\/uploads\/sites\/5\/2024\/09\/Pallbilder-Soderasen-3-974x1024.jpg 974w, https:\/\/scf.se\/landsvag\/wp-content\/uploads\/sites\/5\/2024\/09\/Pallbilder-Soderasen-3-768x808.jpg 768w\" sizes=\"auto, (max-width: 1370px) 100vw, 1370px\" \/><\/a>\n<h3><strong>Herrar B<\/strong><\/h3>\n<ol>\n<li><strong>Vilgot Reinhold<\/strong>, CK Ringen, 2:04:46<\/li>\n<li><strong>Joel Mellby<\/strong>, CK Master, +0<\/li>\n<li><strong>Anton Karlsson<\/strong>, Enk\u00f6pings CK, +0:20<\/li>\n<li><strong>Gustav Magnusson<\/strong>, J\u00f6nk\u00f6pings CK, +0:20<\/li>\n<li><strong>Emil Rydholm<\/strong>, J\u00f6nk\u00f6pings CK, +0:21<\/li>\n<li><strong>Elias Augustsson W\u00e4ndel<\/strong>, Uddevalla CK, +1:05<\/li>\n<\/ol>\n<h3><strong>Damer B<\/strong><\/h3>\n<ol>\n<li><strong>Julia Lindstr\u00f6m<\/strong>, \u00c5storps CK, 1:52:37<\/li>\n<\/ol>\n<h3><strong>Herrar C<\/strong><\/h3>\n<ol>\n<li><strong>Carl Borg<\/strong>, CK Ringen, 1:40:07<\/li>\n<li><strong>John Wid\u00e9n<\/strong>, Eskilstuna CK, +0<\/li>\n<li><strong>Sebastian Grass<\/strong>, CK Lunedi, +0<\/li>\n<li><strong>Axel Tufvesson<\/strong>, CK Lunedi, +0:01<\/li>\n<li><strong>Otto Bj\u00f6rnberg<\/strong>, F\u00f6rening Rocket Racing Sweden, +2:16<\/li>\n<li><strong>Anders Ekman<\/strong>, CK Lunedi, +4:48<\/li>\n<\/ol>\n<h3><a href=\"https:\/\/www.sportstiming.dk\/event\/14636\/results\/6431167\"><em>Alla resultat i SWE Cup-avslutningen hittar ni h\u00e4r!<\/em><\/a><\/h3>\n<p>N\u00e4r det g\u00e4ller SWE Cup-totalen kan man v\u00e4l s\u00e4g att det blev favoritbetonat till sist. I herrar A \u00e4r det oftast sp\u00e4nnande och s\u00e5 vinner CK Hymers Hugo Forssell det som i \u00e5r heter herrar A. F\u00f6rst klubbkompisen Marcus Wehlin och mot slutet av SWE Cup var det Viktor Lychou som n\u00e4rmast utmanade Forssell i \u00e5r.<\/p>\n<p>Motala var flitigare till start \u00f6ver \u00e5ret och \u00e4ven allt starkare vilket inte mint avslutningen indikerade, s\u00e5 seger lagt\u00e4vlingen till contilaget Motala AIF Serneke Allebike.<\/p>\n<p>P\u00e5 damsidan har det handlat mycket om Mika S\u00f6derstr\u00f6m och hennes klubb Stockholm CK. Mika har verkligen slagit igenom \u00e4ven med landsv\u00e4g utomhus i \u00e5r och finns med i EM-laget i Flandern h\u00e4rn\u00e4st.<\/p>\n<p>Ungef\u00e4r n\u00e4r Gustav Magnusson segrade p\u00e5 Nationaldagsloppet i en spurt i liten grupp som g\u00e5tt loss efter gott samarbete i J\u00f6nk\u00f6pingslaget s\u00e5 tog han greppet om \u00e5rets SWE Cup i herrar B n\u00e4r dessutom starka spurtaren Linus Larsson missade n\u00e5gon t\u00e4vling mera. \u00c4ven junioren Gustav tar sikte p\u00e5 EM h\u00e4rn\u00e4st.<\/p>\n<p>Klar seger i lagt\u00e4vlingen f\u00f6r hans J\u00f6nk\u00f6ping, n\u00e4rmast f\u00f6re CK Ringen som g\u00f6r en juniorsatsning.<\/p>\n<p>I damer B peakade intresset i Vallentuna p\u00e5 nationaldagen, men det blev i alla fall en SWE Cup 2024. D\u00e4r segrade Linda Tufvesson, Borl\u00e4nge CK, som inte kunde komma till start i avslutningen men t\u00e4vlade flitigt innan och vann den d\u00e4r t\u00e4vlingen p\u00e5 Nationaldagen n\u00e4r s\u00e5 m\u00e5nga var med. S\u00e5 h\u00e4r s\u00e5g det ut i SWE Cup-totalen 2024.<\/p>\n<h2><strong>SWE Cup 2024<\/strong><\/h2>\n<h3><a href=\"https:\/\/scf.se\/landsvag\/wp-content\/uploads\/sites\/5\/2024\/09\/Pallbilder-Soderasen-5.jpg\"><img loading=\"lazy\" decoding=\"async\" class=\"alignnone size-full wp-image-5754\" src=\"https:\/\/scf.se\/landsvag\/wp-content\/uploads\/sites\/5\/2024\/09\/Pallbilder-Soderasen-5.jpg\" alt=\"\" width=\"1268\" height=\"1280\" srcset=\"https:\/\/scf.se\/landsvag\/wp-content\/uploads\/sites\/5\/2024\/09\/Pallbilder-Soderasen-5.jpg 1268w, https:\/\/scf.se\/landsvag\/wp-content\/uploads\/sites\/5\/2024\/09\/Pallbilder-Soderasen-5-297x300.jpg 297w, https:\/\/scf.se\/landsvag\/wp-content\/uploads\/sites\/5\/2024\/09\/Pallbilder-Soderasen-5-1014x1024.jpg 1014w, https:\/\/scf.se\/landsvag\/wp-content\/uploads\/sites\/5\/2024\/09\/Pallbilder-Soderasen-5-150x150.jpg 150w, https:\/\/scf.se\/landsvag\/wp-content\/uploads\/sites\/5\/2024\/09\/Pallbilder-Soderasen-5-768x775.jpg 768w\" sizes=\"auto, (max-width: 1268px) 100vw, 1268px\" \/><\/a><\/h3>\n<h3><strong>Herrar A<\/strong><\/h3>\n<ol>\n<li><strong>Hugo Forssell<\/strong>, CK Hymer, 67 po\u00e4ng<\/li>\n<li><strong>Viktor Lychou<\/strong>, Team IBT-Tripeak, 61<\/li>\n<li><strong>Paul Greijus<\/strong>, Motala AIF Serneke Allebike, 45<\/li>\n<li><strong>Marcus Wehlin<\/strong>, CK Hymer, 44<\/li>\n<li><strong>Carl Kagevi<\/strong>, Team IBT-Tripeak, 43<\/li>\n<li><strong>Johan Lindvall<\/strong>, CK Ringen, 36<\/li>\n<li><strong>Jonathan Ahlsson<\/strong>, Motala AIF Serneke Allebike, 35<\/li>\n<li><strong>Oskar Persson<\/strong>, S\u00f6dert\u00e4lje CK, 34<\/li>\n<li><strong>Eric Pedersen<\/strong>, Motala AIF Serneke Allebike, 33<\/li>\n<li><strong>Lukas Vernersson<\/strong>, Motala AIF Serneke Allebike, 30<\/li>\n<\/ol>\n<h3><strong>Herrar A lagt\u00e4vling<\/strong><\/h3>\n<ol>\n<li><strong>Motala AIF Serneke Allebike<\/strong>, 207<\/li>\n<li><strong>CK Hymer<\/strong>, 125<\/li>\n<li><strong>Team IBT-Tripeak<\/strong>, 113<\/li>\n<li><strong>S\u00f6dert\u00e4lje CK<\/strong>, 81<\/li>\n<li><strong>Team Kjekkas<\/strong>, 35<\/li>\n<li><strong>M\u00f6lndals CK<\/strong>, 31<\/li>\n<\/ol>\n<a href=\"https:\/\/scf.se\/landsvag\/wp-content\/uploads\/sites\/5\/2024\/06\/Nationaldagsloppet4-1.jpeg\"><img loading=\"lazy\" decoding=\"async\" class=\"alignnone size-full wp-image-5355\" src=\"https:\/\/scf.se\/landsvag\/wp-content\/uploads\/sites\/5\/2024\/06\/Nationaldagsloppet4-1.jpeg\" alt=\"\" width=\"1280\" height=\"831\" srcset=\"https:\/\/scf.se\/landsvag\/wp-content\/uploads\/sites\/5\/2024\/06\/Nationaldagsloppet4-1.jpeg 1280w, https:\/\/scf.se\/landsvag\/wp-content\/uploads\/sites\/5\/2024\/06\/Nationaldagsloppet4-1-300x195.jpeg 300w, https:\/\/scf.se\/landsvag\/wp-content\/uploads\/sites\/5\/2024\/06\/Nationaldagsloppet4-1-1024x665.jpeg 1024w, https:\/\/scf.se\/landsvag\/wp-content\/uploads\/sites\/5\/2024\/06\/Nationaldagsloppet4-1-768x499.jpeg 768w\" sizes=\"auto, (max-width: 1280px) 100vw, 1280px\" \/><\/a>\n<h3><strong>Damer A\u00a0<\/strong><\/h3>\n<ol>\n<li><strong>Mika S\u00f6derstr\u00f6m<\/strong>, Stockholm CK, 100<\/li>\n<li><strong>Martina Nilsson<\/strong>, Bistro CC, 60<\/li>\n<li><strong>Ebba Granqvist<\/strong>, Falu CK, 55<\/li>\n<li><strong>Caroline Sj\u00f6str\u00f6m<\/strong>, Herrljunga CK, 50<\/li>\n<li><strong>Vera Vila\u00e7a<\/strong>, DAS-Hutchinson-Brother UK, 49<\/li>\n<li><strong>Nora Nyman<\/strong>, IK Trasten, 46<\/li>\n<li><strong>Maja Johansson<\/strong>, Stockholm CK, 40<\/li>\n<li><strong>Karin Pettersson<\/strong>, J\u00f6nk\u00f6pings CK, 34<\/li>\n<li><strong>Therese Fjord\u00e4ng<\/strong>, \u00d6rebrocyklisterna, 31<\/li>\n<li><strong>Linda Jacobsson<\/strong>, CK Master, 26<\/li>\n<\/ol>\n<h3><strong>Damer A lagt\u00e4vling<\/strong><\/h3>\n<ol>\n<li><strong>Stockholm CK<\/strong>, 80<\/li>\n<li><strong>Borl\u00e4nge CK<\/strong>, 25<\/li>\n<li><strong>Rendezvous CC<\/strong>, 21<\/li>\n<\/ol>\n<a href=\"https:\/\/scf.se\/landsvag\/wp-content\/uploads\/sites\/5\/2024\/09\/Pallbilder-Soderasen-2.jpg\"><img loading=\"lazy\" decoding=\"async\" class=\"alignnone size-full wp-image-5757\" src=\"https:\/\/scf.se\/landsvag\/wp-content\/uploads\/sites\/5\/2024\/09\/Pallbilder-Soderasen-2.jpg\" alt=\"\" width=\"1512\" height=\"1593\" srcset=\"https:\/\/scf.se\/landsvag\/wp-content\/uploads\/sites\/5\/2024\/09\/Pallbilder-Soderasen-2.jpg 1512w, https:\/\/scf.se\/landsvag\/wp-content\/uploads\/sites\/5\/2024\/09\/Pallbilder-Soderasen-2-285x300.jpg 285w, https:\/\/scf.se\/landsvag\/wp-content\/uploads\/sites\/5\/2024\/09\/Pallbilder-Soderasen-2-972x1024.jpg 972w, https:\/\/scf.se\/landsvag\/wp-content\/uploads\/sites\/5\/2024\/09\/Pallbilder-Soderasen-2-768x809.jpg 768w, https:\/\/scf.se\/landsvag\/wp-content\/uploads\/sites\/5\/2024\/09\/Pallbilder-Soderasen-2-1458x1536.jpg 1458w\" sizes=\"auto, (max-width: 1512px) 100vw, 1512px\" \/><\/a>\n<h3><strong>Herrar B<\/strong><\/h3>\n<ol>\n<li><strong>Gustav Magnusson<\/strong>, J\u00f6nk\u00f6pings CK, 92<\/li>\n<li><strong>Joel Mellby<\/strong>, CK Master, 79<\/li>\n<li><strong>Linus Larsson<\/strong>, Staffanstorp CK, 70<\/li>\n<li><strong>Gustav Enh\u00f6rning<\/strong>, \u00d6rebrocyklisterna, 52<\/li>\n<li><strong>Victor Hede\u00e5s<\/strong>, CK Ringen, 44<\/li>\n<li><strong>Vilgot Reinhold<\/strong>, CK Ringen, 35<\/li>\n<\/ol>\n<h3><strong>Herrar B lagt\u00e4vling<\/strong><\/h3>\n<ol>\n<li><strong>J\u00f6nk\u00f6pings CK<\/strong>, 159<\/li>\n<li><strong>CK Ringen<\/strong>, 79<\/li>\n<li><strong>CK Master<\/strong>, 61<\/li>\n<\/ol>\n<h3><strong>Damer B<\/strong><\/h3>\n<ol>\n<li><strong>Linda Tufvesson<\/strong>, Borl\u00e4nge CK, 110<\/li>\n<li><strong>Julia Lindstr\u00f6m<\/strong>, \u00c5storps CK, 61<\/li>\n<li><strong>Linnea Gunnarsson<\/strong>, \u00d6rebrocyklisterna, 45<\/li>\n<li><strong>Astrid L\u00f6fwing<\/strong>, Falk\u00f6pings CK, 25<\/li>\n<li><strong>Annika Stark<\/strong>, \u00d6stra Aros CK, 15<\/li>\n<li><strong>Emillia Gustafsson<\/strong>, CK W\u00e4nershof, 15<\/li>\n<\/ol>\n<h3><a href=\"https:\/\/scf.se\/landsvag\/wp-content\/uploads\/sites\/5\/2024\/09\/SwecupLVG2024.pdf\"><em>Alla resultat i SWE Cup-totalen hittar ni h\u00e4r!<\/em><\/a><\/h3>\n<p>De t\u00e4vlingsansvariga Lucas Persson och Alexander Wetterhall ska efter stundande internationella m\u00e4sterskap s\u00e4tta sig ner och summera SWE Cup ABC 2024 mera ing\u00e5ende.<\/p>\n<blockquote><p>&#8221;Det vi kan konstatera redan nu \u00e4r att herrar A och herrar B har fungerat; bra cykelt\u00e4vlingar med m\u00e5nga deltagande. D\u00e4r har SWE Cup ABC-modellen varit en bra modell. I \u00f6vrigt \u00e4r det lite olika. N\u00e5gon av de andra klasserna har vi redan nu lite snack om en f\u00f6r\u00e4ndring f\u00f6r att \u00f6ka intresset f\u00f6r att f\u00e5 flera att komma till cykelt\u00e4vlingar. Vi kommer g\u00f6ra en djupare analys och summera 2024 mera i detalj lite senare i h\u00f6st&#8221;, s\u00e4ger Lucas Persson.<\/p><\/blockquote>\n<p><em>Text: SCF<br \/>\nFoto: SCF och privat<\/em><\/p>\n<hr \/>\n<a href=\"https:\/\/scf.se\/forbundet\/hjalp-oss-sprida-ny-digital-broschyr-om-motionslicensens-fordelar\/\"><img loading=\"lazy\" decoding=\"async\" class=\"alignnone size-full wp-image-7197\" src=\"https:\/\/scf.se\/forbundet\/wp-content\/uploads\/sites\/9\/2024\/03\/Kop-licens-cykelmagasinet4.jpg\" alt=\"\" width=\"2000\" height=\"655\" \/><\/a>\n","protected":false},"excerpt":{"rendered":"<p>S\u00f6der\u00e5sens linje med avslutningen av SWE Cup bj\u00f6d p\u00e5 en j\u00e4ttefin och tuff bana \u2013 varav sex kilometer kuperad grusv\u00e4g Allra starkast f\u00f6r dagen var i herrar A Ville Merl\u00f6v i ett vasst Motalalag, damer A Karin S\u00f6derqvist och herrar B Vilgot Reinhold. I SWE Cup-totalen segrade v\u00e4lf\u00f6rtj\u00e4nt Hugo Forssell, Mika S\u00f6derstr\u00f6m och Gustav<a href=\"https:\/\/scf.se\/landsvag\/utslagsgivande-banor-i-soderasens-linje-avslutade-arets-swe-cup\/\" class=\"news-card__more\"> &#8230;<\/a><\/p>\n","protected":false},"author":41,"featured_media":5755,"comment_status":"open","ping_status":"open","sticky":false,"template":"","format":"standard","meta":{"_acf_changed":false,"footnotes":""},"categories":[1],"tags":[],"class_list":["post-5747","post","type-post","status-publish","format-standard","hentry","category-landsvag"],"acf":[],"_links":{"self":[{"href":"https:\/\/scf.se\/landsvag\/wp-json\/wp\/v2\/posts\/5747","targetHints":{"allow":["GET"]}}],"collection":[{"href":"https:\/\/scf.se\/landsvag\/wp-json\/wp\/v2\/posts"}],"about":[{"href":"https:\/\/scf.se\/landsvag\/wp-json\/wp\/v2\/types\/post"}],"author":[{"embeddable":true,"href":"https:\/\/scf.se\/landsvag\/wp-json\/wp\/v2\/users\/41"}],"replies":[{"embeddable":true,"href":"https:\/\/scf.se\/landsvag\/wp-json\/wp\/v2\/comments?post=5747"}],"version-history":[{"count":7,"href":"https:\/\/scf.se\/landsvag\/wp-json\/wp\/v2\/posts\/5747\/revisions"}],"predecessor-version":[{"id":5761,"href":"https:\/\/scf.se\/landsvag\/wp-json\/wp\/v2\/posts\/5747\/revisions\/5761"}],"wp:featuredmedia":[{"embeddable":true,"href":"https:\/\/scf.se\/landsvag\/wp-json\/wp\/v2\/media\/5755"}],"wp:attachment":[{"href":"https:\/\/scf.se\/landsvag\/wp-json\/wp\/v2\/media?parent=5747"}],"wp:term":[{"taxonomy":"category","embeddable":true,"href":"https:\/\/scf.se\/landsvag\/wp-json\/wp\/v2\/categories?post=5747"},{"taxonomy":"post_tag","embeddable":true,"href":"https:\/\/scf.se\/landsvag\/wp-json\/wp\/v2\/tags?post=5747"}],"curies":[{"name":"wp","href":"https:\/\/api.w.org\/{rel}","templated":true}]}}