
{"id":571,"date":"2016-04-20T18:58:22","date_gmt":"2016-04-20T16:58:22","guid":{"rendered":"http:\/\/scf.se\/landsvag\/?p=571"},"modified":"2016-04-20T18:59:06","modified_gmt":"2016-04-20T16:59:06","slug":"ny-topplacering-for-emma-i-varldstouren","status":"publish","type":"post","link":"https:\/\/scf.se\/landsvag\/ny-topplacering-for-emma-i-varldstouren\/","title":{"rendered":"Ny topplacering f\u00f6r Emma i v\u00e4rldstouren"},"content":{"rendered":"<p>Segern i Baskien Runt i helgen tog ordentligt p\u00e5 krafterna\u00a0 f\u00f6r\u00a0 Emma Johansson. \u00c4nd\u00e5 lyckades hon p\u00e5 nytt ta en topplacering i v\u00e4rldstourloppet\u00a0 \u201dVallonska pilen\u201d p\u00e5 onsdagen.<\/p>\n<p>Den svenska cykelstj\u00e4rnan slutade sjua i det belgiska storloppet slagen med 43 sekunder av segrande holl\u00e4ndskan Anna van der Breggen.<\/p>\n<p>&#8211; Jag hade inte hunnit \u00e5terh\u00e4mta mig ordentligt efter etapploppet i Spanien. Men jag vann ju klungspurten bakom de alla fr\u00e4msta s\u00e5 formen \u00e4r det egentligen inget fel p\u00e5, s\u00e4ger Emma Johansson till vargardacycling.se. Emma h\u00e5ller prelimin\u00e4rt fortsatt f\u00f6rstaplatsen p\u00e5 v\u00e4rldsrankingen f\u00f6re van der Breggen. I World Tour-sammandraget tajtade det\u00a0 till sig ordentligt eftersom varken ledande Lizzie\u00a0 Armitstead\u00a0 eller tv\u00e5an Chantal Blaak tog n\u00e5gra nya po\u00e4ng. Megan Guarnier, trea i onsdagens lopp och\u00a0 Emma delar nu tredjeplatsen bara 60 po\u00e4ng bakom Armitstead.<\/p>\n<p>-Det \u00e4r faktiskt inget jag tittar s\u00e5 mycket p\u00e5,. Jag k\u00f6r f\u00f6r att vinna varje lopp och g\u00e5r det bra s\u00e5 blir ju rankingen en konsekvens av det men det \u00e4r inte det viktigaste just nu, s\u00e4ger Emma Johansson.<\/p>\n<p>Hon v\u00e4ljer ocks\u00e5 att st\u00e5 \u00f6ver n\u00e4sta World Tour-t\u00e4vling som k\u00f6rs i Kina f\u00f6r att huvudsak\u00a0 ist\u00e4llet kunna tr\u00e4na och vila p\u00e5 hemmaplan.\u00a0 \u00d6vriga svenaska placeringar: Alexandra Nessmar\u00a0 56:a, Emilia Fahlin 83 och Sara Penton 110:a.<\/p>\n<p>Text: Urban Tjernberg\/V\u00e5rg\u00e5rda CK<\/p>\n","protected":false},"excerpt":{"rendered":"<p>Segern i Baskien Runt i helgen tog ordentligt p\u00e5 krafterna\u00a0 f\u00f6r\u00a0 Emma Johansson. \u00c4nd\u00e5 lyckades hon p\u00e5 nytt ta en topplacering i v\u00e4rldstourloppet\u00a0 \u201dVallonska pilen\u201d p\u00e5 onsdagen. Den svenska cykelstj\u00e4rnan slutade sjua i det belgiska storloppet slagen med 43 sekunder av segrande holl\u00e4ndskan Anna van der Breggen. &#8211; Jag hade inte hunnit \u00e5terh\u00e4mta mig<a href=\"https:\/\/scf.se\/landsvag\/ny-topplacering-for-emma-i-varldstouren\/\" class=\"news-card__more\"> &#8230;<\/a><\/p>\n","protected":false},"author":2,"featured_media":0,"comment_status":"open","ping_status":"open","sticky":false,"template":"","format":"standard","meta":{"_acf_changed":false,"footnotes":""},"categories":[1],"tags":[],"class_list":["post-571","post","type-post","status-publish","format-standard","hentry","category-landsvag"],"acf":[],"_links":{"self":[{"href":"https:\/\/scf.se\/landsvag\/wp-json\/wp\/v2\/posts\/571","targetHints":{"allow":["GET"]}}],"collection":[{"href":"https:\/\/scf.se\/landsvag\/wp-json\/wp\/v2\/posts"}],"about":[{"href":"https:\/\/scf.se\/landsvag\/wp-json\/wp\/v2\/types\/post"}],"author":[{"embeddable":true,"href":"https:\/\/scf.se\/landsvag\/wp-json\/wp\/v2\/users\/2"}],"replies":[{"embeddable":true,"href":"https:\/\/scf.se\/landsvag\/wp-json\/wp\/v2\/comments?post=571"}],"version-history":[{"count":0,"href":"https:\/\/scf.se\/landsvag\/wp-json\/wp\/v2\/posts\/571\/revisions"}],"wp:attachment":[{"href":"https:\/\/scf.se\/landsvag\/wp-json\/wp\/v2\/media?parent=571"}],"wp:term":[{"taxonomy":"category","embeddable":true,"href":"https:\/\/scf.se\/landsvag\/wp-json\/wp\/v2\/categories?post=571"},{"taxonomy":"post_tag","embeddable":true,"href":"https:\/\/scf.se\/landsvag\/wp-json\/wp\/v2\/tags?post=571"}],"curies":[{"name":"wp","href":"https:\/\/api.w.org\/{rel}","templated":true}]}}