
{"id":5672,"date":"2024-08-20T11:21:29","date_gmt":"2024-08-20T09:21:29","guid":{"rendered":"https:\/\/scf.se\/landsvag\/?p=5672"},"modified":"2024-08-26T20:31:07","modified_gmt":"2024-08-26T18:31:07","slug":"lyckad-uppsalahelg-med-klassiker-swe-cup-och-nytt-sprintkoncept","status":"publish","type":"post","link":"https:\/\/scf.se\/landsvag\/lyckad-uppsalahelg-med-klassiker-swe-cup-och-nytt-sprintkoncept\/","title":{"rendered":"Lyckad Uppsalahelg med klassiker, SWE Cup och nytt sprintkoncept"},"content":{"rendered":"<p><strong>Det var tv\u00e5 fina cykeldagar i Uppsala under helgen. I l\u00f6rdags gick v\u00e4rldens \u00e4ldsta cykelt\u00e4vling Scandinavian Race (Skandisloppet), som ocks\u00e5 var lika med den n\u00e4st sista SWE Cup-delt\u00e4vlingen f\u00f6r \u00e5ret. David Larsson vann en t\u00e4t slutuppg\u00f6relse i herrar A medan den s\u00e5 starka Mikas S\u00f6derstr\u00f6m avgjorde damernas SWE Cup-total efter en soloutbrytning. <\/strong><strong>Under s\u00f6ndagen den f\u00f6rsta sanktionerade sprintt\u00e4vlingen f\u00f6r landsv\u00e4gscykel, med Therese Fjord\u00e4ng och Viktor Lychou som premi\u00e4rvinnare.<\/strong><\/p>\n<h2><a href=\"https:\/\/www.sportstiming.se\/event\/14636\"><em>Anm\u00e4l till sista SWE Cup-delt\u00e4vlingen p\u00e5 vackra S\u00f6der\u00e5sen h\u00e4r!<\/em><\/a><\/h2>\n<p>P\u00e5 l\u00f6rdagen s\u00e4llade sig vinnarna av Scandinavian Race till de \u00f6vriga tidigare 115 klassiska vinnarna av Skandisloppet. Det blev David Larsson, Motala AIF Serneke Allebike, som vann herrarnas A-klass efter att ha vunnit mot CK Hymers tillika starka spurtare Hugo Forssell och Viktor Lychou.<\/p>\n<a href=\"https:\/\/scf.se\/landsvag\/wp-content\/uploads\/sites\/5\/2024\/08\/SWE-Cup-Hymer.jpg\"><img loading=\"lazy\" decoding=\"async\" class=\"alignnone size-full wp-image-5677\" src=\"https:\/\/scf.se\/landsvag\/wp-content\/uploads\/sites\/5\/2024\/08\/SWE-Cup-Hymer.jpg\" alt=\"\" width=\"1144\" height=\"1080\" srcset=\"https:\/\/scf.se\/landsvag\/wp-content\/uploads\/sites\/5\/2024\/08\/SWE-Cup-Hymer.jpg 1144w, https:\/\/scf.se\/landsvag\/wp-content\/uploads\/sites\/5\/2024\/08\/SWE-Cup-Hymer-300x283.jpg 300w, https:\/\/scf.se\/landsvag\/wp-content\/uploads\/sites\/5\/2024\/08\/SWE-Cup-Hymer-1024x967.jpg 1024w, https:\/\/scf.se\/landsvag\/wp-content\/uploads\/sites\/5\/2024\/08\/SWE-Cup-Hymer-768x725.jpg 768w\" sizes=\"auto, (max-width: 1144px) 100vw, 1144px\" \/><\/a>\n<h3>SWE Cup femte delt\u00e4vlingen herrar A<\/h3>\n<ol>\n<li><strong>David Larsson<\/strong>, Motala AIF Serneke Allebike, 4:40:55<\/li>\n<li><strong>Hugo Forssell<\/strong>, CK Hymer, +0<\/li>\n<li><strong>Viktor Lychou,<\/strong> Team IBT &#8211; Tripeak, +0<\/li>\n<li><strong>Paul Greijus<\/strong>, Motala AIF Serneke Allebike, +0:15<\/li>\n<li><strong>Johan Lindvall,<\/strong> CK Ringen, +0:15<\/li>\n<li><strong>Lukas Vernersson,<\/strong> Motala AIF Serneke Allebike +0:15<\/li>\n<\/ol>\n<p>Hugo Forssell \u00e4r segervan i SWE Cup och tog nu \u00f6ver ledningen i totalen d\u00e4r det ska noteras att klubbkompisen Marcus Wehlin, som ledde innan helgen, k\u00f6rde VM-kval i gravel samma dag.<\/p>\n<h3><strong>SWE Cup totalt efter fem delt\u00e4vlingar herrar A<\/strong><\/h3>\n<ol>\n<li><strong>Hugo Forssell<\/strong>, CK Hymer, 61 po\u00e4ng<\/li>\n<li><strong>Viktor Lychou<\/strong>, Team IBT &#8211; Tripeak, 51 po\u00e4ng<\/li>\n<li><strong>Paul Greijus<\/strong>, Motala AIF Serneke Allebike, 45 po\u00e4ng<\/li>\n<li><strong>Marcus Wehlin<\/strong>, CK Hymer, 44 po\u00e4ng<\/li>\n<\/ol>\n<p>Damklassen vanns av Mika S\u00f6derstr\u00f6m, Stockholm CK. Det var precis som p\u00e5 SM i Link\u00f6ping fr\u00e5gan om en rej\u00e4l soloutbrytning, \u00e4ven om det nu skilde betydligt mindre tid.<\/p>\n<h3>SWE Cup femte delt\u00e4vlingen damer A<\/h3>\n<ol>\n<li><strong>Mika S\u00f6derstr\u00f6m<\/strong>, Stockholm CK, 2:51:53<\/li>\n<li><strong>Vera Vila\u00e7a<\/strong>, DAS-Hutchinson-Brother UK, +3:04<\/li>\n<li><strong>Therese Fjord\u00e4ng<\/strong>, \u00d6rebrocyklisterna, +3:38<\/li>\n<li><strong>Martina Nilsson<\/strong>, Bistro CC, +3:38<\/li>\n<li><strong>Elin Karlsson<\/strong>, Borl\u00e4nge CK, +3:38<\/li>\n<li><strong>Frida Cronqvist<\/strong>, MIND Triathlon Sports Club, +3:38<\/li>\n<\/ol>\n<p>Mika har d\u00e4rmed \u00e4ven i teorin avgjort damklassen totalt och vinner d\u00e4rmed SWE Cup i s\u00e5v\u00e4l E-cycling som landsv\u00e4g 2024.<\/p>\n<div id=\"attachment_5517\" class=\"wp-caption alignnone\" ><a href=\"https:\/\/scf.se\/landsvag\/wp-content\/uploads\/sites\/5\/2024\/06\/Mika.jpg\"><img loading=\"lazy\" decoding=\"async\" class=\"size-full wp-image-5517\" src=\"https:\/\/scf.se\/landsvag\/wp-content\/uploads\/sites\/5\/2024\/06\/Mika.jpg\" alt=\"\" width=\"1575\" height=\"1145\" srcset=\"https:\/\/scf.se\/landsvag\/wp-content\/uploads\/sites\/5\/2024\/06\/Mika.jpg 1575w, https:\/\/scf.se\/landsvag\/wp-content\/uploads\/sites\/5\/2024\/06\/Mika-300x218.jpg 300w, https:\/\/scf.se\/landsvag\/wp-content\/uploads\/sites\/5\/2024\/06\/Mika-1024x744.jpg 1024w, https:\/\/scf.se\/landsvag\/wp-content\/uploads\/sites\/5\/2024\/06\/Mika-768x558.jpg 768w, https:\/\/scf.se\/landsvag\/wp-content\/uploads\/sites\/5\/2024\/06\/Mika-1536x1117.jpg 1536w\" sizes=\"auto, (max-width: 1575px) 100vw, 1575px\" \/><\/a><p class=\"wp-caption-text\"><em>Regerande svenska m\u00e4staren Mika S\u00f6derstr\u00f6m har nu \u00e4ven s\u00e4krat SWE Cup-totalen i landsv\u00e4g.<\/em><\/p><\/div>\n<h3><strong>SWE Cup totalt efter fem delt\u00e4vlingar damer A<\/strong><\/h3>\n<ol>\n<li><strong>Mika S\u00f6derstr\u00f6m<\/strong>, Stockholm CK, 100 po\u00e4ng<\/li>\n<li><strong>Martina Nilsson<\/strong>, Bistro CC, 50 po\u00e4ng<\/li>\n<li><strong>Vera Vila\u00e7a<\/strong>, DAS-Hutchinson-Brother UK, 49 po\u00e4ng<\/li>\n<li><strong>Maja Johansson<\/strong>, Stockholm CK, 40 po\u00e4ng<\/li>\n<\/ol>\n<p>I herrarns B-klass segrade Joel Mellby efter en fin utbrytning p\u00e5 tre d\u00e4r Victor Hede\u00e5s och Staffan Arvidsson Mc Shane var de \u00f6vriga tv\u00e5.Riktigt gl\u00e4djande med 50 cyklister fr\u00e5n start i herrar B i Uppsala. Totalt var det n\u00e4stan 160 cyklister som kom till start p\u00e5 l\u00f6rdagen i Uppsala, vilket var bra med tanke p\u00e5 VM-kval i gravel.<\/p>\n<h3>SWE Cup femte delt\u00e4vlingen herrar B<\/h3>\n<ol>\n<li><strong>Joel Mellby<\/strong>, CK Master, 2:29:25<\/li>\n<li><strong>Victor Hede\u00e5s<\/strong>, CK Ringen, +0<\/li>\n<li><strong>Staffan Arvidsson Mc Shane<\/strong>, IF Mantra Sport, +0<\/li>\n<li><strong>Tobias Schander<\/strong>, Tr\u00e4ningskonsulten SC, +2:08<\/li>\n<li><strong>Douglas Andersson<\/strong>, Sala CK, +2:08<\/li>\n<li><strong>Vilgot Wallmark<\/strong>, J\u00f6nk\u00f6pings CK, +2:08<\/li>\n<\/ol>\n<p>D\u00e4rmed n\u00e4rmade sig Joel Mellby juniorlandslagskollegorna Gustav Magnusson och Linus Larsson i totalen.<\/p>\n<h3><strong>SWE Cup totalt efter fem delt\u00e4vlingar herrar B<\/strong><\/h3>\n<ol>\n<li><strong>Gustav Magnusson<\/strong>, J\u00f6nk\u00f6pings CK, 80 po\u00e4ng<\/li>\n<li><strong>Linus Larsson<\/strong>, Staffanstorp CK, 70 po\u00e4ng<\/li>\n<li><strong>Joel Mellby<\/strong>, CK Master, 59 po\u00e4ng<\/li>\n<li><strong>Gustav Enh\u00f6rning<\/strong>, \u00d6rebrocyklisterna, 43 po\u00e4ng<\/li>\n<li><strong>Victor Hede\u00e5s<\/strong>, CK Ringen, 41 po\u00e4ng<\/li>\n<\/ol>\n<p>I damer B tillkom det en del cyklister i den senaste SWE Cup-delt\u00e4vlingen, i Vallentuna. Delt\u00e4vlingen i Uppsala vann Linnea Gunnarsson och flitigt t\u00e4vlande Linda Tufvesson avgjorde i totalen:<\/p>\n<ol>\n<li><strong>Linda Tufvesson<\/strong>, Borl\u00e4nge CK, 110 po\u00e4ng<\/li>\n<li><strong>Linnea Gunnarsson<\/strong>, \u00d6rebrocyklisterna, 45 po\u00e4ng<\/li>\n<li><strong>Julia Lindstr\u00f6m<\/strong>, \u00c5storps CK, 36 po\u00e4ng<\/li>\n<\/ol>\n<p>I herrar C vann Olof Staaf spurten d\u00e4r det till sist handlade om f\u00f6ljande tre cyklister:<\/p>\n<ol>\n<li><strong>Olof Staaf<\/strong>, Str\u00e4ngn\u00e4s CK, 1:37:31<\/li>\n<li><strong>Gustav Grip<\/strong>, S\u00f6dert\u00e4lje CK, +0<\/li>\n<li><strong>Christer Sehlstedt<\/strong>, F\u00f6rening Rocket Racing Sweden, +0:01<\/li>\n<\/ol>\n<p>SWE Cup avslutas den 8 september med S\u00f6der\u00e5sens linjelopp, som har start och m\u00e5l i Kl\u00e5ver\u00f6d. Mycket nedf\u00f6r och uppf\u00f6r, p\u00e5 minst sagt varierande v\u00e4gar, b\u00e5de breda raka och smala kurviga. Varvet \u00e4r 27,4 km, varav 6 km kuperad grusv\u00e4g.<\/p>\n<h2>SWE Cup landsv\u00e4g 2024<\/h2>\n<ul>\n<li><strong>Delt\u00e4vling 1:\u00a0<\/strong>\u00a020 april, Kinnekulle Energiloppet \/ Cykelklubben U6<\/li>\n<li><strong>Delt\u00e4vling 2:<\/strong>\u00a0 27 april, Lyngbyloppet\/ Staffanstorps CK<\/li>\n<li><strong>Delt\u00e4vling 3:\u00a0<\/strong>\u00a019 maj, Giro Himledalen, Varberg \/ Cogheart Cycle Club Varberg<\/li>\n<li><strong>Delt\u00e4vling 4:\u00a0<\/strong>\u00a06 juni, Nationaldagslinjet, Vallentuna \/ Stockholm Cykelklubb<\/li>\n<li><strong>Delt\u00e4vling 5:<\/strong>\u00a0 17 augusti, Skandis Open, Uppsala \/ Upsala Cykelklubb<\/li>\n<li><strong>Delt\u00e4vling 6:<\/strong>\u00a0 8 september, S\u00f6der\u00e5sens linjelopp, Kl\u00e5ver\u00f6d utanf\u00f6r Sval\u00f6v\/CK Fix\u00a0\u00a0<a href=\"https:\/\/www.sportstiming.se\/event\/14636\"><em><strong>Info och anm\u00e4lan h\u00e4r!<\/strong><\/em><\/a><\/li>\n<\/ul>\n<h3><a href=\"https:\/\/scf.se\/landsvag\/nya-konceptet-swe-cup-abc-ska-locka-fler-att-tavla-pa-landsvag\/\"><em><strong>Sammanfattning av det nya SWE Cup ABC-konceptet h\u00e4r!<\/strong><\/em><\/a><\/h3>\n<h3>* * *<\/h3>\n<h2>Fjord\u00e4ng och Lychou vann premi\u00e4rsprinten i Uppsala<\/h2>\n<p>Under s\u00f6ndagen hade Upsala CK f\u00f6rlagt ett sprintlopp mitt inne i staden med m\u00e5nga klassiska byggnader och precis som l\u00f6rdagen start och m\u00e5l vid slottet.<\/p>\n<a href=\"https:\/\/scf.se\/landsvag\/wp-content\/uploads\/sites\/5\/2024\/08\/SprintenNizze5.jpg\"><img loading=\"lazy\" decoding=\"async\" class=\"alignnone size-full wp-image-5679\" src=\"https:\/\/scf.se\/landsvag\/wp-content\/uploads\/sites\/5\/2024\/08\/SprintenNizze5.jpg\" alt=\"\" width=\"1280\" height=\"1210\" srcset=\"https:\/\/scf.se\/landsvag\/wp-content\/uploads\/sites\/5\/2024\/08\/SprintenNizze5.jpg 1280w, https:\/\/scf.se\/landsvag\/wp-content\/uploads\/sites\/5\/2024\/08\/SprintenNizze5-300x284.jpg 300w, https:\/\/scf.se\/landsvag\/wp-content\/uploads\/sites\/5\/2024\/08\/SprintenNizze5-1024x968.jpg 1024w, https:\/\/scf.se\/landsvag\/wp-content\/uploads\/sites\/5\/2024\/08\/SprintenNizze5-768x726.jpg 768w\" sizes=\"auto, (max-width: 1280px) 100vw, 1280px\" \/><\/a>\n<p>S\u00f6ndagens vinnare i herrklassen av den f\u00f6rsta Uppsala Sprinten blev efter sammanlagt 18 heat Viktor Lychou fr\u00e5n det danska UCI-laget Team IBT Trepeak.<\/p>\n<a href=\"https:\/\/scf.se\/landsvag\/wp-content\/uploads\/sites\/5\/2024\/08\/SprintenNizze1.jpg\"><img loading=\"lazy\" decoding=\"async\" class=\"alignnone size-full wp-image-5683\" src=\"https:\/\/scf.se\/landsvag\/wp-content\/uploads\/sites\/5\/2024\/08\/SprintenNizze1.jpg\" alt=\"\" width=\"1610\" height=\"1488\" srcset=\"https:\/\/scf.se\/landsvag\/wp-content\/uploads\/sites\/5\/2024\/08\/SprintenNizze1.jpg 1610w, https:\/\/scf.se\/landsvag\/wp-content\/uploads\/sites\/5\/2024\/08\/SprintenNizze1-300x277.jpg 300w, https:\/\/scf.se\/landsvag\/wp-content\/uploads\/sites\/5\/2024\/08\/SprintenNizze1-1024x946.jpg 1024w, https:\/\/scf.se\/landsvag\/wp-content\/uploads\/sites\/5\/2024\/08\/SprintenNizze1-768x710.jpg 768w, https:\/\/scf.se\/landsvag\/wp-content\/uploads\/sites\/5\/2024\/08\/SprintenNizze1-1536x1420.jpg 1536w\" sizes=\"auto, (max-width: 1610px) 100vw, 1610px\" \/><\/a>\n<h3>Uppsala Sprinten herrar final<\/h3>\n<ol>\n<li><strong>Viktor Lychou<\/strong>, Team-IBT Tripeak<\/li>\n<li><strong>Rasmus K\u00e4ll<\/strong>, Ryska Posten SK (Inte Bara Post)<\/li>\n<li><strong>Amir Arslan Ansari<\/strong>, Stockholm CK<\/li>\n<li><strong>Alfred Oldin<\/strong>, Motala AIF Serneke Allebike<\/li>\n<li><strong>Rasmus Mikiver<\/strong>, CK Hymer<\/li>\n<li><strong>Abel Brhane<\/strong>, Upsala CK<\/li>\n<\/ol>\n<a href=\"https:\/\/scf.se\/landsvag\/wp-content\/uploads\/sites\/5\/2024\/08\/SprintenNizze4.jpg\"><img loading=\"lazy\" decoding=\"async\" class=\"alignnone size-full wp-image-5680\" src=\"https:\/\/scf.se\/landsvag\/wp-content\/uploads\/sites\/5\/2024\/08\/SprintenNizze4.jpg\" alt=\"\" width=\"1280\" height=\"596\" srcset=\"https:\/\/scf.se\/landsvag\/wp-content\/uploads\/sites\/5\/2024\/08\/SprintenNizze4.jpg 1280w, https:\/\/scf.se\/landsvag\/wp-content\/uploads\/sites\/5\/2024\/08\/SprintenNizze4-300x140.jpg 300w, https:\/\/scf.se\/landsvag\/wp-content\/uploads\/sites\/5\/2024\/08\/SprintenNizze4-1024x477.jpg 1024w, https:\/\/scf.se\/landsvag\/wp-content\/uploads\/sites\/5\/2024\/08\/SprintenNizze4-768x358.jpg 768w\" sizes=\"auto, (max-width: 1280px) 100vw, 1280px\" \/><\/a>\n<p>Damklassens po\u00e4ngt\u00e4vling vanns av Therese Fjord\u00e4ng fr\u00e5n \u00d6rebrocyklisterna som dominerade i ett halvt dussin omg\u00e5ngar. Hon utmanades n\u00e4rmast av finl\u00e4ndskan Sanni Tuukkanen, Gamlakarleby IF.<\/p>\n<a href=\"https:\/\/scf.se\/landsvag\/wp-content\/uploads\/sites\/5\/2024\/08\/SprintenNizze2.jpg\"><img loading=\"lazy\" decoding=\"async\" class=\"alignnone size-full wp-image-5682\" src=\"https:\/\/scf.se\/landsvag\/wp-content\/uploads\/sites\/5\/2024\/08\/SprintenNizze2.jpg\" alt=\"\" width=\"1528\" height=\"1384\" srcset=\"https:\/\/scf.se\/landsvag\/wp-content\/uploads\/sites\/5\/2024\/08\/SprintenNizze2.jpg 1528w, https:\/\/scf.se\/landsvag\/wp-content\/uploads\/sites\/5\/2024\/08\/SprintenNizze2-300x272.jpg 300w, https:\/\/scf.se\/landsvag\/wp-content\/uploads\/sites\/5\/2024\/08\/SprintenNizze2-1024x927.jpg 1024w, https:\/\/scf.se\/landsvag\/wp-content\/uploads\/sites\/5\/2024\/08\/SprintenNizze2-768x696.jpg 768w\" sizes=\"auto, (max-width: 1528px) 100vw, 1528px\" \/><\/a>\n<p><em>Text: SCF<br \/>\nFoto: I tur och ordning Nizze Gustavsson, CK Hymer elit, arkivbild SCF och resten Nizze Gustavsson\/SCF.\u00a0<\/em><\/p>\n<hr \/>\n<a href=\"https:\/\/scf.se\/forbundet\/hjalp-oss-sprida-ny-digital-broschyr-om-motionslicensens-fordelar\/\"><img loading=\"lazy\" decoding=\"async\" class=\"alignnone size-full wp-image-7197\" src=\"https:\/\/scf.se\/forbundet\/wp-content\/uploads\/sites\/9\/2024\/03\/Kop-licens-cykelmagasinet4.jpg\" alt=\"\" width=\"2000\" height=\"655\" \/><\/a>\n<p>&nbsp;<\/p>\n<p>&nbsp;<\/p>\n<p>&nbsp;<\/p>\n<p>&nbsp;<\/p>\n<p>&nbsp;<\/p>\n<p>&nbsp;<\/p>\n<h3><\/h3>\n<h3><\/h3>\n<p>&nbsp;<\/p>\n","protected":false},"excerpt":{"rendered":"<p>Det var tv\u00e5 fina cykeldagar i Uppsala under helgen. I l\u00f6rdags gick v\u00e4rldens \u00e4ldsta cykelt\u00e4vling Scandinavian Race (Skandisloppet), som ocks\u00e5 var lika med den n\u00e4st sista SWE Cup-delt\u00e4vlingen f\u00f6r \u00e5ret. David Larsson vann en t\u00e4t slutuppg\u00f6relse i herrar A medan den s\u00e5 starka Mikas S\u00f6derstr\u00f6m avgjorde damernas SWE Cup-total efter en soloutbrytning. Under s\u00f6ndagen<a href=\"https:\/\/scf.se\/landsvag\/lyckad-uppsalahelg-med-klassiker-swe-cup-och-nytt-sprintkoncept\/\" class=\"news-card__more\"> &#8230;<\/a><\/p>\n","protected":false},"author":41,"featured_media":5681,"comment_status":"open","ping_status":"open","sticky":false,"template":"","format":"standard","meta":{"_acf_changed":false,"footnotes":""},"categories":[1],"tags":[],"class_list":["post-5672","post","type-post","status-publish","format-standard","hentry","category-landsvag"],"acf":[],"_links":{"self":[{"href":"https:\/\/scf.se\/landsvag\/wp-json\/wp\/v2\/posts\/5672","targetHints":{"allow":["GET"]}}],"collection":[{"href":"https:\/\/scf.se\/landsvag\/wp-json\/wp\/v2\/posts"}],"about":[{"href":"https:\/\/scf.se\/landsvag\/wp-json\/wp\/v2\/types\/post"}],"author":[{"embeddable":true,"href":"https:\/\/scf.se\/landsvag\/wp-json\/wp\/v2\/users\/41"}],"replies":[{"embeddable":true,"href":"https:\/\/scf.se\/landsvag\/wp-json\/wp\/v2\/comments?post=5672"}],"version-history":[{"count":10,"href":"https:\/\/scf.se\/landsvag\/wp-json\/wp\/v2\/posts\/5672\/revisions"}],"predecessor-version":[{"id":5729,"href":"https:\/\/scf.se\/landsvag\/wp-json\/wp\/v2\/posts\/5672\/revisions\/5729"}],"wp:featuredmedia":[{"embeddable":true,"href":"https:\/\/scf.se\/landsvag\/wp-json\/wp\/v2\/media\/5681"}],"wp:attachment":[{"href":"https:\/\/scf.se\/landsvag\/wp-json\/wp\/v2\/media?parent=5672"}],"wp:term":[{"taxonomy":"category","embeddable":true,"href":"https:\/\/scf.se\/landsvag\/wp-json\/wp\/v2\/categories?post=5672"},{"taxonomy":"post_tag","embeddable":true,"href":"https:\/\/scf.se\/landsvag\/wp-json\/wp\/v2\/tags?post=5672"}],"curies":[{"name":"wp","href":"https:\/\/api.w.org\/{rel}","templated":true}]}}