
{"id":5642,"date":"2024-08-25T09:30:58","date_gmt":"2024-08-25T07:30:58","guid":{"rendered":"https:\/\/scf.se\/landsvag\/?p=5642"},"modified":"2024-08-26T18:39:46","modified_gmt":"2024-08-26T16:39:46","slug":"soderqvist-tog-emot-bergatrojan-av-hinault-efter-tempoprolog","status":"publish","type":"post","link":"https:\/\/scf.se\/landsvag\/soderqvist-tog-emot-bergatrojan-av-hinault-efter-tempoprolog\/","title":{"rendered":"Hugo Lennartsson avslutade b\u00e4st n\u00e4r tufft U23-etapplopp summeras"},"content":{"rendered":"<p><strong>Tour de l\u2019Avenir \u00e4r ett tufft etapplopp d\u00e4r det var l\u00e4nge sedan Sverige fanns med, kallas ofta Tour de France f\u00f6r U23-lag. Desto roligare att Jakob S\u00f6derqvist fanns med i t\u00e4tstriden p\u00e5 den inledande tempoprologen, slutade trea. Jakob S\u00f6derqvist och \u00e4ven Carl Kagevi var bra med efter tv\u00e5 etapper, men sedan blev det mycket tuffare; slitvargarna Hugo Lennartsson och Jonathan Ahlsson har varit starkast inf\u00f6r sista etappen p\u00e5 l\u00f6rdagen<\/strong><strong>. <\/strong>(Uppdaterad version efter etapp 4.)<\/p>\n<a href=\"https:\/\/scf.se\/landsvag\/wp-content\/uploads\/sites\/5\/2024\/08\/Bild1111.jpg\"><img loading=\"lazy\" decoding=\"async\" class=\"alignnone size-full wp-image-5644\" src=\"https:\/\/scf.se\/landsvag\/wp-content\/uploads\/sites\/5\/2024\/08\/Bild1111.jpg\" alt=\"\" width=\"1966\" height=\"1387\" srcset=\"https:\/\/scf.se\/landsvag\/wp-content\/uploads\/sites\/5\/2024\/08\/Bild1111.jpg 1966w, https:\/\/scf.se\/landsvag\/wp-content\/uploads\/sites\/5\/2024\/08\/Bild1111-300x212.jpg 300w, https:\/\/scf.se\/landsvag\/wp-content\/uploads\/sites\/5\/2024\/08\/Bild1111-1024x722.jpg 1024w, https:\/\/scf.se\/landsvag\/wp-content\/uploads\/sites\/5\/2024\/08\/Bild1111-768x542.jpg 768w, https:\/\/scf.se\/landsvag\/wp-content\/uploads\/sites\/5\/2024\/08\/Bild1111-1536x1084.jpg 1536w, https:\/\/scf.se\/landsvag\/wp-content\/uploads\/sites\/5\/2024\/08\/Bild1111-662x468.jpg 662w\" sizes=\"auto, (max-width: 1966px) 100vw, 1966px\" \/><\/a>\n<h2>Jakob S\u00f6derqvist med i kampen om ledartr\u00f6jan i prologen<\/h2>\n<p>Det var 7,1 kilometer i Sarrebourg som skulle avverkas p\u00e5 prologen.<\/p>\n<blockquote><p>&#8221;Riktigt bra k\u00f6rt av Jakob och tredjeplatsen \u00e4r riktigt fint. Det \u00e4r vi riktigt n\u00f6jda med. Det \u00e4r klart att han g\u00e5r f\u00f6r segern, men det riktigt tufft och sju sekunder upp \u00e4r inget att s\u00e4ga om&#8221;, s\u00e4ger f\u00f6rbundskaptenen Lucas Persson efter\u00e5t.<\/p><\/blockquote>\n<p>Jakob, som under premi\u00e4rs\u00e4songen i Lidl-Trek Future racing har gjort n\u00e5gra v\u00e4ldigt vassa tempoprologer och var sjua p\u00e5 f\u00f6rra \u00e5rets tempo-VM fr U23-cyklister, s\u00e4ger sj\u00e4lv s\u00e5 h\u00e4r:<\/p>\n<blockquote><p>&#8221;Jag har inte alls mycket att vara besviken \u00f6ver, utan tycker att jag gjorde ett v\u00e4l genomf\u00f6rt tempolopp. Sedan blir det alltid mycket tankar som kommer n\u00e4r det handlar om sekunder p\u00e5 slutet; funderingar om man kunde ha satsat mera i kurvorna men d\u00e5 \u00f6kar \u00e5 andra sidan riskerna att krascha, s\u00e5 det \u00e4r en avv\u00e4gning med vilket fokus man har och hur mycket man har hunnit f\u00f6rbereda sig genom att kolla banan i detalj.&#8221;<\/p><\/blockquote>\n<p>Dessutom var det bara tre tiondelar upp till andraplatsen och Jakob fick trots allt en tr\u00f6ja med sig fr\u00e5n prisutdelningen. Kanadensaren Michael Leonard var snabbast av alla.<\/p>\n<p>Sammantaget var Jakob d\u00e4rf\u00f6r n\u00f6jd och vill verkligen g\u00e5 in f\u00f6r att f\u00f6rsvara bergatr\u00f6jan. Bara att f\u00e5 tr\u00f6jan av bland annat den st\u00f6rsta franska cykelikonen Bernard Hinault (till v\u00e4nster p\u00e5 podiet) var f\u00f6rst\u00e5s en extra piff.<\/p>\n<a href=\"https:\/\/scf.se\/landsvag\/wp-content\/uploads\/sites\/5\/2024\/08\/Hinault.jpg\"><img loading=\"lazy\" decoding=\"async\" class=\"alignnone size-full wp-image-5657\" src=\"https:\/\/scf.se\/landsvag\/wp-content\/uploads\/sites\/5\/2024\/08\/Hinault.jpg\" alt=\"\" width=\"785\" height=\"589\" srcset=\"https:\/\/scf.se\/landsvag\/wp-content\/uploads\/sites\/5\/2024\/08\/Hinault.jpg 785w, https:\/\/scf.se\/landsvag\/wp-content\/uploads\/sites\/5\/2024\/08\/Hinault-300x225.jpg 300w, https:\/\/scf.se\/landsvag\/wp-content\/uploads\/sites\/5\/2024\/08\/Hinault-768x576.jpg 768w\" sizes=\"auto, (max-width: 785px) 100vw, 785px\" \/><\/a>\n<p>&#8221;Nej, hyfsat meiterad. Och prologen b\u00e5dar gott inf\u00f6r m\u00e5ndagens etapp. Vi \u00e4r taggade!&#8221;<\/p>\n<p>Ett bra tempolopp ocks\u00e5 av Carl Kagevi, som fanns med i utbrytningen som gick hem i Cykelvasan innan han kraschade Snacka om kontraster nu n\u00e4r Kagevi var p\u00e5 plats 17 med bara tio sekunder upp till S\u00f6derqvist.<\/p>\n<h3>Tour de l\u2019Avenir tempoprologen<\/h3>\n<ul>\n<li><strong>\u00a0 1.<\/strong> <strong>Michael Leonard<\/strong>, Kanada, 7.59,22<\/li>\n<li><strong>\u00a0 2.<\/strong> <strong>Joseph Blackmore<\/strong>, Storbritannien, +0.06,83<\/li>\n<li><strong>\u00a0 3.<\/strong> <strong>Jakob S\u00f6derqvist<\/strong>, Sverige, +0.07,11<\/li>\n<li><strong>17.<\/strong> <strong>Carl Kagevi<\/strong>, Sverige, +0.17,10<\/li>\n<li><strong>45.<\/strong> <strong>Jonathan Ahlsson<\/strong>, Sverige, +0.27,05<\/li>\n<li><strong>71.<\/strong> <strong>Hugo Lennartsson<\/strong>, Sverige, +0.39,02<\/li>\n<li><strong>80.<\/strong> <strong>Eric Pedersen<\/strong>, Sverige, +0.42,14<\/li>\n<li><strong>84.<\/strong> <strong>Ville Merl\u00f6v<\/strong>, Sverige, +0.43,21<\/li>\n<\/ul>\n<h3>* * *<\/h3>\n<h2>Morgonbrytet utan svensk h\u00f6ll p\u00e5 andra etappen<\/h2>\n<p>Strax f\u00f6re lunchtid p\u00e5 m\u00e5ndag fortsatte det lika tuffa som creddiga franska etapploppet Tour de l\u2019Avenir med 185 kilometer och 1700 h\u00f6jdmeter att ta sig an.<\/p>\n<p>Det var n\u00e4rmare best\u00e4mt str\u00e4ckan Sarrebourg till Ronchamp-Champagney som skulle avverkas.<\/p>\n<blockquote><p>&#8221;Vi s\u00e5g det som en av etapparna som passade oss och vi hade pratat mycket om innan om vikten att komma med i en tidig utbrytning. Visst, killarna var p\u00e5 taggade p\u00e5 den uppgiften men n\u00e4r sedan ett par cykister gick och ytterligare tre bryggade s\u00e5 hade vi tyv\u00e4rr ingen med&#8221;, s\u00e4ger f\u00f6rbundskaptenen Lucas Persson.<\/p><\/blockquote>\n<p>Tre cyklister fr\u00e5n den lilla utbrytningen h\u00f6ll och tar \u00f6ver alla tr\u00f6jorna d\u00e4r Sverige hade bergatr\u00f6jan genom Jakob S\u00f6derqvist efter tempoprologen.<\/p>\n<h3>Tour de l\u2019Avenir, etapp 1<\/h3>\n<ul>\n<li>1.<strong> Henrik Pedersen,<\/strong> Danmark, 4:02:32<\/li>\n<li>2.<strong> Gal Glivar<\/strong>, Slovenien, +0<\/li>\n<li>3. <strong>Tim Rex<\/strong>, Belgien, +0:02<\/li>\n<li>22. <strong>Jakob S\u00f6derqvist<\/strong>, Sverige, +1:09<\/li>\n<li>35<strong>. Hugo Lennartsson,<\/strong> Sverige, +1:09<\/li>\n<li>69<strong>. Carl Kagevi<\/strong>, Sverige, +1:09<\/li>\n<li>89. <strong>Jonathan Ahlsson<\/strong>, Sverige, +1:09<\/li>\n<li>129. <strong>Ville Merl\u00f6v<\/strong>, Sverige, +8.12<\/li>\n<li>130. <strong>Eric Pedersen<\/strong>, Sverige, +8.12<\/li>\n<\/ul>\n<blockquote><p>&#8221;Kanada som hade ledartr\u00f6jan tog ansvar i att f\u00f6rs\u00f6ka k\u00f6ra in utbrytningen, plus att ett par franska lag satte upp n\u00e5gra cykister. Men det blev inte en tillr\u00e4ckligt bra jakt s\u00e5 tre cyklister fr\u00e5n utbrytningen h\u00f6ll med runt minutens marginal. Etappen blev lite av en en besvikelse f\u00f6r oss \u2013 men det \u00e4r bara att ta nya tag n\u00e4sta dag&#8221;, s\u00e4ger Lucas Persson.<\/p><\/blockquote>\n<p>Danmark, Belgien och Slovenien \u00e4r tre starka nationer som \u00e4r nu b\u00f6r vara intresserade av att jobba h\u00e5rt och f\u00f6rsvara tr\u00f6jor. Sverige har \u00e4nd\u00e5 Jakob S\u00f6derqvist som sexa i totalen och Carl Kagevi p\u00e5 plats 19 att jobba vidare p\u00e5. Sj\u00e4tteplatsen i lagt\u00e4vlingen \u00e4r ocks\u00e5 bra av U23-landslaget som har haft tv\u00e5 riktigt bra s\u00e4songer.<\/p>\n<h3>* * *<\/h3>\n<a href=\"https:\/\/scf.se\/landsvag\/wp-content\/uploads\/sites\/5\/2024\/08\/laget-FRA-1.jpg\"><img loading=\"lazy\" decoding=\"async\" class=\"alignnone size-full wp-image-5689\" src=\"https:\/\/scf.se\/landsvag\/wp-content\/uploads\/sites\/5\/2024\/08\/laget-FRA-1.jpg\" alt=\"\" width=\"2163\" height=\"1555\" srcset=\"https:\/\/scf.se\/landsvag\/wp-content\/uploads\/sites\/5\/2024\/08\/laget-FRA-1.jpg 2163w, https:\/\/scf.se\/landsvag\/wp-content\/uploads\/sites\/5\/2024\/08\/laget-FRA-1-300x216.jpg 300w, https:\/\/scf.se\/landsvag\/wp-content\/uploads\/sites\/5\/2024\/08\/laget-FRA-1-1024x736.jpg 1024w, https:\/\/scf.se\/landsvag\/wp-content\/uploads\/sites\/5\/2024\/08\/laget-FRA-1-768x552.jpg 768w, https:\/\/scf.se\/landsvag\/wp-content\/uploads\/sites\/5\/2024\/08\/laget-FRA-1-1536x1104.jpg 1536w, https:\/\/scf.se\/landsvag\/wp-content\/uploads\/sites\/5\/2024\/08\/laget-FRA-1-2048x1472.jpg 2048w\" sizes=\"auto, (max-width: 2163px) 100vw, 2163px\" \/><\/a>\n<h2>Lennartsson k\u00f6rde b\u00e4st av svenskarna p\u00e5 tisdagen<\/h2>\n<p>P\u00e5 tisdagen var det en r\u00e4tt kr\u00e4vande start och s\u00e5 m\u00e5lg\u00e5ng h\u00f6gt uppe p\u00e5 Plateau d&#8217;Hauteville; n\u00e4rmare best\u00e4mt 2141 h\u00f6jdmeter p\u00e5 n\u00e4ra nog exakt 17 mil. Och det skulle bli v\u00e4ldigt tufft f\u00f6r\u00a0 de svenska cyklisterna.<\/p>\n<p>Det b\u00f6rjade med att kroppen inte svarade f\u00f6r Ville Merl\u00f6v som klev av redan efter 17 kilometer.<\/p>\n<blockquote><p>&#8221;De gick all in f\u00f6r att g\u00e5 p\u00e5 attack, k\u00e4mpade h\u00e5rt och jobbade p\u00e5 bra. De gjorde det egentligen bra men vi fick bara med oss Hugo Lennartsson som var den som k\u00f6rde b\u00e4st i dag i klungan d\u00e4r det var h\u00e5rdk\u00f6rning p\u00e5 slutet&#8221;, summerar<\/p><\/blockquote>\n<p>\u00c5kstarka Jonathan Ahlsson, som \u00e4r regerande svensk kortdistansm\u00e4stare, v\u00e4ggade mer eller mindre med 35 tuffa kilometer kvar.<\/p>\n<blockquote><p>&#8221;Ja, han hade rej\u00e4lt sura ben men tog sig i m\u00e5l. Sedan var det f\u00f6rst Jakob S\u00f6derqvist och Eric Pedersen som fick ge sig och sedan \u00e4ven Carl Kagevi&#8221;, f\u00f6rklarar Lucas Persson.<\/p><\/blockquote>\n<h3>Tour de l\u2019Avenir, etapp 2<\/h3>\n<ul>\n<li>1<strong> Ludovico Crescioli<\/strong>, Italien, 3:50:31<\/li>\n<li>2<strong> Ole Theiler<\/strong>, Tyskland, +0<\/li>\n<li>3<strong> Matthew Brennan<\/strong>, Storbritannien, +0:06<\/li>\n<li>20<strong> Hugo Lennartsson<\/strong>, Sverige, +0.06<\/li>\n<li>107<strong> Carl Kagevi<\/strong>, Sverige, +10:15<\/li>\n<li>120<strong> Jakob S\u00f6derqvist<\/strong>, Sverige, +16:34<\/li>\n<li>121<strong> Eric Pedersen<\/strong>, Sverige, +16:34<\/li>\n<li>131 <strong>Jonathan Ahlsson<\/strong>, Sverige, +20:08<\/li>\n<li>DNF <strong>Ville Merl\u00f6v<\/strong>, Sverige<\/li>\n<\/ul>\n<p>I totalen toppar fortfarande Henrik Pedersen. Hugo Lennartsson \u00e4r b\u00e4sta svensk med bara 1.37 upp till dansken, men p\u00e5 plats 50.<\/p>\n<h3>* * *<\/h3>\n<h2>Tre toppar skulle besegras under onsdagens bergsetapp<\/h2>\n<p>Onsdagen inneh\u00f6ll visserligen bara 70 kilometer, men det var bara upp och ner med tre toppar och 2635 h\u00f6jdmeter med m\u00e5lg\u00e5ng uppf\u00f6r som g\u00e4llde.<\/p>\n<p>Britten BLACKMORE Joseph Blackmore var starkast i helt ett utspritt f\u00e4lt och tog \u00e4ven \u00f6ver ledartr\u00f6jan i Tour de l\u2019Avenir. F\u00f6r svensk del forts\u00e4tter Hugo Lennartsson att ha de b\u00e4sta benen i kl\u00e4ttringarna. Jakob S\u00f6derqvist, som var trea p\u00e5 tempoprologen, har nu som andre svensk klivit av touren efter att inte ha klarat maxtiden p\u00e5 onsdagen.<\/p>\n<h3>Tour de l\u2019Avenir, etapp 3<\/h3>\n<ul>\n<li>1 <strong>Joseph Blackmore<\/strong>, Storbritannien 10:16:08<\/li>\n<li>2 <strong>Jarno Widar<\/strong>, Belgien +0:09<\/li>\n<li>3 <strong>Pablo Torres<\/strong>, Spanien +0:23<\/li>\n<li>78 <strong>Hugo Lennartsson<\/strong>\u00a0+24:07<\/li>\n<li>96 <strong>Carl Kagevi<\/strong>, Sverige +33:54<\/li>\n<li>119<strong> Jonathan Ahlsson<\/strong>, Sverige +43:57<\/li>\n<li>124<strong> Eric Pedersen<\/strong>, Sverige +48:01<\/li>\n<\/ul>\n<h3>* * *<\/h3>\n<h2>Jonathan Ahlsson piggast av de fyra \u00e5terst\u00e5ende<\/h2>\n<p>P\u00e5 fj\u00e4rde full\u00e5nga etappen var det grymt kr\u00e4vande 3552 h\u00f6jdmeter som skulle kl\u00e4mmas p\u00e5 143 kilometer. Jonathan Ahlsson som var s\u00e5 stark p\u00e5 kortdistans-SM i V\u00e4ster\u00e5s p\u00e5 en helt platt bana, studsade tillbaka rej\u00e4lt efter ett par dagar med sura ben.<\/p>\n<blockquote><p>&#8221;Jonthe k\u00f6rde l\u00e4nge riktigt bra, \u00e4ven fast \u00e4ven han blev tr\u00f6tt slutet och det inte blev n\u00e5gon s\u00e5d\u00e4r j\u00e4ttebra slutplacering. De andra lyckades i alla fall ta sig i m\u00e5l i gruppetton. Det var verkligen en v\u00e4ldigt tuff etapp och det \u00e4r m\u00e5nga krispiga ben inf\u00f6r forts\u00e4ttningen. Vi ska inte f\u00f6rv\u00e4nta oss n\u00e5gra fantastiska placeringar p\u00e5 de tv\u00e5 sist etapperna. Synd att vi inte har Jakob att spela ut de sista dagarna. Vi tyckte att vi hade koll p\u00e5 l\u00e4get p\u00e5 den etapp han fick kliva av men han var rej\u00e4lt tr\u00f6tt sista 15 kilometerna&#8221;, s\u00e4ger Lucas Persson.<\/p><\/blockquote>\n<h3>Tour de l\u2019Avenir, etapp 4<\/h3>\n<ul>\n<li>1 <strong>Pablo Torres<\/strong>, Spanien 4:02:06<\/li>\n<li>2 <strong>Darren Van Bekkum<\/strong>, Nederl\u00e4nderna +0:36<\/li>\n<li>3 <strong>Jarno Widar, Belgien<\/strong> +0:45<\/li>\n<li>46 <strong>Jonathan Ahlsson<\/strong>, Sverige +11:13<\/li>\n<li>105<strong> Carl Kagevi<\/strong>, Sverige +32:18<\/li>\n<li>106<strong> Hugo Lennartsson<\/strong>, Sverige +32:18<\/li>\n<li>113 <strong>Eric Pedersen<\/strong>, Sverige +36:19<\/li>\n<\/ul>\n<a href=\"https:\/\/scf.se\/landsvag\/wp-content\/uploads\/sites\/5\/2024\/08\/4.jpg\"><img loading=\"lazy\" decoding=\"async\" class=\"alignnone size-full wp-image-5711\" src=\"https:\/\/scf.se\/landsvag\/wp-content\/uploads\/sites\/5\/2024\/08\/4.jpg\" alt=\"\" width=\"1512\" height=\"1598\" srcset=\"https:\/\/scf.se\/landsvag\/wp-content\/uploads\/sites\/5\/2024\/08\/4.jpg 1512w, https:\/\/scf.se\/landsvag\/wp-content\/uploads\/sites\/5\/2024\/08\/4-284x300.jpg 284w, https:\/\/scf.se\/landsvag\/wp-content\/uploads\/sites\/5\/2024\/08\/4-969x1024.jpg 969w, https:\/\/scf.se\/landsvag\/wp-content\/uploads\/sites\/5\/2024\/08\/4-768x812.jpg 768w, https:\/\/scf.se\/landsvag\/wp-content\/uploads\/sites\/5\/2024\/08\/4-1453x1536.jpg 1453w\" sizes=\"auto, (max-width: 1512px) 100vw, 1512px\" \/><\/a>\n<h3>* * *<\/h3>\n<p>P\u00e5 femte etappen var Hugo Lennartsson tillbaka\u00a0 som b\u00e4ste svensk men det handlade mycket om att ta sig i m\u00e5l. Lite starkt \u00e4nd\u00e5 av Carl Kagevi, Jonathan Ahlsson och Eric Pedersen att kontrollera det senare i en ny avslutande gruppetto med svenskt deltagande.<\/p>\n<blockquote><p>&#8221;Ingen h\u00f6jdardag, Hugo satt med i gruppetto 1 och de andra grabbarna i grupopetto 2 kan man v\u00e4l s\u00e4ga. De tog sig i m\u00e5l i alla fall. Vi har en ny etapp i morgon som \u00e4r lite l\u00e4ttare i b\u00f6rjan men vi ska nog inte f\u00f6rv\u00e4nta oss s\u00e5 mycket mer \u00e4n att de kan ta sig i m\u00e5l. Killarna \u00e4r slitna nu och det \u00e4r ett riktigt tufft etapplopp&#8221;, s\u00e4ger Lucas Persson.<\/p><\/blockquote>\n<h3>Tour de l\u2019Avenir, etapp 5<\/h3>\n<ul>\n<li>1 <strong>Florian Samuel Kajamini<\/strong>, Italien 2:53:43<\/li>\n<li>2 <strong>Emiel Verstrynge<\/strong>, Belgien +0<\/li>\n<li>3 <strong>Louis Sutton<\/strong>, Storbritannien +0<\/li>\n<li>76 <strong>Hugo Lennartsson<\/strong>, Sverige +14:40<\/li>\n<li>97 <strong>Carl Kagevi<\/strong>, Sverige +21:22<\/li>\n<li>100 <strong>Jonathan Ahlsson<\/strong>, Sverige +21:22<\/li>\n<li>104 <strong>Eric Pedersen<\/strong>, Sverige +21:22<\/li>\n<\/ul>\n<p>Det \u00e4r \u00e4nda &#8221;bara&#8221; runt 35 cyklister som har klivit av etapploppet d\u00e4r Lennartsson har klart b\u00e4st totaltid av svenskarna, f\u00f6ljt av Ahlsson. M\u00e5nga erfarenheter, inte minst med att h\u00e4rdas i bergen \u2013 men det d\u00e4r med att n\u00e5gon svensk var med i matchen \u00e4r ett minne blott efter prologen och etapp 1.<\/p>\n<h3>Totalst\u00e4llningen inf\u00f6r sista etappen<\/h3>\n<ul>\n<li>1 <strong>Joseph Blackmore<\/strong>, Storbritannien 17:13:23<\/li>\n<li>2 <strong>Tijmen Graat<\/strong>, Nederl\u00e4nderna +0:24<\/li>\n<li>3 <strong>L\u00e9o Bisiaux<\/strong>, Frankrike +0:45<\/li>\n<li>89 <strong>Hugo Lennartsson<\/strong>, Sverige +1:09:39<\/li>\n<li>94 <strong>Jonathan Ahlsson<\/strong>, Sverige +1:15:06<\/li>\n<li>106 <strong>Carl Kagevi<\/strong>, Sverige +1:26:08<\/li>\n<li>113 <strong>Eric Pedersen<\/strong>, Sverige +1:44:16<\/li>\n<\/ul>\n<h3>* * *<\/h3>\n<p>P\u00e5 sista etappen satt s\u00e5v\u00e4l Hugo Lennartsson, Jonathan Ahlsson, Carl Kagevi och Eric Pedersen med i klungan fram till roten av den sista stora backen, som m\u00e4tte 15 kilometer. F\u00f6r att en g\u00e5ng f\u00f6r alla belysa att Tour de l\u2019Avenir \u00e4r ett rej\u00e4lt tufft etapplopp s\u00e5 hade arrang\u00f6rerna sl\u00e4ngt in en grusv\u00e4g i den stigningen.<\/p>\n<p>Det blev en mycket sp\u00e4nnande kamp om segern d\u00e5 spanjoren Pablo Torres gjorde en fantastisk sista kl\u00e4ttring och vann etappen med \u00f6ver tre minuter, men till sist lyckades britten Joseph Blackmore f\u00f6rsvara ledartr\u00f6jan.<\/p>\n<blockquote><p>&#8221;Grabbarna gjorde vad de kunde och det var Hugo Lennartsson som gjorde det b\u00e4st i sista backen&#8221;, inflikar f\u00f6rbundskaptenen Lucas Persson.<\/p><\/blockquote>\n<p>Han tappade f\u00f6rvisso 13 minuter p\u00e5 Torres men var \u00e4nd\u00e5 38:a. Hugo och ytterligare tv\u00e5 av svenskarna avancerade lite och en beh\u00f6ll sin plats i ledet s\u00e5 det var med andra ord helt okej k\u00f6rt.<\/p>\n<h3>Tour de l\u2019Avenir, totalst\u00e4llningen<\/h3>\n<ul>\n<li>1 <strong>Joseph Blackmore,<\/strong> Storbritannien 20:37:36<\/li>\n<li>79 <strong>Hugo Lennartsson,<\/strong> Sverige<\/li>\n<li>91 <strong>Jonathan Ahlsson<\/strong>, Sverige<\/li>\n<li>102<strong> Carl Kagevi<\/strong>, Sverige<\/li>\n<li>113<strong> Eric Pedersen<\/strong>, Sverige<\/li>\n<li>DNF <strong>Jakob S\u00f6derqvist<\/strong>, Sverige<\/li>\n<li>DNF <strong>Ville Merl\u00f6f<\/strong>, Sverige<\/li>\n<\/ul>\n<h3><a href=\"https:\/\/www.procyclingstats.com\/race\/tour-de-l-avenir\/2024\/stage-2\"><em><strong>Alla resultat i Tour de l\u2019Avenir hittar ni h\u00e4r!<\/strong><\/em><\/a><\/h3>\n<blockquote><p>&#8221;Nu \u00e4r det \u00f6ver. Vi har f\u00e5tt t\u00e4vla mot de allra b\u00e4sta U23:orna i v\u00e4rlden p\u00e5 de h\u00e5rdaste etapperna man kan hitta i Europa. Cykelt\u00e4vlingar i U23-klassen blir inte h\u00e5rdare \u00e4n s\u00e5 h\u00e4r och nu har killarna f\u00e5tt k\u00e4nna p\u00e5 det. L\u00e4rorikt&#8221;, s\u00e4ger Lucas Persson.<\/p><\/blockquote>\n<p><em>Text: Tomas Larsson\/SCF<\/em><br \/>\n<em>Foto: SCF<\/em><\/p>\n<hr \/>\n<a href=\"https:\/\/scf.se\/forbundet\/hjalp-oss-sprida-ny-digital-broschyr-om-motionslicensens-fordelar\/\"><img loading=\"lazy\" decoding=\"async\" class=\"alignnone size-full wp-image-7197\" src=\"https:\/\/scf.se\/forbundet\/wp-content\/uploads\/sites\/9\/2024\/03\/Kop-licens-cykelmagasinet4.jpg\" alt=\"\" width=\"2000\" height=\"655\" \/><\/a>\n","protected":false},"excerpt":{"rendered":"<p>Tour de l\u2019Avenir \u00e4r ett tufft etapplopp d\u00e4r det var l\u00e4nge sedan Sverige fanns med, kallas ofta Tour de France f\u00f6r U23-lag. Desto roligare att Jakob S\u00f6derqvist fanns med i t\u00e4tstriden p\u00e5 den inledande tempoprologen, slutade trea. Jakob S\u00f6derqvist och \u00e4ven Carl Kagevi var bra med efter tv\u00e5 etapper, men sedan blev det mycket<a href=\"https:\/\/scf.se\/landsvag\/soderqvist-tog-emot-bergatrojan-av-hinault-efter-tempoprolog\/\" class=\"news-card__more\"> &#8230;<\/a><\/p>\n","protected":false},"author":41,"featured_media":5644,"comment_status":"open","ping_status":"open","sticky":false,"template":"","format":"standard","meta":{"_acf_changed":false,"footnotes":""},"categories":[1],"tags":[],"class_list":["post-5642","post","type-post","status-publish","format-standard","hentry","category-landsvag"],"acf":[],"_links":{"self":[{"href":"https:\/\/scf.se\/landsvag\/wp-json\/wp\/v2\/posts\/5642","targetHints":{"allow":["GET"]}}],"collection":[{"href":"https:\/\/scf.se\/landsvag\/wp-json\/wp\/v2\/posts"}],"about":[{"href":"https:\/\/scf.se\/landsvag\/wp-json\/wp\/v2\/types\/post"}],"author":[{"embeddable":true,"href":"https:\/\/scf.se\/landsvag\/wp-json\/wp\/v2\/users\/41"}],"replies":[{"embeddable":true,"href":"https:\/\/scf.se\/landsvag\/wp-json\/wp\/v2\/comments?post=5642"}],"version-history":[{"count":53,"href":"https:\/\/scf.se\/landsvag\/wp-json\/wp\/v2\/posts\/5642\/revisions"}],"predecessor-version":[{"id":5726,"href":"https:\/\/scf.se\/landsvag\/wp-json\/wp\/v2\/posts\/5642\/revisions\/5726"}],"wp:featuredmedia":[{"embeddable":true,"href":"https:\/\/scf.se\/landsvag\/wp-json\/wp\/v2\/media\/5644"}],"wp:attachment":[{"href":"https:\/\/scf.se\/landsvag\/wp-json\/wp\/v2\/media?parent=5642"}],"wp:term":[{"taxonomy":"category","embeddable":true,"href":"https:\/\/scf.se\/landsvag\/wp-json\/wp\/v2\/categories?post=5642"},{"taxonomy":"post_tag","embeddable":true,"href":"https:\/\/scf.se\/landsvag\/wp-json\/wp\/v2\/tags?post=5642"}],"curies":[{"name":"wp","href":"https:\/\/api.w.org\/{rel}","templated":true}]}}