
{"id":5629,"date":"2024-08-14T11:50:20","date_gmt":"2024-08-14T09:50:20","guid":{"rendered":"https:\/\/scf.se\/landsvag\/?p=5629"},"modified":"2024-08-14T11:55:42","modified_gmt":"2024-08-14T09:55:42","slug":"fina-uppsalahelgen-med-swe-cup-lordag-har-fatt-forlangd-anmalan","status":"publish","type":"post","link":"https:\/\/scf.se\/landsvag\/fina-uppsalahelgen-med-swe-cup-lordag-har-fatt-forlangd-anmalan\/","title":{"rendered":"Fina Uppsalahelgen med SWE Cup l\u00f6rdag har f\u00f6rl\u00e4ngd anm\u00e4lningstid"},"content":{"rendered":"<p><strong>SWE Cup \u00e5terupptas helgen och att det \u00e4r med v\u00e4rldens \u00e4ldsta cykelt\u00e4vling som arrangerats varje \u00e5r sedan starten 1906, Scandinavian Race i Uppsala! Det 116:e Scandinavian Race g\u00e5r p\u00e5 l\u00f6rdag den 17 augusti. T\u00e4vlingarna forts\u00e4tter p\u00e5 s\u00f6ndagen med den allra f\u00f6rsta Uppsala Sprinten med fina prispengar p\u00e5 helt avlysta v\u00e4gar mitt i centrum \u2013 start och m\u00e5l l\u00e4ckert bel\u00e4get nedanf\u00f6r Uppsala slott.<\/strong><\/p>\n<p>Arrangerande Upsala CK har nu f\u00f6rl\u00e4ngd ordinarie anm\u00e4lan till fredag 16 augusti kl.18.00. G\u00e4ller b\u00e5de Scandinavian Race 17\/8 och Uppsala Sprinten 18\/8.<\/p>\n<h3><a href=\"https:\/\/www.sportstiming.se\/event\/14829\"><em>Mycket mera info samt anm\u00e4lan till Scandinavian Race hittar ni h\u00e4r!<\/em><\/a><\/h3>\n<h3><a href=\"https:\/\/www.sportstiming.se\/event\/14830\"><em>Mycket mera info samt l\u00e4nk till anm\u00e4lan till Uppsala Sprinten hittar ni h\u00e4r!<\/em><\/a><\/h3>\n<blockquote><p>\u201dScandinavian Race har fordonstrafik f\u00f6rbjuden mot cyklisterna p\u00e5 hela banan. Uppsala Sprinten \u00e4r p\u00e5 avst\u00e4ngd bana och med Svensk landsv\u00e4gscykels h\u00f6gsta prissumma. Ett STORT startf\u00e4lt, n\u00e4r vi nu st\u00e4nger av halva centrum ger bra PR f\u00f6r svensk cykel och bra f\u00f6ruts\u00e4ttningar f\u00f6r t\u00e4vlingar i Uppsala fram\u00f6ver\u201d, s\u00e4ger t\u00e4vlingsledaren G\u00f6ran Mattsson.<\/p><\/blockquote>\n<p>En RIKTIGT FIN publikt\u00e4vling ocks\u00e5 d\u00e5 m\u00e5let \u00e4r bel\u00e4get nedanf\u00f6r Uppsala slott &#8211; och en extra piff f\u00f6r deltagarna f\u00f6rst\u00e5s. Ungdomsbanan \u00e4r ett h\u00e4rligt centralt lopp med 2,5-kilometersvarv, GP-stuk.<\/p>\n<p>Det \u00e4r ABC-modellen som g\u00e4ller i de \u00e4ldre klasserna i Scandinavian Race.<\/p>\n<h3><strong>SWE Cup ABC landsv\u00e4g 2024<\/strong><\/h3>\n<ul>\n<li><strong>Delt\u00e4vling 1:\u00a0<\/strong> 20 april, Kinnekulle Energiloppet.<\/li>\n<li><strong>Delt\u00e4vling 2:<\/strong>\u00a0 28 april, Ringenloppet Malm\u00f6.<\/li>\n<li><strong>Delt\u00e4vling 3:\u00a0<\/strong> 19 maj, Giro Himledalen, Varberg.<\/li>\n<li><strong>Delt\u00e4vling 4:\u00a0<\/strong> 6 juni, Nationaldagsloppet, Vallentuna.<\/li>\n<li><strong>Delt\u00e4vling 5:<\/strong>\u00a0 17 augusti, Scandinavian Race, Uppsala. <a href=\"https:\/\/www.sportstiming.se\/event\/14829\"><em><strong>Info och anm\u00e4lan h\u00e4r!<\/strong><\/em><\/a><\/li>\n<li><strong>Delt\u00e4vling 6:<\/strong>\u00a0 8 september, S\u00f6der\u00e5sens linje. <a href=\"https:\/\/www.sportstiming.se\/event\/14636\"><em><strong>Info och anm\u00e4lan h\u00e4r!<\/strong><\/em><\/a><\/li>\n<\/ul>\n<h3><strong>Klasser och klassindelning<\/strong><\/h3>\n<p><strong>Damer<\/strong><\/p>\n<ul>\n<li><strong>A: <\/strong>\u00d6ppen f\u00f6r cyklister som innehar licens Junior Women, Elit Women, U23 Women, Master Women.<\/li>\n<li><strong>B: <\/strong>\u00d6ppen f\u00f6r cyklister som innehar licens Junior Women, Elit Women, U23 Women, Master Women, F15\u201316.<\/li>\n<\/ul>\n<p><strong>Herrar<\/strong><\/p>\n<ul>\n<li><strong>A:<\/strong> Endast \u00f6ppen f\u00f6r cyklister som innehar U23 Men licens eller Elit Men licens.<\/li>\n<li><strong>B:<\/strong> \u00d6ppen f\u00f6r cyklister som innehar licens Junior Men, Elit Men, U23 Men, Master Men.<\/li>\n<li><strong>C: <\/strong>\u00d6ppen f\u00f6r cyklister som innehar licens Junior Men, Elit Men, U23 Men, Master Men, P15\u201316.<\/li>\n<\/ul>\n<p><strong>Ungdom<\/strong><\/p>\n<ul>\n<li><strong>A: <\/strong>\u00d6ppen f\u00f6r cyklister som innehar P15\u201316 licens, F15\u201316 licens, P13\u201314 licens, F13\u201314 licens.<\/li>\n<li><strong>B: <\/strong>\u00d6ppen f\u00f6r cyklister som innehar P10\u201312 licens, F10\u201312 licens<\/li>\n<\/ul>\n<p>N\u00e4r det g\u00e4ller SWE Cup-totalen i herrar A ser det ut att kunna bli en v\u00e4ldigt sp\u00e4nnande avslutning i herrklassen d\u00e4r den i totalen segervane Hugo Forssell just nu \u00e4r den enda i topptrion som kommer till start. Carl Kagevi k\u00f6r exempelvis det tuffa U23-etapploppet i Frankrike. Sp\u00e4nnande just nu \u00e4ven i lagt\u00e4vlingen.<\/p>\n<p>P\u00e5 damsidan kommer regerande svenska linjem\u00e4staren Mika S\u00f6derstr\u00f6m till start och kan d\u00e4r avg\u00f6ra A-klassens seniorklass redan p\u00e5 n\u00e4st sista delt\u00e4vlingen.<\/p>\n<p>I herrar B har det varit ett race mellan tv\u00e5 cyklister. D\u00e5 Linus Larsson inte \u00e4r anm\u00e4ld till Uppsala har Gustav Magnusson chansen att avg\u00f6ra herrjuniorkampen i SWE Cup 2024.<\/p>\n<h3><a href=\"https:\/\/www.sportstiming.se\/event\/14829\/participants?round=83205\"><em>Hela SWE Cup-st\u00e4llningen hittar ni h\u00e4r!<\/em><\/a><\/h3>\n<p>En av v\u00e5ra OS-cyklister kommer ocks\u00e5 till start. Det \u00e4r Amir Ansari, klubbkompis med Mika i Stockholm CK som k\u00f6rde riktigt bra i tempoloppet f\u00f6r Olympiska flyktinglaget i Paris. Amir har hemmaplan d\u00e5 han bor och pluggar i Uppsala.<\/p>\n<p><em>Text och arkivfoto: SCF<\/em><\/p>\n<hr \/>\n<a href=\"https:\/\/scf.se\/forbundet\/hjalp-oss-sprida-ny-digital-broschyr-om-motionslicensens-fordelar\/\"><img loading=\"lazy\" decoding=\"async\" class=\"alignnone size-full wp-image-7197\" src=\"https:\/\/scf.se\/forbundet\/wp-content\/uploads\/sites\/9\/2024\/03\/Kop-licens-cykelmagasinet4.jpg\" alt=\"\" width=\"2000\" height=\"655\" \/><\/a>\n<p>&nbsp;<\/p>\n<p>&nbsp;<\/p>\n<p>&nbsp;<\/p>\n<p>&nbsp;<\/p>\n<p>&nbsp;<\/p>\n","protected":false},"excerpt":{"rendered":"<p>SWE Cup \u00e5terupptas helgen och att det \u00e4r med v\u00e4rldens \u00e4ldsta cykelt\u00e4vling som arrangerats varje \u00e5r sedan starten 1906, Scandinavian Race i Uppsala! Det 116:e Scandinavian Race g\u00e5r p\u00e5 l\u00f6rdag den 17 augusti. T\u00e4vlingarna forts\u00e4tter p\u00e5 s\u00f6ndagen med den allra f\u00f6rsta Uppsala Sprinten med fina prispengar p\u00e5 helt avlysta v\u00e4gar mitt i centrum \u2013<a href=\"https:\/\/scf.se\/landsvag\/fina-uppsalahelgen-med-swe-cup-lordag-har-fatt-forlangd-anmalan\/\" class=\"news-card__more\"> &#8230;<\/a><\/p>\n","protected":false},"author":41,"featured_media":5631,"comment_status":"open","ping_status":"open","sticky":false,"template":"","format":"standard","meta":{"_acf_changed":false,"footnotes":""},"categories":[1],"tags":[],"class_list":["post-5629","post","type-post","status-publish","format-standard","hentry","category-landsvag"],"acf":[],"_links":{"self":[{"href":"https:\/\/scf.se\/landsvag\/wp-json\/wp\/v2\/posts\/5629","targetHints":{"allow":["GET"]}}],"collection":[{"href":"https:\/\/scf.se\/landsvag\/wp-json\/wp\/v2\/posts"}],"about":[{"href":"https:\/\/scf.se\/landsvag\/wp-json\/wp\/v2\/types\/post"}],"author":[{"embeddable":true,"href":"https:\/\/scf.se\/landsvag\/wp-json\/wp\/v2\/users\/41"}],"replies":[{"embeddable":true,"href":"https:\/\/scf.se\/landsvag\/wp-json\/wp\/v2\/comments?post=5629"}],"version-history":[{"count":11,"href":"https:\/\/scf.se\/landsvag\/wp-json\/wp\/v2\/posts\/5629\/revisions"}],"predecessor-version":[{"id":5641,"href":"https:\/\/scf.se\/landsvag\/wp-json\/wp\/v2\/posts\/5629\/revisions\/5641"}],"wp:featuredmedia":[{"embeddable":true,"href":"https:\/\/scf.se\/landsvag\/wp-json\/wp\/v2\/media\/5631"}],"wp:attachment":[{"href":"https:\/\/scf.se\/landsvag\/wp-json\/wp\/v2\/media?parent=5629"}],"wp:term":[{"taxonomy":"category","embeddable":true,"href":"https:\/\/scf.se\/landsvag\/wp-json\/wp\/v2\/categories?post=5629"},{"taxonomy":"post_tag","embeddable":true,"href":"https:\/\/scf.se\/landsvag\/wp-json\/wp\/v2\/tags?post=5629"}],"curies":[{"name":"wp","href":"https:\/\/api.w.org\/{rel}","templated":true}]}}