
{"id":5618,"date":"2024-08-12T16:18:31","date_gmt":"2024-08-12T14:18:31","guid":{"rendered":"https:\/\/scf.se\/landsvag\/?p=5618"},"modified":"2024-08-12T16:19:25","modified_gmt":"2024-08-12T14:19:25","slug":"starkt-svenskt-lag-med-jakob-soderqvist-till-tour-de-lavenir","status":"publish","type":"post","link":"https:\/\/scf.se\/landsvag\/starkt-svenskt-lag-med-jakob-soderqvist-till-tour-de-lavenir\/","title":{"rendered":"Starkt svenskt lag med S\u00f6derqvist till s\u00e5 tuffa franska Tour de l\u2019Avenir"},"content":{"rendered":"<p><strong>Sverige kommer med ett starkt v\u00e4lkomponerat lag till det franska etapploppet Tour de l\u2019Avenir d\u00e4r det n\u00e4stan enbart \u00e4r nationslag. Jakob S\u00f6derqvist k\u00f6rde l\u00e4ngre riktigt bra p\u00e5 OS senast och han finns gl\u00e4djande nog med i landslaget igen.<\/strong><\/p>\n<blockquote><p>&#8221;Det \u00e4r ju v\u00e4rldens h\u00e5rdaste t\u00e4vling f\u00f6r U23. De kallar den \u00e4ven lilla Tour de France.\u00a0 Det blir sp\u00e4nnande&#8221;, s\u00e4ger Sveriges f\u00f6rbundskapten Lucas Persson.<\/p><\/blockquote>\n<p>Det blir inte mindre intressant d\u00e5 det inleds 18 augusti med ett drygt sju kilometer l\u00e5ngt individuellt tempolopp, iTT. Det kan m\u00f6jigen vara lite f\u00f6r m\u00e5nga h\u00f6jdmeter i banprofilen f\u00f6r starka tempocyklisten S\u00f6derqvist.\u00a0 Han vann bland annat en liknande prolog i U23-varienten av Giro d&#8217;Italia och var tv\u00e5a efter Mads Pedersen n\u00e4r Lidl-Trek lyfte upp honom i World Tour-laget i v\u00e5ras.<\/p>\n<a href=\"https:\/\/scf.se\/landsvag\/wp-content\/uploads\/sites\/5\/2024\/08\/JS222.jpg\"><img loading=\"lazy\" decoding=\"async\" class=\"alignnone size-full wp-image-5624\" src=\"https:\/\/scf.se\/landsvag\/wp-content\/uploads\/sites\/5\/2024\/08\/JS222.jpg\" alt=\"\" width=\"717\" height=\"1197\" srcset=\"https:\/\/scf.se\/landsvag\/wp-content\/uploads\/sites\/5\/2024\/08\/JS222.jpg 717w, https:\/\/scf.se\/landsvag\/wp-content\/uploads\/sites\/5\/2024\/08\/JS222-180x300.jpg 180w, https:\/\/scf.se\/landsvag\/wp-content\/uploads\/sites\/5\/2024\/08\/JS222-613x1024.jpg 613w\" sizes=\"auto, (max-width: 717px) 100vw, 717px\" \/><\/a>\n<blockquote><p>&#8221;Jakob \u00e4r v\u00e4ldigt taggad inf\u00f6r prologen och vi tror att den kan passa honom bra, s\u00e5 vi hoppas att han kan f\u00e5 till det bra d\u00e4r.&#8221;<\/p><\/blockquote>\n<p>Nu \u00e4r givetvis inte laget bara S\u00f6derqvist. Uttagna \u00e4r \u00e4ven Carl Kagevi, som l\u00e4nge k\u00f6rde bra i Cykelvasan senast innan han kraschade, men fullf\u00f6ljde. Hugo Lennartsson finns ocks\u00e5 med, liksom en v\u00e4ldigt \u00e5kstark trio fr\u00e5n Motala AIF Serneke Allebike i ett lag som ser ut enligt f\u00f6ljande.<\/p>\n<h3>Svenska laget i Tour de l\u2019Avenir 2024<\/h3>\n<ul>\n<li><strong>Jakob S\u00f6derqvist<\/strong>, Lidl-Trek<\/li>\n<li><strong>Hugo Lennartsson<\/strong>, VC Aix-en-Provenc\/Mariestadcyklisten<\/li>\n<li><strong>Carl Kagevi<\/strong>, Team IBT-Tripeak\/S\u00f6dert\u00e4lje CK<\/li>\n<li><strong>Jonathan Ahlsson<\/strong>, Motala AIF Serneke Allebike<\/li>\n<li><strong>Eric Pedersen<\/strong>, Motala AIF Serneke Allebike<\/li>\n<li><strong>Ville Merl\u00f6v,<\/strong> Motala AIF Serneke Allebike<\/li>\n<\/ul>\n<div id=\"attachment_3907\" class=\"wp-caption alignnone\" ><a href=\"https:\/\/scf.se\/landsvag\/wp-content\/uploads\/sites\/5\/2023\/04\/Lennartsson.jpg\"><img loading=\"lazy\" decoding=\"async\" class=\"size-full wp-image-3907\" src=\"https:\/\/scf.se\/landsvag\/wp-content\/uploads\/sites\/5\/2023\/04\/Lennartsson.jpg\" alt=\"\" width=\"1329\" height=\"817\" srcset=\"https:\/\/scf.se\/landsvag\/wp-content\/uploads\/sites\/5\/2023\/04\/Lennartsson.jpg 1329w, https:\/\/scf.se\/landsvag\/wp-content\/uploads\/sites\/5\/2023\/04\/Lennartsson-300x184.jpg 300w, https:\/\/scf.se\/landsvag\/wp-content\/uploads\/sites\/5\/2023\/04\/Lennartsson-1024x630.jpg 1024w, https:\/\/scf.se\/landsvag\/wp-content\/uploads\/sites\/5\/2023\/04\/Lennartsson-768x472.jpg 768w\" sizes=\"auto, (max-width: 1329px) 100vw, 1329px\" \/><\/a><p class=\"wp-caption-text\">Hugo Lennartsson finns med i laget till det s\u00e5 tuffa franska etapploppet.<\/p><\/div>\n<h3>Ledarstaben<\/h3>\n<ul>\n<li><strong>Coach:<\/strong> Lucas Persson<\/li>\n<li><strong>Mekaniker<\/strong>: Eric Herlitz, Tommek R\u00f6nning<\/li>\n<li><strong>Soigneur:<\/strong> Robert Glembro<\/li>\n<\/ul>\n<blockquote><p>&#8221;Efter prologen f\u00f6ljer sedan tv\u00e5 lite l\u00e4ngre etapper, kuperade de ocks\u00e5 \u00a0\u2013 men framf\u00f6r allt \u00e4r de sista etapperna v\u00e4ldigt h\u00e5rda. Lite kortare men ocks\u00e5 v\u00e4ldigt kuperade med mycket berg&#8221;, f\u00f6rklarar Lucas Persson.<\/p>\n<p>&#8221;Vi hoppas kunna vara med p\u00e5 attackerna, var med i utbrytningar och hoppas p\u00e5 att kunna k\u00f6ra offensivt. Och vi hoppas p\u00e5 att f\u00e5 med oss n\u00e5gon eller att par fina placeringar. Prologen hoppas vi som sagt mycket p\u00e5 och s\u00e5 hoppas vi p\u00e5 att finnas med i n\u00e5gon utbrytning som g\u00e5r hem p\u00e5 n\u00e5gon av de andra etapperna. Vi ser fram emot det h\u00e4r!&#8221;<\/p><\/blockquote>\n<p><em>Text: Tomas Larsson\/SCF<\/em><br \/>\n<em>Arkivbilder: SCF och Sebastian Mattsson<\/em><\/p>\n<h3>L\u00e4s ocks\u00e5:<\/h3>\n<blockquote class=\"wp-embedded-content\" data-secret=\"TnJRxSf1s7\"><p><a href=\"https:\/\/scf.se\/forbundet\/nu-finns-ett-fint-os-linjelopp-i-jakob-soderqvists-raketkarriar\/\">Jakob S\u00f6derqvist om k\u00e4nslan efter galen konkurrens och OS-st\u00e4mning<\/a><\/p><\/blockquote>\n<p><div class=\"video-wrapper\"><iframe loading=\"lazy\" class=\"wp-embedded-content\" sandbox=\"allow-scripts\" security=\"restricted\" style=\"position: absolute; visibility: hidden;\" title=\"\u201dJakob S\u00f6derqvist om k\u00e4nslan efter galen konkurrens och OS-st\u00e4mning\u201d &ndash; F\u00f6rbundet\" src=\"https:\/\/scf.se\/forbundet\/nu-finns-ett-fint-os-linjelopp-i-jakob-soderqvists-raketkarriar\/embed\/#?secret=EC8LRJBkH1#?secret=TnJRxSf1s7\" data-secret=\"TnJRxSf1s7\" width=\"500\" height=\"282\" frameborder=\"0\" marginwidth=\"0\" marginheight=\"0\" scrolling=\"no\"><\/iframe><\/div><\/p>\n<p><em>Text och arkivfoto: SCF<\/em><\/p>\n<hr \/>\n<a href=\"https:\/\/scf.se\/forbundet\/hjalp-oss-sprida-ny-digital-broschyr-om-motionslicensens-fordelar\/\"><img loading=\"lazy\" decoding=\"async\" class=\"alignnone size-full wp-image-7197\" src=\"https:\/\/scf.se\/forbundet\/wp-content\/uploads\/sites\/9\/2024\/03\/Kop-licens-cykelmagasinet4.jpg\" alt=\"\" width=\"2000\" height=\"655\" \/><\/a>\n","protected":false},"excerpt":{"rendered":"<p>Sverige kommer med ett starkt v\u00e4lkomponerat lag till det franska etapploppet Tour de l\u2019Avenir d\u00e4r det n\u00e4stan enbart \u00e4r nationslag. Jakob S\u00f6derqvist k\u00f6rde l\u00e4ngre riktigt bra p\u00e5 OS senast och han finns gl\u00e4djande nog med i landslaget igen. &#8221;Det \u00e4r ju v\u00e4rldens h\u00e5rdaste t\u00e4vling f\u00f6r U23. De kallar den \u00e4ven lilla Tour de France.\u00a0<a href=\"https:\/\/scf.se\/landsvag\/starkt-svenskt-lag-med-jakob-soderqvist-till-tour-de-lavenir\/\" class=\"news-card__more\"> &#8230;<\/a><\/p>\n","protected":false},"author":41,"featured_media":5623,"comment_status":"open","ping_status":"open","sticky":false,"template":"","format":"standard","meta":{"_acf_changed":false,"footnotes":""},"categories":[1],"tags":[],"class_list":["post-5618","post","type-post","status-publish","format-standard","hentry","category-landsvag"],"acf":[],"_links":{"self":[{"href":"https:\/\/scf.se\/landsvag\/wp-json\/wp\/v2\/posts\/5618","targetHints":{"allow":["GET"]}}],"collection":[{"href":"https:\/\/scf.se\/landsvag\/wp-json\/wp\/v2\/posts"}],"about":[{"href":"https:\/\/scf.se\/landsvag\/wp-json\/wp\/v2\/types\/post"}],"author":[{"embeddable":true,"href":"https:\/\/scf.se\/landsvag\/wp-json\/wp\/v2\/users\/41"}],"replies":[{"embeddable":true,"href":"https:\/\/scf.se\/landsvag\/wp-json\/wp\/v2\/comments?post=5618"}],"version-history":[{"count":7,"href":"https:\/\/scf.se\/landsvag\/wp-json\/wp\/v2\/posts\/5618\/revisions"}],"predecessor-version":[{"id":5628,"href":"https:\/\/scf.se\/landsvag\/wp-json\/wp\/v2\/posts\/5618\/revisions\/5628"}],"wp:featuredmedia":[{"embeddable":true,"href":"https:\/\/scf.se\/landsvag\/wp-json\/wp\/v2\/media\/5623"}],"wp:attachment":[{"href":"https:\/\/scf.se\/landsvag\/wp-json\/wp\/v2\/media?parent=5618"}],"wp:term":[{"taxonomy":"category","embeddable":true,"href":"https:\/\/scf.se\/landsvag\/wp-json\/wp\/v2\/categories?post=5618"},{"taxonomy":"post_tag","embeddable":true,"href":"https:\/\/scf.se\/landsvag\/wp-json\/wp\/v2\/tags?post=5618"}],"curies":[{"name":"wp","href":"https:\/\/api.w.org\/{rel}","templated":true}]}}