
{"id":5573,"date":"2024-06-28T18:37:39","date_gmt":"2024-06-28T16:37:39","guid":{"rendered":"https:\/\/scf.se\/landsvag\/?p=5573"},"modified":"2024-06-29T09:51:43","modified_gmt":"2024-06-29T07:51:43","slug":"motalas-och-jonathan-ahlssons-skont-offensiva-korning-gav-sm-guld","status":"publish","type":"post","link":"https:\/\/scf.se\/landsvag\/motalas-och-jonathan-ahlssons-skont-offensiva-korning-gav-sm-guld\/","title":{"rendered":"BILDEXTRA: Motalas och Ahlssons s\u00e5 offensiva k\u00f6rning gav SM-seger"},"content":{"rendered":"<p><strong>Oj, vilket h\u00e4rligt och sp\u00e4nnande cykellopp det blev n\u00e4r Motala dominerade herrarnas SM-kortdistans \u2013 mest utmanade av S\u00f6dert\u00e4lje. Logisk pall efter 2024 \u00e5rs kortdistans-SM d\u00e4rmed: Jonathan Ahlsson, Edvin Lovidius och Eric Pedersen d\u00e4r guld och brons gick till Motala AIF CK och silvret d\u00e5 till S\u00f6dert\u00e4ljes kapten denna varma och klibbiga SM-dag d\u00e5 \u00e5skv\u00e4dret d\u00f6k upp \u00f6ver M\u00e4laren men bara tangerade V\u00e4ster\u00e5s.<\/strong><\/p>\n<p>Trion Ahlsson, Lovidius och Pedersen gick loss r\u00e4tt tidigt i en utbrytning. Ingen kunde brygga. Och s\u00e5 splittrades den n\u00e4r Ahlsson satte press p\u00e5 Lovidius. Kul racing f\u00f6r b\u00e5de publiken i V\u00e4ster\u00e5s hamnomr\u00e5de, som fick se det avg\u00f6rande rycket n\u00e4r Ahlsson gick p\u00e5 r\u00f6tt ett halvt varv, och alla tv-tittare.<\/p>\n<blockquote><p>&#8221;Ja, jag tycker att vi i Motala \u00e4r med bra i loppet fr\u00e5n start. Vi har ju ganska m\u00e5nga man att spela med. Till slut kommer ju jag och Eric loss, tillsammans med Edvin Lovidius fr\u00e5n S\u00f6dert\u00e4lje d\u00e5&#8221;, s\u00e4ger Jonathan Ahlsson.<\/p><\/blockquote>\n<p>Han tycker att ha har haft tunga \u00e5r men har en b\u00e4ttre k\u00e4nsla nu och har k\u00f6rt bra \u00e4ven internationellt i U23-landslaget.<\/p>\n<a href=\"https:\/\/scf.se\/landsvag\/wp-content\/uploads\/sites\/5\/2024\/06\/KSMJonathan-1.jpeg\"><img loading=\"lazy\" decoding=\"async\" class=\"alignnone size-full wp-image-5575\" src=\"https:\/\/scf.se\/landsvag\/wp-content\/uploads\/sites\/5\/2024\/06\/KSMJonathan-1.jpeg\" alt=\"\" width=\"1280\" height=\"855\" srcset=\"https:\/\/scf.se\/landsvag\/wp-content\/uploads\/sites\/5\/2024\/06\/KSMJonathan-1.jpeg 1280w, https:\/\/scf.se\/landsvag\/wp-content\/uploads\/sites\/5\/2024\/06\/KSMJonathan-1-300x200.jpeg 300w, https:\/\/scf.se\/landsvag\/wp-content\/uploads\/sites\/5\/2024\/06\/KSMJonathan-1-1024x684.jpeg 1024w, https:\/\/scf.se\/landsvag\/wp-content\/uploads\/sites\/5\/2024\/06\/KSMJonathan-1-768x513.jpeg 768w\" sizes=\"auto, (max-width: 1280px) 100vw, 1280px\" \/><\/a>\n<blockquote><p>&#8221;Ja, jag har ju inga resultat att tala om men k\u00e4nslan \u00e4r b\u00e4ttre \u00e4n under de tv\u00e5 f\u00f6reg\u00e5ende s\u00e4songerna som har varit tunga f\u00f6r mig. Och nu fick jag ju ett resultat, riktigt sk\u00f6nt&#8221;, s\u00e4ger Jonathan Ahlsson och skiner upp.<\/p><\/blockquote>\n<p>Brorsan Jacob har ju tre SM-guld i tempo men nu kontrade allts\u00e5 Jonthe med ett i kortdistans efter ett underh\u00e5llande SM-lopp med mycket taktiskt spel. Situationen i utbrytningen p\u00e5 tre som var lite delikat att hantera d\u00e5 Motalakillarna till en b\u00f6rjan drog fram en av loppets tv\u00e5 huvudfavoriter. Sedan gick Lovidius upp och hj\u00e4lpte till lite.<\/p>\n<div style=\"width: 1920px;\" class=\"wp-video\"><video class=\"wp-video-shortcode\" id=\"video-5573-1\" width=\"1920\" height=\"1080\" preload=\"metadata\" controls=\"controls\"><source type=\"video\/mp4\" src=\"https:\/\/scf.se\/landsvag\/wp-content\/uploads\/sites\/5\/2024\/06\/449449478_7657502191006730_4202478224209996479_n.mp4?_=1\" \/><a href=\"https:\/\/scf.se\/landsvag\/wp-content\/uploads\/sites\/5\/2024\/06\/449449478_7657502191006730_4202478224209996479_n.mp4\">https:\/\/scf.se\/landsvag\/wp-content\/uploads\/sites\/5\/2024\/06\/449449478_7657502191006730_4202478224209996479_n.mp4<\/a><\/video><\/div>\n<p>Samtidigt hade den andra, Hugo Forssell, isolerats i den jagande klungan som ensam Hymercyklist \u2013 k\u00e4mpade p\u00e5 bra men fick till sist ge upp. Resultatlistans \u00e5tta \u00f6versta platser \u00e4r enbart Motala och S\u00f6dert\u00e4lje, vilket s\u00e4ger det mesta.<\/p>\n<p>F\u00f6rra \u00e5rets silvermedalj\u00f6r, s\u00e5 p\u00e5 hemmaplan, Michael Wincent var en annan som fick k\u00e4nna p\u00e5 extra mycket att vara ensam cyklist mot v\u00e4l fungerande lag n\u00e4r loppet blev s\u00e5 offensivt, tia till sist. F\u00f6rra \u00e5rets trea, Carl Kagevi, gjorde ett rej\u00e4lt f\u00f6rs\u00f6k att n\u00e5 bronset men slutade femma.<\/p>\n<a href=\"https:\/\/scf.se\/landsvag\/wp-content\/uploads\/sites\/5\/2024\/06\/LINJEkomplettering1-1.jpeg\"><img loading=\"lazy\" decoding=\"async\" class=\"alignnone size-full wp-image-5603\" src=\"https:\/\/scf.se\/landsvag\/wp-content\/uploads\/sites\/5\/2024\/06\/LINJEkomplettering1-1.jpeg\" alt=\"\" width=\"1280\" height=\"836\" srcset=\"https:\/\/scf.se\/landsvag\/wp-content\/uploads\/sites\/5\/2024\/06\/LINJEkomplettering1-1.jpeg 1280w, https:\/\/scf.se\/landsvag\/wp-content\/uploads\/sites\/5\/2024\/06\/LINJEkomplettering1-1-300x196.jpeg 300w, https:\/\/scf.se\/landsvag\/wp-content\/uploads\/sites\/5\/2024\/06\/LINJEkomplettering1-1-1024x669.jpeg 1024w, https:\/\/scf.se\/landsvag\/wp-content\/uploads\/sites\/5\/2024\/06\/LINJEkomplettering1-1-768x502.jpeg 768w\" sizes=\"auto, (max-width: 1280px) 100vw, 1280px\" \/><\/a> \u00a0<a href=\"https:\/\/scf.se\/landsvag\/wp-content\/uploads\/sites\/5\/2024\/06\/LINJEkomplettering6-1.jpeg\"><img loading=\"lazy\" decoding=\"async\" class=\"alignnone size-full wp-image-5608\" src=\"https:\/\/scf.se\/landsvag\/wp-content\/uploads\/sites\/5\/2024\/06\/LINJEkomplettering6-1.jpeg\" alt=\"\" width=\"1280\" height=\"806\" srcset=\"https:\/\/scf.se\/landsvag\/wp-content\/uploads\/sites\/5\/2024\/06\/LINJEkomplettering6-1.jpeg 1280w, https:\/\/scf.se\/landsvag\/wp-content\/uploads\/sites\/5\/2024\/06\/LINJEkomplettering6-1-300x189.jpeg 300w, https:\/\/scf.se\/landsvag\/wp-content\/uploads\/sites\/5\/2024\/06\/LINJEkomplettering6-1-1024x645.jpeg 1024w, https:\/\/scf.se\/landsvag\/wp-content\/uploads\/sites\/5\/2024\/06\/LINJEkomplettering6-1-768x484.jpeg 768w\" sizes=\"auto, (max-width: 1280px) 100vw, 1280px\" \/><\/a> <a href=\"https:\/\/scf.se\/landsvag\/wp-content\/uploads\/sites\/5\/2024\/06\/LINJEkomplettering5-1.jpeg\"><img loading=\"lazy\" decoding=\"async\" class=\"alignnone size-full wp-image-5607\" src=\"https:\/\/scf.se\/landsvag\/wp-content\/uploads\/sites\/5\/2024\/06\/LINJEkomplettering5-1.jpeg\" alt=\"\" width=\"1172\" height=\"1280\" srcset=\"https:\/\/scf.se\/landsvag\/wp-content\/uploads\/sites\/5\/2024\/06\/LINJEkomplettering5-1.jpeg 1172w, https:\/\/scf.se\/landsvag\/wp-content\/uploads\/sites\/5\/2024\/06\/LINJEkomplettering5-1-275x300.jpeg 275w, https:\/\/scf.se\/landsvag\/wp-content\/uploads\/sites\/5\/2024\/06\/LINJEkomplettering5-1-938x1024.jpeg 938w, https:\/\/scf.se\/landsvag\/wp-content\/uploads\/sites\/5\/2024\/06\/LINJEkomplettering5-1-768x839.jpeg 768w\" sizes=\"auto, (max-width: 1172px) 100vw, 1172px\" \/><\/a> <a href=\"https:\/\/scf.se\/landsvag\/wp-content\/uploads\/sites\/5\/2024\/06\/LINJEkomplettering4-1.jpeg\"><img loading=\"lazy\" decoding=\"async\" class=\"alignnone size-full wp-image-5606\" src=\"https:\/\/scf.se\/landsvag\/wp-content\/uploads\/sites\/5\/2024\/06\/LINJEkomplettering4-1.jpeg\" alt=\"\" width=\"1280\" height=\"764\" srcset=\"https:\/\/scf.se\/landsvag\/wp-content\/uploads\/sites\/5\/2024\/06\/LINJEkomplettering4-1.jpeg 1280w, https:\/\/scf.se\/landsvag\/wp-content\/uploads\/sites\/5\/2024\/06\/LINJEkomplettering4-1-300x179.jpeg 300w, https:\/\/scf.se\/landsvag\/wp-content\/uploads\/sites\/5\/2024\/06\/LINJEkomplettering4-1-1024x611.jpeg 1024w, https:\/\/scf.se\/landsvag\/wp-content\/uploads\/sites\/5\/2024\/06\/LINJEkomplettering4-1-768x458.jpeg 768w\" sizes=\"auto, (max-width: 1280px) 100vw, 1280px\" \/><\/a> <a href=\"https:\/\/scf.se\/landsvag\/wp-content\/uploads\/sites\/5\/2024\/06\/LINJEkomplettering3-1.jpeg\"><img loading=\"lazy\" decoding=\"async\" class=\"alignnone size-full wp-image-5605\" src=\"https:\/\/scf.se\/landsvag\/wp-content\/uploads\/sites\/5\/2024\/06\/LINJEkomplettering3-1.jpeg\" alt=\"\" width=\"1280\" height=\"973\" srcset=\"https:\/\/scf.se\/landsvag\/wp-content\/uploads\/sites\/5\/2024\/06\/LINJEkomplettering3-1.jpeg 1280w, https:\/\/scf.se\/landsvag\/wp-content\/uploads\/sites\/5\/2024\/06\/LINJEkomplettering3-1-300x228.jpeg 300w, https:\/\/scf.se\/landsvag\/wp-content\/uploads\/sites\/5\/2024\/06\/LINJEkomplettering3-1-1024x778.jpeg 1024w, https:\/\/scf.se\/landsvag\/wp-content\/uploads\/sites\/5\/2024\/06\/LINJEkomplettering3-1-768x584.jpeg 768w\" sizes=\"auto, (max-width: 1280px) 100vw, 1280px\" \/><\/a> <a href=\"https:\/\/scf.se\/landsvag\/wp-content\/uploads\/sites\/5\/2024\/06\/LINJEkomplettering2-1.jpeg\"><img loading=\"lazy\" decoding=\"async\" class=\"alignnone size-full wp-image-5604\" src=\"https:\/\/scf.se\/landsvag\/wp-content\/uploads\/sites\/5\/2024\/06\/LINJEkomplettering2-1.jpeg\" alt=\"\" width=\"1280\" height=\"1008\" srcset=\"https:\/\/scf.se\/landsvag\/wp-content\/uploads\/sites\/5\/2024\/06\/LINJEkomplettering2-1.jpeg 1280w, https:\/\/scf.se\/landsvag\/wp-content\/uploads\/sites\/5\/2024\/06\/LINJEkomplettering2-1-300x236.jpeg 300w, https:\/\/scf.se\/landsvag\/wp-content\/uploads\/sites\/5\/2024\/06\/LINJEkomplettering2-1-1024x806.jpeg 1024w, https:\/\/scf.se\/landsvag\/wp-content\/uploads\/sites\/5\/2024\/06\/LINJEkomplettering2-1-768x605.jpeg 768w\" sizes=\"auto, (max-width: 1280px) 100vw, 1280px\" \/><\/a>\n<p>Loppet hamnade i ett skarpt l\u00e4ge n\u00e4r det g\u00e4ller medaljkampen f\u00f6r Ahlsson och Pedersen. Det skulle sannolikt inte bli n\u00e5got guld i en spurt p\u00e5 tre.<\/p>\n<p>Lovidius har flera topplaceringar internationellt fr\u00e5n samlad klunga och var exempelvis trea p\u00e5 linje-SM i Tierp bakom den d\u00e4r grymt tajta spurtuppg\u00f6relsen mellan Lucas Eriksson och Hugo Forssell. Motalas p\u00e5 papperet vassaste spurtare f\u00f6r dagen, David Larsson och Ville Merl\u00f6v, fanns ju inte med d\u00e4rframme.<\/p>\n<a href=\"https:\/\/scf.se\/landsvag\/wp-content\/uploads\/sites\/5\/2024\/06\/KSMLovidius-1.jpeg\"><img loading=\"lazy\" decoding=\"async\" class=\"alignnone size-full wp-image-5577\" src=\"https:\/\/scf.se\/landsvag\/wp-content\/uploads\/sites\/5\/2024\/06\/KSMLovidius-1.jpeg\" alt=\"\" width=\"1280\" height=\"909\" srcset=\"https:\/\/scf.se\/landsvag\/wp-content\/uploads\/sites\/5\/2024\/06\/KSMLovidius-1.jpeg 1280w, https:\/\/scf.se\/landsvag\/wp-content\/uploads\/sites\/5\/2024\/06\/KSMLovidius-1-300x213.jpeg 300w, https:\/\/scf.se\/landsvag\/wp-content\/uploads\/sites\/5\/2024\/06\/KSMLovidius-1-1024x727.jpeg 1024w, https:\/\/scf.se\/landsvag\/wp-content\/uploads\/sites\/5\/2024\/06\/KSMLovidius-1-768x545.jpeg 768w\" sizes=\"auto, (max-width: 1280px) 100vw, 1280px\" \/><\/a>\n<a href=\"https:\/\/scf.se\/landsvag\/wp-content\/uploads\/sites\/5\/2024\/06\/LINJEkomplettering7-1-1.jpeg\"><img loading=\"lazy\" decoding=\"async\" class=\"alignnone size-full wp-image-5609\" src=\"https:\/\/scf.se\/landsvag\/wp-content\/uploads\/sites\/5\/2024\/06\/LINJEkomplettering7-1-1.jpeg\" alt=\"\" width=\"1280\" height=\"855\" srcset=\"https:\/\/scf.se\/landsvag\/wp-content\/uploads\/sites\/5\/2024\/06\/LINJEkomplettering7-1-1.jpeg 1280w, https:\/\/scf.se\/landsvag\/wp-content\/uploads\/sites\/5\/2024\/06\/LINJEkomplettering7-1-1-300x200.jpeg 300w, https:\/\/scf.se\/landsvag\/wp-content\/uploads\/sites\/5\/2024\/06\/LINJEkomplettering7-1-1-1024x684.jpeg 1024w, https:\/\/scf.se\/landsvag\/wp-content\/uploads\/sites\/5\/2024\/06\/LINJEkomplettering7-1-1-768x513.jpeg 768w\" sizes=\"auto, (max-width: 1280px) 100vw, 1280px\" \/><\/a>\n<blockquote><p>&#8221;Vi vill ju h\u00e5lla tillbaka det lite s\u00e5 vi inte bara skjutsar honom (Edvin) till segern till guldet. Men s\u00e5 var det ju\u00a0 j\u00e4ttebra l\u00e4ge f\u00f6r oss d\u00e5 vi var tv\u00e5 i en utbrytning p\u00e5 tre. Jag testade, fick en lucka direkt \u2013 och d\u00e5 var det bara att k\u00f6ra och satsa alla kort i den attacken&#8221;, s\u00e4ger Jonathan Ahlsson <a href=\"https:\/\/www.instagram.com\/p\/C8xID9oMiK9\/\">i en liten tv-intervju p\u00e5 SWE Cyclings SoMe.<\/a><\/p><\/blockquote>\n<a href=\"https:\/\/scf.se\/landsvag\/wp-content\/uploads\/sites\/5\/2024\/06\/Pris111.jpg\"><img loading=\"lazy\" decoding=\"async\" class=\"alignnone size-full wp-image-5579\" src=\"https:\/\/scf.se\/landsvag\/wp-content\/uploads\/sites\/5\/2024\/06\/Pris111.jpg\" alt=\"\" width=\"2015\" height=\"1356\" srcset=\"https:\/\/scf.se\/landsvag\/wp-content\/uploads\/sites\/5\/2024\/06\/Pris111.jpg 2015w, https:\/\/scf.se\/landsvag\/wp-content\/uploads\/sites\/5\/2024\/06\/Pris111-300x202.jpg 300w, https:\/\/scf.se\/landsvag\/wp-content\/uploads\/sites\/5\/2024\/06\/Pris111-1024x689.jpg 1024w, https:\/\/scf.se\/landsvag\/wp-content\/uploads\/sites\/5\/2024\/06\/Pris111-768x517.jpg 768w, https:\/\/scf.se\/landsvag\/wp-content\/uploads\/sites\/5\/2024\/06\/Pris111-1536x1034.jpg 1536w\" sizes=\"auto, (max-width: 2015px) 100vw, 2015px\" \/><\/a>\n<h3>S\u00e5 slutade herrarnas SM-kortdistans<\/h3>\n<ol>\n<li><strong>Jonathan Ahlsson<\/strong>, Motala AIF CK<\/li>\n<li><strong>Edvin Lovidius<\/strong>, S\u00f6dert\u00e4lje CK +0.36<\/li>\n<li><strong>Eric Pedersen<\/strong>, Motala AIF CK +0.45<\/li>\n<li><strong>Lukas Vernersson,<\/strong> Motala AIF CK +0.54<\/li>\n<li><strong>Carl Kagevi,<\/strong> S\u00f6dert\u00e4lje CK +o.59<\/li>\n<li><strong>Viktor Lychou<\/strong>, S\u00f6dert\u00e4lje CK +1.10<\/li>\n<li><strong>Paul Greijus<\/strong>, Motala AIF CK +1.10<\/li>\n<li><strong>Ville Merl\u00f6v,<\/strong> Motala AIF CK +1.10<\/li>\n<li><strong>Rasmus K\u00e4ll,<\/strong> Ryska Posten SK 1.10<\/li>\n<li><strong>Michael Wincent,<\/strong> Team UV IK +1.10<\/li>\n<\/ol>\n<p>Och som om det inte hade varit nog med Motalainslag p\u00e5 denna s\u00e5 delade \u00e4ven S\u00e4llskapet Gamla T\u00e4vlingscyklister (SGT) ut priset till den mest framg\u00e5ngsrika SM-klubben 2024. Det var j\u00e4mnt mellan Motala och Hymer men Motala vann \u00e4ven den kampen tack vare det sista loppet.<\/p>\n<a href=\"https:\/\/scf.se\/landsvag\/wp-content\/uploads\/sites\/5\/2024\/06\/KSMJonathan-1-1.jpeg\"><img loading=\"lazy\" decoding=\"async\" class=\"alignnone size-full wp-image-5599\" src=\"https:\/\/scf.se\/landsvag\/wp-content\/uploads\/sites\/5\/2024\/06\/KSMJonathan-1-1.jpeg\" alt=\"\" width=\"1280\" height=\"855\" srcset=\"https:\/\/scf.se\/landsvag\/wp-content\/uploads\/sites\/5\/2024\/06\/KSMJonathan-1-1.jpeg 1280w, https:\/\/scf.se\/landsvag\/wp-content\/uploads\/sites\/5\/2024\/06\/KSMJonathan-1-1-300x200.jpeg 300w, https:\/\/scf.se\/landsvag\/wp-content\/uploads\/sites\/5\/2024\/06\/KSMJonathan-1-1-1024x684.jpeg 1024w, https:\/\/scf.se\/landsvag\/wp-content\/uploads\/sites\/5\/2024\/06\/KSMJonathan-1-1-768x513.jpeg 768w\" sizes=\"auto, (max-width: 1280px) 100vw, 1280px\" \/><\/a> <a href=\"https:\/\/scf.se\/landsvag\/wp-content\/uploads\/sites\/5\/2024\/06\/ggg.jpg\"><img loading=\"lazy\" decoding=\"async\" class=\"alignnone size-full wp-image-5600\" src=\"https:\/\/scf.se\/landsvag\/wp-content\/uploads\/sites\/5\/2024\/06\/ggg.jpg\" alt=\"\" width=\"1284\" height=\"1298\" srcset=\"https:\/\/scf.se\/landsvag\/wp-content\/uploads\/sites\/5\/2024\/06\/ggg.jpg 1284w, https:\/\/scf.se\/landsvag\/wp-content\/uploads\/sites\/5\/2024\/06\/ggg-297x300.jpg 297w, https:\/\/scf.se\/landsvag\/wp-content\/uploads\/sites\/5\/2024\/06\/ggg-1013x1024.jpg 1013w, https:\/\/scf.se\/landsvag\/wp-content\/uploads\/sites\/5\/2024\/06\/ggg-768x776.jpg 768w\" sizes=\"auto, (max-width: 1284px) 100vw, 1284px\" \/><\/a>\n<ul>\n<li><a href=\"https:\/\/www.svtplay.se\/video\/ewqdkvx\/sm-veckan\/cykel-h?info=visa\"><em><strong>Kolla i SVT-s\u00e4ndningen fr\u00e5n herrarnas SM-race d\u00e4r <\/strong><\/em><\/a><a href=\"https:\/\/www.svtplay.se\/video\/ewqdkvx\/sm-veckan\/cykel-h?info=visa\"><em><strong>Ola Br\u00e4nholm och Alexander Wetterhall lotsar er igenom loppet. S\u00e5 in och kolla SVT Play h\u00e4r.<\/strong><\/em><\/a><\/li>\n<\/ul>\n<a href=\"https:\/\/scf.se\/landsvag\/wp-content\/uploads\/sites\/5\/2024\/06\/Ahlsson1111.jpg\"><img loading=\"lazy\" decoding=\"async\" class=\"alignnone size-full wp-image-5610\" src=\"https:\/\/scf.se\/landsvag\/wp-content\/uploads\/sites\/5\/2024\/06\/Ahlsson1111.jpg\" alt=\"\" width=\"1184\" height=\"1280\" srcset=\"https:\/\/scf.se\/landsvag\/wp-content\/uploads\/sites\/5\/2024\/06\/Ahlsson1111.jpg 1184w, https:\/\/scf.se\/landsvag\/wp-content\/uploads\/sites\/5\/2024\/06\/Ahlsson1111-278x300.jpg 278w, https:\/\/scf.se\/landsvag\/wp-content\/uploads\/sites\/5\/2024\/06\/Ahlsson1111-947x1024.jpg 947w, https:\/\/scf.se\/landsvag\/wp-content\/uploads\/sites\/5\/2024\/06\/Ahlsson1111-768x830.jpg 768w\" sizes=\"auto, (max-width: 1184px) 100vw, 1184px\" \/><\/a>\n<ul>\n<li><a href=\"https:\/\/www.instagram.com\/p\/C8xID9oMiK9\/\"><em><strong>SCF har en egen lite l\u00e4ngre intervju med Jonathan Ahlsson <\/strong><\/em><\/a><a href=\"https:\/\/www.instagram.com\/p\/C8xID9oMiK9\/\"><em><strong>h\u00e4r p\u00e5\u00a0 SWE Cycings Instagramkonto, eller om ni hellre vill p\u00e5 SWE Cycling FB.<\/strong><\/em><\/a><\/li>\n<\/ul>\n<p><em>Text och foto: Tomas Larsson\/SCF<\/em><\/p>\n<hr \/>\n<a href=\"https:\/\/scf.se\/forbundet\/hjalp-oss-sprida-ny-digital-broschyr-om-motionslicensens-fordelar\/\"><img loading=\"lazy\" decoding=\"async\" class=\"alignnone size-full wp-image-7197\" src=\"https:\/\/scf.se\/forbundet\/wp-content\/uploads\/sites\/9\/2024\/03\/Kop-licens-cykelmagasinet4.jpg\" alt=\"\" width=\"2000\" height=\"655\" \/><\/a>\n","protected":false},"excerpt":{"rendered":"<p>Oj, vilket h\u00e4rligt och sp\u00e4nnande cykellopp det blev n\u00e4r Motala dominerade herrarnas SM-kortdistans \u2013 mest utmanade av S\u00f6dert\u00e4lje. Logisk pall efter 2024 \u00e5rs kortdistans-SM d\u00e4rmed: Jonathan Ahlsson, Edvin Lovidius och Eric Pedersen d\u00e4r guld och brons gick till Motala AIF CK och silvret d\u00e5 till S\u00f6dert\u00e4ljes kapten denna varma och klibbiga SM-dag d\u00e5 \u00e5skv\u00e4dret<a href=\"https:\/\/scf.se\/landsvag\/motalas-och-jonathan-ahlssons-skont-offensiva-korning-gav-sm-guld\/\" class=\"news-card__more\"> &#8230;<\/a><\/p>\n","protected":false},"author":41,"featured_media":5576,"comment_status":"open","ping_status":"open","sticky":false,"template":"","format":"standard","meta":{"_acf_changed":false,"footnotes":""},"categories":[1],"tags":[],"class_list":["post-5573","post","type-post","status-publish","format-standard","hentry","category-landsvag"],"acf":[],"_links":{"self":[{"href":"https:\/\/scf.se\/landsvag\/wp-json\/wp\/v2\/posts\/5573","targetHints":{"allow":["GET"]}}],"collection":[{"href":"https:\/\/scf.se\/landsvag\/wp-json\/wp\/v2\/posts"}],"about":[{"href":"https:\/\/scf.se\/landsvag\/wp-json\/wp\/v2\/types\/post"}],"author":[{"embeddable":true,"href":"https:\/\/scf.se\/landsvag\/wp-json\/wp\/v2\/users\/41"}],"replies":[{"embeddable":true,"href":"https:\/\/scf.se\/landsvag\/wp-json\/wp\/v2\/comments?post=5573"}],"version-history":[{"count":23,"href":"https:\/\/scf.se\/landsvag\/wp-json\/wp\/v2\/posts\/5573\/revisions"}],"predecessor-version":[{"id":5615,"href":"https:\/\/scf.se\/landsvag\/wp-json\/wp\/v2\/posts\/5573\/revisions\/5615"}],"wp:featuredmedia":[{"embeddable":true,"href":"https:\/\/scf.se\/landsvag\/wp-json\/wp\/v2\/media\/5576"}],"wp:attachment":[{"href":"https:\/\/scf.se\/landsvag\/wp-json\/wp\/v2\/media?parent=5573"}],"wp:term":[{"taxonomy":"category","embeddable":true,"href":"https:\/\/scf.se\/landsvag\/wp-json\/wp\/v2\/categories?post=5573"},{"taxonomy":"post_tag","embeddable":true,"href":"https:\/\/scf.se\/landsvag\/wp-json\/wp\/v2\/tags?post=5573"}],"curies":[{"name":"wp","href":"https:\/\/api.w.org\/{rel}","templated":true}]}}