
{"id":5530,"date":"2024-06-26T18:48:27","date_gmt":"2024-06-26T16:48:27","guid":{"rendered":"https:\/\/scf.se\/landsvag\/?p=5530"},"modified":"2024-06-29T00:49:13","modified_gmt":"2024-06-28T22:49:13","slug":"manga-medaljkandidater-i-landsvag-kortbana-sarskilt-pa-herrsidan","status":"publish","type":"post","link":"https:\/\/scf.se\/landsvag\/manga-medaljkandidater-i-landsvag-kortbana-sarskilt-pa-herrsidan\/","title":{"rendered":"Kan Forssell och Frantzich f\u00f6rsvara sina titlar i \u00f6ppen SM-kortdistans?"},"content":{"rendered":"<p><strong>Knappt har landsv\u00e4gs-SM i Link\u00f6ping med flera minnesv\u00e4rda lopp ebbat ut till tonerna av stadens musikikon Lars Winnerb\u00e4ck innan det \u00e4r dags f\u00f6r en ny h\u00f6jdare. Det \u00e4r gl\u00e4djande nog 65 anm\u00e4lda cyklister till det SVT-s\u00e4nda SM i kortdistans p\u00e5 fredagen i V\u00e4ster\u00e5s. Matilda Frantzich och Clara Lundmark f\u00e5r ses som favoriter p\u00e5 damsidan medan det kan h\u00e4nda mycket i kampen mellan Hymer, Motala och S\u00f6dert\u00e4lje p\u00e5 herrsidan.<\/strong><\/p>\n<p>H\u00e4r i V\u00e4ster\u00e5s har vi verkligen solen i \u00f6gonen under onsdagen och torsdagen om man ska travestera Winnerb\u00e4ck, i skrivande stund p\u00e5 torsdagseftermiddagen 32 grader i skuggan och vindstilla. Men det vankas regn med inslag av \u00e5ska under kortbane-SM, vilket i s\u00e5 fall skulle g\u00f6ra t\u00e4vlingarna mera ovissa.<\/p>\n<p>Vi b\u00f6rjar med damernas lopp som tyv\u00e4rr inte har mer \u00e4n 14 deltagare, men h\u00e5ller bra klass med exempelvis tv\u00e5an och trean p\u00e5 SM-linjeloppet Matilda Frantzich och Clara Lundmark som till synes uppenbart \u00e4r loppets tv\u00e5 stora favoriter om ingen lyckas med en utbrytning. \u00c4ven veteranen Sofie Rosencrantz kan verkligen spurta ska s\u00e4gas.<\/p>\n<a href=\"https:\/\/scf.se\/landsvag\/wp-content\/uploads\/sites\/5\/2023\/06\/Efterbilder3.jpg\"><img loading=\"lazy\" decoding=\"async\" class=\"alignnone size-full wp-image-4278\" src=\"https:\/\/scf.se\/landsvag\/wp-content\/uploads\/sites\/5\/2023\/06\/Efterbilder3.jpg\" alt=\"\" width=\"2016\" height=\"1512\" srcset=\"https:\/\/scf.se\/landsvag\/wp-content\/uploads\/sites\/5\/2023\/06\/Efterbilder3.jpg 2016w, https:\/\/scf.se\/landsvag\/wp-content\/uploads\/sites\/5\/2023\/06\/Efterbilder3-300x225.jpg 300w, https:\/\/scf.se\/landsvag\/wp-content\/uploads\/sites\/5\/2023\/06\/Efterbilder3-1024x768.jpg 1024w, https:\/\/scf.se\/landsvag\/wp-content\/uploads\/sites\/5\/2023\/06\/Efterbilder3-768x576.jpg 768w, https:\/\/scf.se\/landsvag\/wp-content\/uploads\/sites\/5\/2023\/06\/Efterbilder3-1536x1152.jpg 1536w\" sizes=\"auto, (max-width: 2016px) 100vw, 2016px\" \/><\/a>\n<p>Frantzich har en fantastisk platssiffra fr\u00e5n kortdistans-SM i Link\u00f6ping och fram\u00e5t om man \u00e4ven inkluderar tv\u00e5 g\u00e5nger linje-SM under den tiden: 2, 6, 1, 2. Vi har f\u00f6rra \u00e5rets JEM-nia i tempo, Ella Wahlstr\u00f6m, som i \u00e5r k\u00f6r f\u00f6r arrang\u00f6rsklubben V\u00e4ster\u00e5s som g\u00f6r en ganska intressant start som f\u00f6rsta\u00e5rssenior.<\/p>\n<p>Vi bad assisterande f\u00f6rbundskaptenen och SVT:s expertkommentator under fredagen, Alexander Wetterhall, ge oss lite experttips p\u00e5 damsidan.<\/p>\n<blockquote><p>&#8221;Ja, den \u00e4r bra den d\u00e4r platssiffran och det faktum att Matilda Frantzich tog spurten om silvret i Link\u00f6ping ganska klart med ett s\u00e5 l\u00e5ngt lopp i benen g\u00f6r att hon kanske b\u00f6r vara fredagens stora favorit. Det ska p\u00e5 papperet st\u00e5 mellan henne och Clara Lundmark: Sedan finns Ella och ett par till medaljkandidater, men ska jag n\u00e4mna en oursider som kan g\u00e5 hela v\u00e4gen blir det mountainbiketjejen Elin Karlsson&#8221;, s\u00e4ger Alexander Wetterhall.<\/p><\/blockquote>\n<a href=\"https:\/\/scf.se\/landsvag\/wp-content\/uploads\/sites\/5\/2024\/06\/Komplettering2.jpg\"><img loading=\"lazy\" decoding=\"async\" class=\"alignnone size-full wp-image-5537\" src=\"https:\/\/scf.se\/landsvag\/wp-content\/uploads\/sites\/5\/2024\/06\/Komplettering2.jpg\" alt=\"\" width=\"1696\" height=\"1338\" srcset=\"https:\/\/scf.se\/landsvag\/wp-content\/uploads\/sites\/5\/2024\/06\/Komplettering2.jpg 1696w, https:\/\/scf.se\/landsvag\/wp-content\/uploads\/sites\/5\/2024\/06\/Komplettering2-300x237.jpg 300w, https:\/\/scf.se\/landsvag\/wp-content\/uploads\/sites\/5\/2024\/06\/Komplettering2-1024x808.jpg 1024w, https:\/\/scf.se\/landsvag\/wp-content\/uploads\/sites\/5\/2024\/06\/Komplettering2-768x606.jpg 768w, https:\/\/scf.se\/landsvag\/wp-content\/uploads\/sites\/5\/2024\/06\/Komplettering2-1536x1212.jpg 1536w\" sizes=\"auto, (max-width: 1696px) 100vw, 1696px\" \/><\/a>\n<p>Elin Karlsson vann som bekant XCE-loppet i V\u00e4ster\u00e5s d\u00e5 hon hade mera kraft i benen \u00e4n teknik f\u00f6r dagen, enligt egen utsago i intervjun med undertecknad. P\u00e5 landsv\u00e4g k\u00f6r hon f\u00f6r Borl\u00e4nge CK och i MTB tillh\u00f6r hon sedan i \u00e5r det vassa Team 31. H\u00e4r ska verkligen noteras att Borl\u00e4nge Cykelklubb har ett starkt lag s\u00e5 minst en medalj p\u00e5 detta SM k\u00e4nns rimligt.<\/p>\n<h3>Startlista SM landv\u00e4g kortdistans damer<\/h3>\n<ul>\n<li><strong>Matilda Frantzich<\/strong>, CK Ringen<\/li>\n<li><strong>\u00c5sa Wallinder<\/strong>, V\u00e4ster\u00e5s CK<\/li>\n<li><strong>Thea Johansson<\/strong>, CK Ringen<\/li>\n<li><strong>Sofie Rosencrantz<\/strong>, CK \u00d6resund<\/li>\n<li><strong>Catrin Nilsson<\/strong>, Athletic Club Salt Lake<\/li>\n<li><strong>Ida Ossiansson<\/strong>, Borl\u00e4nge CK<\/li>\n<li><strong>\u00c5sa Karlsson<\/strong>, Borl\u00e4nge CK<\/li>\n<li><strong>Elin Karlsson<\/strong>, Borl\u00e4nge CK<\/li>\n<li><strong>Therese Fjord\u00e4ng<\/strong>, \u00d6rebrocyklisterna<\/li>\n<li><strong>Karin Pettersson<\/strong>, J\u00f6nk\u00f6pings CK<\/li>\n<li><strong>Clara Lundmark<\/strong>, Norbergs CK<\/li>\n<li><strong>Ella Wahlstr\u00f6m<\/strong>, V\u00e4ster\u00e5s CK<\/li>\n<li><strong>Helena Smeder\u00f6d<\/strong>, Borl\u00e4nge CK<\/li>\n<li><strong>Tilina Levin<\/strong>, \u00d6restadscyklisterna<\/li>\n<\/ul>\n<p>\u00d6ver 50 anm\u00e4lda i herrklassen p\u00e5 ett kortdistans-SM fr\u00e5n pandemi\u00e5ren och fram\u00e5t \u00e4r riktigt kul att pr\u00e4nta dit i historieb\u00f6ckerna. Och det finns p\u00e5tagligt m\u00e5nga duktiga cyklister i klungan som kommer att avta i storlek varv efter varv tills det kanske \u00e5terst\u00e5r maximalt halva.<\/p>\n<p>Tre rej\u00e4lt starka klubbar i Hymer, Motala och S\u00f6dert\u00e4lje och troligen bl\u00f6tt underlag vartefter ger alla m\u00f6jligheter till taktisk r\u00e4vspel. Och vem \u00e4r d\u00e5 f\u00f6rst \u00f6ver m\u00e5llinjen? P\u00e5 papperet sticker fjol\u00e5rsm\u00e4staren ut mest \u00e4ven h\u00e4r, Hugo Forssell med andra ord.<\/p>\n<a href=\"https:\/\/scf.se\/landsvag\/wp-content\/uploads\/sites\/5\/2023\/06\/HugoWincent3.jpg\"><img loading=\"lazy\" decoding=\"async\" class=\"alignnone size-full wp-image-4287\" src=\"https:\/\/scf.se\/landsvag\/wp-content\/uploads\/sites\/5\/2023\/06\/HugoWincent3.jpg\" alt=\"\" width=\"1280\" height=\"892\" srcset=\"https:\/\/scf.se\/landsvag\/wp-content\/uploads\/sites\/5\/2023\/06\/HugoWincent3.jpg 1280w, https:\/\/scf.se\/landsvag\/wp-content\/uploads\/sites\/5\/2023\/06\/HugoWincent3-300x209.jpg 300w, https:\/\/scf.se\/landsvag\/wp-content\/uploads\/sites\/5\/2023\/06\/HugoWincent3-1024x714.jpg 1024w, https:\/\/scf.se\/landsvag\/wp-content\/uploads\/sites\/5\/2023\/06\/HugoWincent3-768x535.jpg 768w\" sizes=\"auto, (max-width: 1280px) 100vw, 1280px\" \/><\/a>\n<a href=\"https:\/\/scf.se\/landsvag\/wp-content\/uploads\/sites\/5\/2023\/06\/HugoWincent.jpg\"><img loading=\"lazy\" decoding=\"async\" class=\"alignnone size-full wp-image-4289\" src=\"https:\/\/scf.se\/landsvag\/wp-content\/uploads\/sites\/5\/2023\/06\/HugoWincent.jpg\" alt=\"\" width=\"2015\" height=\"1400\" srcset=\"https:\/\/scf.se\/landsvag\/wp-content\/uploads\/sites\/5\/2023\/06\/HugoWincent.jpg 2015w, https:\/\/scf.se\/landsvag\/wp-content\/uploads\/sites\/5\/2023\/06\/HugoWincent-300x208.jpg 300w, https:\/\/scf.se\/landsvag\/wp-content\/uploads\/sites\/5\/2023\/06\/HugoWincent-1024x711.jpg 1024w, https:\/\/scf.se\/landsvag\/wp-content\/uploads\/sites\/5\/2023\/06\/HugoWincent-768x534.jpg 768w, https:\/\/scf.se\/landsvag\/wp-content\/uploads\/sites\/5\/2023\/06\/HugoWincent-1536x1067.jpg 1536w\" sizes=\"auto, (max-width: 2015px) 100vw, 2015px\" \/><\/a>\n<p>Men det finns m\u00e5nga flera om budet \u00e4n f\u00f6rra \u00e5ret d\u00e5 Michael Wincent, Team UV IK, och\u00a0Carl Kagevi, i \u00e5r i S\u00f6dert\u00e4lje CK, var de som n\u00e4rmast utmanade. \u00c5rets startf\u00e4lt har betydligt vassare bredd p\u00e5 toppen.<\/p>\n<p>Vi tar in v\u00e5r expert Alexander Wetterhall igen f\u00f6r att s\u00e5lla lite bland de m\u00e5nga t\u00e4nkbara medalj\u00f6rerna i herrloppet. F\u00f6rst blir det just v\u00e4ldigt m\u00e5nga namn.<\/p>\n<blockquote><p>&#8221;Man m\u00e5ste ju n\u00e4mna Hugo Forssell som vann f\u00f6rra \u00e5ret. Han har ju med sig Lukas Merkel ocks\u00e5 som tog medalj p\u00e5 MTB-sprinten h\u00e4r i V\u00e4ster\u00e5s. Som jag ser det \u00e4r Ville Merl\u00f6v och Paul Greijus tv\u00e5 intressanta namn fr\u00e5n Motala (b\u00e5da f\u00f6rsta\u00e5rsseniorer med CX-vana d\u00e4r det kan vara lite st\u00f6kigt p\u00e5 sina h\u00e5ll, v\u00e5r anm\u00e4rkning). Det blir ju ett \u00d6stg\u00f6taderby d\u00e4r. Men vi har \u00e4ven s\u00e5dana som Edvin Lovidius, Carl Kagevi och Viktor Lychou fr\u00e5n S\u00f6dert\u00e4lje CK som kan sm\u00e4lla till ordentligt. Sedan har vi en outsider i David Larsson, som ocks\u00e5 k\u00f6r f\u00f6r Motala, som vann klungspurten om femteplatsen p\u00e5 linje-SM. Han verkar vara p\u00e5 hugget igen. Sedan finns det faktiskt n\u00e5gra till som kan vara med om i kampen om medalj&#8221;, s\u00e4ger Wetterhall entusiastiskt.<\/p><\/blockquote>\n<p>Pust. Det var ett g\u00e4ng det. Med r\u00e4tta. Vi ska notera att n\u00e4mnde Larsson slog Forssell i just den spurten \u2013 med ett v\u00e4ldigt l\u00e5ngt upplopp. Det \u00e4r ett ovisst herrlopp d\u00e4r bara m\u00e4ngden cyklister p\u00e5 en fin citybana \u00e4r en parameter.<\/p>\n<p><strong>Men om du bara ska plocka fram tv\u00e5-tre av alla dessa, vilka blir det?<\/strong><\/p>\n<blockquote><p>&#8221;D\u00e5 ser jag Hugo Forssell och Edvin Lovidius som de starkaste spurtarna och st\u00f6rsta f\u00f6rhandsfavoriterna men vill \u00e4ven sl\u00e4nga med Ville Merl\u00f6v. D\u00e4r har du tre!&#8221;<\/p><\/blockquote>\n<a href=\"https:\/\/scf.se\/landsvag\/wp-content\/uploads\/sites\/5\/2024\/05\/EdvinL2-1.jpg\"><img loading=\"lazy\" decoding=\"async\" class=\"alignnone size-full wp-image-5218\" src=\"https:\/\/scf.se\/landsvag\/wp-content\/uploads\/sites\/5\/2024\/05\/EdvinL2-1.jpg\" alt=\"\" width=\"850\" height=\"608\" srcset=\"https:\/\/scf.se\/landsvag\/wp-content\/uploads\/sites\/5\/2024\/05\/EdvinL2-1.jpg 850w, https:\/\/scf.se\/landsvag\/wp-content\/uploads\/sites\/5\/2024\/05\/EdvinL2-1-300x215.jpg 300w, https:\/\/scf.se\/landsvag\/wp-content\/uploads\/sites\/5\/2024\/05\/EdvinL2-1-768x549.jpg 768w\" sizes=\"auto, (max-width: 850px) 100vw, 850px\" \/><\/a>\n<p>Minns att Lovidius i v\u00e5ras var centimetrar fr\u00e5n att vinna en etapp med landslaget och har burit ledartr\u00f6jor. Ville Merl\u00f6v hade n\u00e5gra monsterf\u00f6rningar p\u00e5 SM-linjeloppet som beredde v\u00e4g till Jacob Erikssons SM-guld och den egna U23-tr\u00f6jan.<\/p>\n<p>Det \u00e5terst\u00e5r att se hur det g\u00e5r och om det blir Pugh Rogefeldt i h\u00f6gtalarna efter prisutdelningen denna g\u00e5ng&#8230;<\/p>\n<h3>Startlista SM landv\u00e4g kortdistans herrar<\/h3>\n<ul>\n<li><strong>Patrik St\u00e5hl<\/strong>, Ramn\u00e4s CK<\/li>\n<li><strong>Tobias Stridsberg<\/strong>, S\u00f6dert\u00e4lje CK<\/li>\n<li><strong>Oliver Stridsberg<\/strong>, S\u00f6dert\u00e4lje CK<\/li>\n<li><strong>Michael Wincent<\/strong>, Team UV IK<\/li>\n<li><strong>Linus Backlund<\/strong>, Uddevalla CK<\/li>\n<li><strong>Alexander Weifenbach<\/strong>, \u00c4ngby cycling club<\/li>\n<li><strong>Patrick Strack<\/strong>, \u00c4ngby cycling club<\/li>\n<li><strong>Rasmus Mikiver<\/strong>, CK Hymer<\/li>\n<li><strong>Isac Morberg<\/strong>, Kia Merida racing team CK<\/li>\n<li><strong>Hugo Forssell<\/strong>, CK Hymer<\/li>\n<li><strong>Henrik Lundberg<\/strong>, \u00d6stra Aros CK<\/li>\n<li><strong>Fredrik Preinitz<\/strong>, \u00d6stra Aros CK<\/li>\n<li><strong>Joel Rydergren<\/strong>, CK Hymer<\/li>\n<li><strong>Rasmus K\u00e4ll<\/strong>, Ryska Posten SK<\/li>\n<li><strong>Aron Simon Aytsegeb<\/strong>, Upsala CK<\/li>\n<li><strong>Jimmy Carlsson<\/strong>, Ryska Posten SK<\/li>\n<li><strong>Alfred Oldin<\/strong>, Motala AIF CK<\/li>\n<li><strong>Lucas Graf<\/strong>, Ryska Posten SK<\/li>\n<li><strong>Emil Brohlin<\/strong>, Athletic Club Salt Lake<\/li>\n<li><strong>Neo Viking<\/strong>, S\u00f6dert\u00e4lje CK<\/li>\n<li><strong>Oskar Persson<\/strong>, S\u00f6dert\u00e4lje CK<\/li>\n<li><strong>Johan Lindvall<\/strong>, CK Ringen<\/li>\n<li><strong>Jacob Jansson<\/strong>, CK Ringen<\/li>\n<li><strong>Lukas Vernersson<\/strong>, Motala AIF CK<\/li>\n<li><strong>Leonardo Trevisan<\/strong>, \u00c4ngby cycling club<\/li>\n<li><strong>Ville Merl\u00f6v<\/strong>, Motala AIF CK<\/li>\n<li><strong>Niklas Jagerst\u00e5l<\/strong>, Motala AIF CK<\/li>\n<li><strong>Eric Pedersen<\/strong>, Motala AIF CK<\/li>\n<li><strong>Gustav Nystrand<\/strong>, CK Hymer<\/li>\n<li><strong>Viktor Lychou<\/strong>, S\u00f6dert\u00e4lje CK<\/li>\n<li><strong>Colin Ossiansson<\/strong>, Motala AIF CK<\/li>\n<li><strong>Simon Cederfjord<\/strong>, CK Bure<\/li>\n<li><strong>Ludwig Honauer<\/strong>, CK Bure<\/li>\n<li><strong>Paul Greijus<\/strong>, Motala AIF CK<\/li>\n<li><strong>Jean Verhaeghe<\/strong>, \u00c4ngby cycling club<\/li>\n<li><strong>Johan Nystr\u00f6m<\/strong>, Carba Sports Club<\/li>\n<li><strong>Carl Kagevi<\/strong>, S\u00f6dert\u00e4lje CK<\/li>\n<li><strong>Fredrik Johansson<\/strong>, Motala AIF CK<\/li>\n<li><strong>Hugo Lennartsson<\/strong>, Mariestadcyklisten<\/li>\n<li><strong>Lukas Merkel<\/strong>, CK Hymer<\/li>\n<li><strong>Andreas Blomqvist<\/strong>, Borl\u00e4nge CK<\/li>\n<li><strong>Abel Brhane<\/strong>, Upsala CK<\/li>\n<li><strong>M\u00e5rten Knutsson<\/strong>, Ryska Posten SK<\/li>\n<li><strong>Lukas Nystr\u00f6m<\/strong>, Team UV IK<\/li>\n<li><strong>Gustav Thompson<\/strong>, M\u00f6lndals CK<\/li>\n<li><strong>Oskar Pettersson<\/strong>, CK Hymer<\/li>\n<li><strong>Victor Hillerstr\u00f6m Rundh<\/strong>, CK Hymer<\/li>\n<li><strong>Jonathan Ahlsson<\/strong>, Motala AIF CK<\/li>\n<li><strong>Edvin Lovidius<\/strong>, S\u00f6dert\u00e4lje CK<\/li>\n<li><strong>David Larsson<\/strong>, Motala AIF CK<\/li>\n<li><strong>Axel Flodkvist<\/strong>, Eskilstuna CK<\/li>\n<\/ul>\n<h3>S\u00e5 s\u00e4nder SVT fr\u00e5n landsv\u00e4g kortbana<\/h3>\n<ul>\n<li><em><strong>Fredag 28 juni:<\/strong> Kortdistans damer; 10.15\u201311.30, SVT1\/SVT Play. Expertkommentator Alexander Wetterhall. <a href=\"https:\/\/www.svtplay.se\/video\/jmyJzAP\/sm-veckan\/huvudsandning?video=visa\"><strong>Kolla SVT Play-s\u00e4ndningen h\u00e4r!<\/strong><\/a><\/em><\/li>\n<li><em><strong>Fredag 28 juni:<\/strong> Kortdistans herrar: 12.45\u201314.00, SVT1\/SVT Play. Expertkommentator Alexander Wetterhall. <a href=\"https:\/\/www.svtplay.se\/video\/jmyJzAP\/sm-veckan\/huvudsandning?video=visa\"><strong>Kolla SVT Play-s\u00e4ndningen h\u00e4r!<\/strong><\/a><br \/>\n<\/em><\/li>\n<\/ul>\n<p>P\u00e5 l\u00f6rdag f\u00f6rmiddag avslutas cykeldelen av SM-veckan sommar med para jaktstart f\u00f6r handcyklistera. Mera om det p\u00e5 fredagseftermiddagen.<\/p>\n<p><em>Text och foto: Tomas Larsson\/SCF<\/em><\/p>\n<hr \/>\n<a href=\"https:\/\/scf.se\/forbundet\/hjalp-oss-sprida-ny-digital-broschyr-om-motionslicensens-fordelar\/\"><img loading=\"lazy\" decoding=\"async\" class=\"alignnone size-full wp-image-7197\" src=\"https:\/\/scf.se\/forbundet\/wp-content\/uploads\/sites\/9\/2024\/03\/Kop-licens-cykelmagasinet4.jpg\" alt=\"\" width=\"2000\" height=\"655\" \/><\/a>\n","protected":false},"excerpt":{"rendered":"<p>Knappt har landsv\u00e4gs-SM i Link\u00f6ping med flera minnesv\u00e4rda lopp ebbat ut till tonerna av stadens musikikon Lars Winnerb\u00e4ck innan det \u00e4r dags f\u00f6r en ny h\u00f6jdare. Det \u00e4r gl\u00e4djande nog 65 anm\u00e4lda cyklister till det SVT-s\u00e4nda SM i kortdistans p\u00e5 fredagen i V\u00e4ster\u00e5s. Matilda Frantzich och Clara Lundmark f\u00e5r ses som favoriter p\u00e5 damsidan<a href=\"https:\/\/scf.se\/landsvag\/manga-medaljkandidater-i-landsvag-kortbana-sarskilt-pa-herrsidan\/\" class=\"news-card__more\"> &#8230;<\/a><\/p>\n","protected":false},"author":41,"featured_media":4286,"comment_status":"open","ping_status":"open","sticky":false,"template":"","format":"standard","meta":{"_acf_changed":false,"footnotes":""},"categories":[1],"tags":[],"class_list":["post-5530","post","type-post","status-publish","format-standard","hentry","category-landsvag"],"acf":[],"_links":{"self":[{"href":"https:\/\/scf.se\/landsvag\/wp-json\/wp\/v2\/posts\/5530","targetHints":{"allow":["GET"]}}],"collection":[{"href":"https:\/\/scf.se\/landsvag\/wp-json\/wp\/v2\/posts"}],"about":[{"href":"https:\/\/scf.se\/landsvag\/wp-json\/wp\/v2\/types\/post"}],"author":[{"embeddable":true,"href":"https:\/\/scf.se\/landsvag\/wp-json\/wp\/v2\/users\/41"}],"replies":[{"embeddable":true,"href":"https:\/\/scf.se\/landsvag\/wp-json\/wp\/v2\/comments?post=5530"}],"version-history":[{"count":18,"href":"https:\/\/scf.se\/landsvag\/wp-json\/wp\/v2\/posts\/5530\/revisions"}],"predecessor-version":[{"id":5550,"href":"https:\/\/scf.se\/landsvag\/wp-json\/wp\/v2\/posts\/5530\/revisions\/5550"}],"wp:featuredmedia":[{"embeddable":true,"href":"https:\/\/scf.se\/landsvag\/wp-json\/wp\/v2\/media\/4286"}],"wp:attachment":[{"href":"https:\/\/scf.se\/landsvag\/wp-json\/wp\/v2\/media?parent=5530"}],"wp:term":[{"taxonomy":"category","embeddable":true,"href":"https:\/\/scf.se\/landsvag\/wp-json\/wp\/v2\/categories?post=5530"},{"taxonomy":"post_tag","embeddable":true,"href":"https:\/\/scf.se\/landsvag\/wp-json\/wp\/v2\/tags?post=5530"}],"curies":[{"name":"wp","href":"https:\/\/api.w.org\/{rel}","templated":true}]}}