
{"id":5503,"date":"2024-06-22T19:42:08","date_gmt":"2024-06-22T17:42:08","guid":{"rendered":"https:\/\/scf.se\/landsvag\/?p=5503"},"modified":"2024-06-24T00:37:54","modified_gmt":"2024-06-23T22:37:54","slug":"mika-soderstrom-gick-solo-mot-sm-guld-elin-alsjo-vann-damjunior","status":"publish","type":"post","link":"https:\/\/scf.se\/landsvag\/mika-soderstrom-gick-solo-mot-sm-guld-elin-alsjo-vann-damjunior\/","title":{"rendered":"Mika S\u00f6derstr\u00f6m solo mot guldet efter ett imponerande SM-linjelopp"},"content":{"rendered":"<p><strong>Mika S\u00f6derstr\u00f6m var loss tidigt f\u00f6rra \u00e5ret f\u00f6r att hj\u00e4lpa Stockholm CK-laget d\u00e5 hon inte var p\u00e5 topp fysiskt p\u00e5 Tierp Arena. I Link\u00f6ping stack hon igen och nu fanns det desto mera krafter. N\u00e4r inga lyckades ta luckan n\u00e4r avst\u00e5ndet var rimligt rann segermarginalen i v\u00e4g till \u00f6ver \u00e5tta minuter.<\/strong><\/p>\n<p>Det pendlade ett bra tag kring minuten, men sedan \u00f6kade det. Och utan stora lag eller andra konstellationer som var starka nog att k\u00f6ra in detta s\u00e5 hamnade snart gapet mellan Mika och klungan p\u00e5 n\u00e4ra nog tre minuter.<\/p>\n<a href=\"https:\/\/scf.se\/landsvag\/wp-content\/uploads\/sites\/5\/2024\/06\/Damklungan-1.jpeg\"><img loading=\"lazy\" decoding=\"async\" class=\"alignnone size-full wp-image-5527\" src=\"https:\/\/scf.se\/landsvag\/wp-content\/uploads\/sites\/5\/2024\/06\/Damklungan-1.jpeg\" alt=\"\" width=\"1280\" height=\"789\" srcset=\"https:\/\/scf.se\/landsvag\/wp-content\/uploads\/sites\/5\/2024\/06\/Damklungan-1.jpeg 1280w, https:\/\/scf.se\/landsvag\/wp-content\/uploads\/sites\/5\/2024\/06\/Damklungan-1-300x185.jpeg 300w, https:\/\/scf.se\/landsvag\/wp-content\/uploads\/sites\/5\/2024\/06\/Damklungan-1-1024x631.jpeg 1024w, https:\/\/scf.se\/landsvag\/wp-content\/uploads\/sites\/5\/2024\/06\/Damklungan-1-768x473.jpeg 768w\" sizes=\"auto, (max-width: 1280px) 100vw, 1280px\" \/><\/a>\n<p>Med tv\u00e5 varv och drygt 24,4 kilometer kvar var det mera exakt 2.38 ner till klungan d\u00e4r d\u00e5 en annan av klasscyklisterna i klungan, Julia Borgstr\u00f6m, anf\u00f6rde och h\u00f6ll fart. Men d\u00e5 det snarare \u00f6kade sju-\u00e5tta sekunder \u00e4n minskade s\u00e5 var det liksom till att b\u00f6rja k\u00f6ra f\u00f6r andraplatsen som bland annat Caroline Andersson var inne p\u00e5 i OS-intervjun h\u00e4r invid.<\/p>\n<a href=\"https:\/\/scf.se\/landsvag\/wp-content\/uploads\/sites\/5\/2024\/06\/Mika2.jpg\"><img loading=\"lazy\" decoding=\"async\" class=\"alignnone size-full wp-image-5516\" src=\"https:\/\/scf.se\/landsvag\/wp-content\/uploads\/sites\/5\/2024\/06\/Mika2.jpg\" alt=\"\" width=\"1764\" height=\"1394\" srcset=\"https:\/\/scf.se\/landsvag\/wp-content\/uploads\/sites\/5\/2024\/06\/Mika2.jpg 1764w, https:\/\/scf.se\/landsvag\/wp-content\/uploads\/sites\/5\/2024\/06\/Mika2-300x237.jpg 300w, https:\/\/scf.se\/landsvag\/wp-content\/uploads\/sites\/5\/2024\/06\/Mika2-1024x809.jpg 1024w, https:\/\/scf.se\/landsvag\/wp-content\/uploads\/sites\/5\/2024\/06\/Mika2-768x607.jpg 768w, https:\/\/scf.se\/landsvag\/wp-content\/uploads\/sites\/5\/2024\/06\/Mika2-1536x1214.jpg 1536w\" sizes=\"auto, (max-width: 1764px) 100vw, 1764px\" \/><\/a>\n<p>Mika t\u00e4nkte s\u00e5 h\u00e4r n\u00e4r hon fick en minut s\u00e5 tidigt.<\/p>\n<blockquote><p>&#8221;Det \u00e4r l\u00e4tt att bli alldeles f\u00f6r ivrig och b\u00f6rja k\u00f6ra f\u00f6r h\u00e5rt tidigt. Sju mil \u00e4r \u00e4nd\u00e5 r\u00e4tt l\u00e5ngt att paca sig. Jag fick tidsangivelser och h\u00f6ll det p\u00e5 en niv\u00e5 som jag trodde att jag skulle kunna h\u00e5lla \u00e4nda in. Och om tiden jag hade skulle b\u00f6rja g\u00e5 ned\u00e5t skulle jag ha kvar n\u00e5got om de kom i kapp&#8221;, s\u00e4ger Mika S\u00f6derstr\u00f6m direkt efter att ha kvitterat ut en SM-guldmedalj, m\u00e4startr\u00f6jan och S\u00e4llskapet Gamla t\u00e4vlingscyklister m\u00e4starkedja f\u00f6r b\u00e4sta cyklist n\u00e4r man sl\u00e5r ihop tempot i V\u00e4sterl\u00f6sa och linjeloppet i <span class=\"ILfuVd\" lang=\"sv\"><span class=\"hgKElc\">Vallastaden.<\/span><\/span><\/p><\/blockquote>\n<div id=\"attachment_5508\" class=\"wp-caption alignnone\" ><a href=\"https:\/\/scf.se\/landsvag\/wp-content\/uploads\/sites\/5\/2024\/06\/DAMlinjelopp4.jpg\"><img loading=\"lazy\" decoding=\"async\" class=\"size-full wp-image-5508\" src=\"https:\/\/scf.se\/landsvag\/wp-content\/uploads\/sites\/5\/2024\/06\/DAMlinjelopp4.jpg\" alt=\"\" width=\"1920\" height=\"1418\" srcset=\"https:\/\/scf.se\/landsvag\/wp-content\/uploads\/sites\/5\/2024\/06\/DAMlinjelopp4.jpg 1920w, https:\/\/scf.se\/landsvag\/wp-content\/uploads\/sites\/5\/2024\/06\/DAMlinjelopp4-300x222.jpg 300w, https:\/\/scf.se\/landsvag\/wp-content\/uploads\/sites\/5\/2024\/06\/DAMlinjelopp4-1024x756.jpg 1024w, https:\/\/scf.se\/landsvag\/wp-content\/uploads\/sites\/5\/2024\/06\/DAMlinjelopp4-768x567.jpg 768w, https:\/\/scf.se\/landsvag\/wp-content\/uploads\/sites\/5\/2024\/06\/DAMlinjelopp4-1536x1134.jpg 1536w\" sizes=\"auto, (max-width: 1920px) 100vw, 1920px\" \/><\/a><p class=\"wp-caption-text\"><em>Solo p\u00e5 upploppet var bara f\u00f6rnamnet&#8230; Foto: Micke Fransson\/teambild.se<\/em><\/p><\/div>\n<p>N\u00e4r det gick ganska snabbt fr\u00e5n 2,5 minuter till drygt fyra kom loppet in i en ny fas.<\/p>\n<blockquote><p>&#8221;D\u00e5 t\u00e4nkte jag att de har slutat att samarbeta d\u00e4r bakom, men jag fortsatte att bara h\u00e5lla min egen pace &#8211; f\u00f6r jag ville ju inte v\u00e4gga.&#8221;<\/p><\/blockquote>\n<p><strong>Vad s\u00e4ger du om din landsv\u00e4gss\u00e4song?<\/strong><\/p>\n<blockquote><p>&#8221;Jag \u00e4r \u00f6verraskad. Ja, jag visste ju att jag \u00e4r en stark cyklist i Zwift (E-cycling),\u00a0men landsv\u00e4g \u00e4r en helt annan sak. Jag \u00e4r tacksam f\u00f6r att jag har f\u00e5tt chansen att t\u00e4vla internationellt \u2013 har l\u00e4rt mig mycket d\u00e4r&#8221;, s\u00e4ger Mika.<\/p><\/blockquote>\n<p><strong>Hur t\u00e4nker du om n\u00e4sta steg i landsv\u00e4gskarri\u00e4ren, \u00e4r du sugen p\u00e5 att b\u00e4ra din m\u00e4startr\u00e4ja i n\u00e5got utl\u00e4ndskt team?<\/strong><\/p>\n<blockquote><p>&#8221;Jag har inte t\u00e4nkt f\u00e4rdigt ens om resten av den h\u00e4r s\u00e4songen. Jag vill forts\u00e4tta satsa p\u00e5 E-cycling och vi har en semifinal i VM redan i september och sedan VM i Abu Dhabi. D\u00e4r vill jag g\u00e4rna vara med. S\u00e5 vi f\u00e5r se lite hur jag ska l\u00e4gga upp det.&#8221;<\/p><\/blockquote>\n<p>D\u00e5 \u00e5terst\u00e5r att redovisa kampen om silvret. B\u00e4sta spurtaren i klungan p\u00e5 papperet, Matilda Frantzich, kunde bara konstatera att allt gick hennes v\u00e4g d\u00e5 farten i klungan mestadels var l\u00e5g under slutvarven. Den regerande svenska kortdistansm\u00e4staren vann klungspurten om silvret. Clara Lundmark var trea.<\/p>\n<p>D\u00e5 hade det g\u00e5tt \u00f6ver \u00e5tta minuter sedan Mika passerade samma m\u00e5llinje, n\u00e4stan ett halvt varv skilde till sist. Stina Kagevi f\u00e5r gl\u00e4dja sitt norska Team Coop \u2013 Repsol med att k\u00f6ra i deras U23-tr\u00f6ja.<\/p>\n<div id=\"attachment_5509\" class=\"wp-caption alignnone\" ><a href=\"https:\/\/scf.se\/landsvag\/wp-content\/uploads\/sites\/5\/2024\/06\/DAMlinjelopp3.jpg\"><img loading=\"lazy\" decoding=\"async\" class=\"size-full wp-image-5509\" src=\"https:\/\/scf.se\/landsvag\/wp-content\/uploads\/sites\/5\/2024\/06\/DAMlinjelopp3.jpg\" alt=\"\" width=\"1920\" height=\"1366\" srcset=\"https:\/\/scf.se\/landsvag\/wp-content\/uploads\/sites\/5\/2024\/06\/DAMlinjelopp3.jpg 1920w, https:\/\/scf.se\/landsvag\/wp-content\/uploads\/sites\/5\/2024\/06\/DAMlinjelopp3-300x213.jpg 300w, https:\/\/scf.se\/landsvag\/wp-content\/uploads\/sites\/5\/2024\/06\/DAMlinjelopp3-1024x729.jpg 1024w, https:\/\/scf.se\/landsvag\/wp-content\/uploads\/sites\/5\/2024\/06\/DAMlinjelopp3-768x546.jpg 768w, https:\/\/scf.se\/landsvag\/wp-content\/uploads\/sites\/5\/2024\/06\/DAMlinjelopp3-1536x1093.jpg 1536w\" sizes=\"auto, (max-width: 1920px) 100vw, 1920px\" \/><\/a><p class=\"wp-caption-text\"><em>Stina Kagevi (U23-m\u00e4stare), Matilda Frantzich, Mika S\u00f6derstr\u00f6m och Clara Lundmark prisade. Foto: Micke Fransson\/teambild.se<\/em><\/p><\/div>\n<h3>SM linjelopp damsenior<\/h3>\n<ol>\n<li><strong>Mika S\u00f6derstr\u00f6m,<\/strong> Stockholm CK, 3:21:33<\/li>\n<li><strong>Matilda Frantzich<\/strong>, CK Ringen, +8:19<\/li>\n<li><strong>Clara Lundmark<\/strong>, Norbergs CK, +8:19<\/li>\n<li><strong>Therese Fjord\u00e4ng<\/strong>, \u00d6rebrocyklisterna, +8:19<\/li>\n<li><strong>Julia Borgstr\u00f6m,<\/strong> CK Ringen, +8:19<\/li>\n<li><strong>Stina Kagevi<\/strong>, S\u00f6dert\u00e4lje CK, +8:19<\/li>\n<li><strong>Ella Wahlstr\u00f6m,<\/strong> V\u00e4ster\u00e5s CK, +8:19<\/li>\n<li><strong>Caroline Andersson,<\/strong> Halmstads CK, +8:19<\/li>\n<li><strong>Karin Pettersson, <\/strong>J\u00f6nk\u00f6pings CK, +8:19<\/li>\n<li><strong>Amanda Bohlin,<\/strong> CK Hymer, +8:19<\/li>\n<\/ol>\n<p>&nbsp;<\/p>\n<div id=\"attachment_5510\" class=\"wp-caption alignnone\" ><a href=\"https:\/\/scf.se\/landsvag\/wp-content\/uploads\/sites\/5\/2024\/06\/DAMlinjelopp2.jpg\"><img loading=\"lazy\" decoding=\"async\" class=\"size-full wp-image-5510\" src=\"https:\/\/scf.se\/landsvag\/wp-content\/uploads\/sites\/5\/2024\/06\/DAMlinjelopp2.jpg\" alt=\"\" width=\"1920\" height=\"1333\" srcset=\"https:\/\/scf.se\/landsvag\/wp-content\/uploads\/sites\/5\/2024\/06\/DAMlinjelopp2.jpg 1920w, https:\/\/scf.se\/landsvag\/wp-content\/uploads\/sites\/5\/2024\/06\/DAMlinjelopp2-300x208.jpg 300w, https:\/\/scf.se\/landsvag\/wp-content\/uploads\/sites\/5\/2024\/06\/DAMlinjelopp2-1024x711.jpg 1024w, https:\/\/scf.se\/landsvag\/wp-content\/uploads\/sites\/5\/2024\/06\/DAMlinjelopp2-768x533.jpg 768w, https:\/\/scf.se\/landsvag\/wp-content\/uploads\/sites\/5\/2024\/06\/DAMlinjelopp2-1536x1066.jpg 1536w\" sizes=\"auto, (max-width: 1920px) 100vw, 1920px\" \/><\/a><p class=\"wp-caption-text\"><em>Spurt om guldet i damjuniorklassen. Foto: Micke Fransson\/teambild.se<\/em><\/p><\/div>\n<h2>Elin \u00c5lsj\u00f6 segrade i damjunior efter spurtduell med Anna S\u00f6derqvist<\/h2>\n<p>Damjuniorerna startade samtidigt som seniorelit och tv\u00e5 av dem var med huvudklungan n\u00e4r det skulle till att spurtas om JSM-guldet. MTB-landslagstjejen Elin \u00c5lsj\u00f6 vann en t\u00e4t spurtduell mot\u00a0Anna S\u00f6derqvist.<\/p>\n<div id=\"attachment_5511\" class=\"wp-caption alignnone\" ><a href=\"https:\/\/scf.se\/landsvag\/wp-content\/uploads\/sites\/5\/2024\/06\/DAMlinjelopp1.jpg\"><img loading=\"lazy\" decoding=\"async\" class=\"size-full wp-image-5511\" src=\"https:\/\/scf.se\/landsvag\/wp-content\/uploads\/sites\/5\/2024\/06\/DAMlinjelopp1.jpg\" alt=\"\" width=\"1920\" height=\"1216\" srcset=\"https:\/\/scf.se\/landsvag\/wp-content\/uploads\/sites\/5\/2024\/06\/DAMlinjelopp1.jpg 1920w, https:\/\/scf.se\/landsvag\/wp-content\/uploads\/sites\/5\/2024\/06\/DAMlinjelopp1-300x190.jpg 300w, https:\/\/scf.se\/landsvag\/wp-content\/uploads\/sites\/5\/2024\/06\/DAMlinjelopp1-1024x649.jpg 1024w, https:\/\/scf.se\/landsvag\/wp-content\/uploads\/sites\/5\/2024\/06\/DAMlinjelopp1-768x486.jpg 768w, https:\/\/scf.se\/landsvag\/wp-content\/uploads\/sites\/5\/2024\/06\/DAMlinjelopp1-1536x973.jpg 1536w\" sizes=\"auto, (max-width: 1920px) 100vw, 1920px\" \/><\/a><p class=\"wp-caption-text\">Elin \u00c5lsj\u00f6 n\u00f6jd JSM-guldmedalj\u00f6r \u00e4ven i linjelopp. Foto: Micke Fransson\/teambild.se<\/p><\/div>\n<h3>SM linjelopp damjunior<\/h3>\n<ol>\n<li><strong>Elin \u00c5lsj\u00f6<\/strong>, CK Uni, 1.49.46<\/li>\n<li><strong>Anna S\u00f6derqvist,<\/strong> Team LeWa Sport, +0<\/li>\n<li><strong>Julia Lindstr\u00f6m<\/strong>, \u00c5storps CK, +1.03<\/li>\n<\/ol>\n<p><em>Text. Tomas Larsson\/SCF<\/em><br \/>\n<em>Foto: Micke Fransson\/teambild.se (Kolla in arrang\u00f6rens Facebook f\u00f6r fler av Mickes fina bilder) och d\u00e4r detta inte anges Tomas Larsson\/SCF<\/em><\/p>\n<hr \/>\n<h2><a href=\"https:\/\/scf.se\/forbundet\/hjalp-oss-sprida-ny-digital-broschyr-om-motionslicensens-fordelar\/\"><img loading=\"lazy\" decoding=\"async\" class=\"alignnone size-full wp-image-7197\" src=\"https:\/\/scf.se\/forbundet\/wp-content\/uploads\/sites\/9\/2024\/03\/Kop-licens-cykelmagasinet4.jpg\" alt=\"\" width=\"2000\" height=\"655\" \/><\/a><\/h2>\n","protected":false},"excerpt":{"rendered":"<p>Mika S\u00f6derstr\u00f6m var loss tidigt f\u00f6rra \u00e5ret f\u00f6r att hj\u00e4lpa Stockholm CK-laget d\u00e5 hon inte var p\u00e5 topp fysiskt p\u00e5 Tierp Arena. I Link\u00f6ping stack hon igen och nu fanns det desto mera krafter. N\u00e4r inga lyckades ta luckan n\u00e4r avst\u00e5ndet var rimligt rann segermarginalen i v\u00e4g till \u00f6ver \u00e5tta minuter. Det pendlade ett<a href=\"https:\/\/scf.se\/landsvag\/mika-soderstrom-gick-solo-mot-sm-guld-elin-alsjo-vann-damjunior\/\" class=\"news-card__more\"> &#8230;<\/a><\/p>\n","protected":false},"author":41,"featured_media":5509,"comment_status":"open","ping_status":"open","sticky":false,"template":"","format":"standard","meta":{"_acf_changed":false,"footnotes":""},"categories":[1],"tags":[],"class_list":["post-5503","post","type-post","status-publish","format-standard","hentry","category-landsvag"],"acf":[],"_links":{"self":[{"href":"https:\/\/scf.se\/landsvag\/wp-json\/wp\/v2\/posts\/5503","targetHints":{"allow":["GET"]}}],"collection":[{"href":"https:\/\/scf.se\/landsvag\/wp-json\/wp\/v2\/posts"}],"about":[{"href":"https:\/\/scf.se\/landsvag\/wp-json\/wp\/v2\/types\/post"}],"author":[{"embeddable":true,"href":"https:\/\/scf.se\/landsvag\/wp-json\/wp\/v2\/users\/41"}],"replies":[{"embeddable":true,"href":"https:\/\/scf.se\/landsvag\/wp-json\/wp\/v2\/comments?post=5503"}],"version-history":[{"count":14,"href":"https:\/\/scf.se\/landsvag\/wp-json\/wp\/v2\/posts\/5503\/revisions"}],"predecessor-version":[{"id":5528,"href":"https:\/\/scf.se\/landsvag\/wp-json\/wp\/v2\/posts\/5503\/revisions\/5528"}],"wp:featuredmedia":[{"embeddable":true,"href":"https:\/\/scf.se\/landsvag\/wp-json\/wp\/v2\/media\/5509"}],"wp:attachment":[{"href":"https:\/\/scf.se\/landsvag\/wp-json\/wp\/v2\/media?parent=5503"}],"wp:term":[{"taxonomy":"category","embeddable":true,"href":"https:\/\/scf.se\/landsvag\/wp-json\/wp\/v2\/categories?post=5503"},{"taxonomy":"post_tag","embeddable":true,"href":"https:\/\/scf.se\/landsvag\/wp-json\/wp\/v2\/tags?post=5503"}],"curies":[{"name":"wp","href":"https:\/\/api.w.org\/{rel}","templated":true}]}}