
{"id":5489,"date":"2024-06-22T14:37:03","date_gmt":"2024-06-22T12:37:03","guid":{"rendered":"https:\/\/scf.se\/landsvag\/?p=5489"},"modified":"2024-06-22T15:16:15","modified_gmt":"2024-06-22T13:16:15","slug":"spurtspecialisten-linus-larsson-vann-regnigt-jsm-guld-i-linjelopp","status":"publish","type":"post","link":"https:\/\/scf.se\/landsvag\/spurtspecialisten-linus-larsson-vann-regnigt-jsm-guld-i-linjelopp\/","title":{"rendered":"Spurtspecialisten Linus Larsson segrade i bl\u00f6tt JSM-linjelopp"},"content":{"rendered":"<p><strong>CK Ringen och J\u00f6nk\u00f6pings CK kontrollerade SM-linjeloppet genom att ha varsin cyklist i morgonbrytet och flera cyklister h\u00f6gt upp i klungan. S\u00e5 s\u00e5g det ut l\u00e4nge. Men n\u00e4r loppet skulle avg\u00f6ras i regnet vid m\u00e5lg\u00e5ngen i Vallastaden var det tre andra klubbar p\u00e5 pallen. Vann gjorde Staffanstorps Linus Larsson.<\/strong><\/p>\n<p>CK Ringens Walter Hinn och J\u00f6nk\u00f6pings CK-cyklisten Emil Rydholm var loss redan fr\u00e5n start. De hade som mest 3.30 ner till klungan. De p\u00e5 papperet starkaste cyklisterna fanns d\u00e5 &#8221;inb\u00e4ddade&#8221; en bit bak i klungan.<\/p>\n<a href=\"https:\/\/scf.se\/landsvag\/wp-content\/uploads\/sites\/5\/2024\/06\/Efterbild2.jpg\"><img loading=\"lazy\" decoding=\"async\" class=\"alignnone size-full wp-image-5492\" src=\"https:\/\/scf.se\/landsvag\/wp-content\/uploads\/sites\/5\/2024\/06\/Efterbild2.jpg\" alt=\"\" width=\"1236\" height=\"1280\" srcset=\"https:\/\/scf.se\/landsvag\/wp-content\/uploads\/sites\/5\/2024\/06\/Efterbild2.jpg 1236w, https:\/\/scf.se\/landsvag\/wp-content\/uploads\/sites\/5\/2024\/06\/Efterbild2-290x300.jpg 290w, https:\/\/scf.se\/landsvag\/wp-content\/uploads\/sites\/5\/2024\/06\/Efterbild2-989x1024.jpg 989w, https:\/\/scf.se\/landsvag\/wp-content\/uploads\/sites\/5\/2024\/06\/Efterbild2-768x795.jpg 768w\" sizes=\"auto, (max-width: 1236px) 100vw, 1236px\" \/><\/a>\n<p>F\u00f6rspr\u00e5nget h\u00f6ll sig kring tv\u00e5 minuter med halva loppet kvar, och sedan en minut med tre varv kvar. Precis innan klockringningen var klungan samlad igen.<\/p>\n<p>Staffanstorps spurtspecialist Linus Larsson hade haft en s\u00e5 fin resa man kan ha i kylan som det tilltagande regnet f\u00f6rde med sig. Han har visat internationellt i \u00e5r att han har en stark spurt, \u00e4ven om han haft lite otur med podieplatser.<\/p>\n<p>Vilgot Reinhold bryggade utbrytningen. Ringen var v\u00e4ldigt aktiva \u00e4nda ut p\u00e5 sista varvet, med exempelvis landslagsmeriterade Teodor de Luca som ocks\u00e5 slutade fyra i detta SM-linjelopp. J\u00f6nk\u00f6pings Nils Johansson, som k\u00f6r MTB f\u00f6r IKHP och landslaget, var ocks\u00e5 aktiv p\u00e5 sista varvet. MEN J\u00f6nk\u00f6ping och Ringen blev utan medaljer.<\/p>\n<p>De lyckades inte bli av med Linus Larsson, som vann klungspurten och SM-guldet. Hemmacyklisten fr\u00e5n Hymer, Gustav Nystrand, hade som grundplan att f\u00f6rs\u00f6ka g\u00e5 iv\u00e4g i en utbrytning men tog ist\u00e4llet ett silver som var popul\u00e4rt hos den lilla hemmapubliken i regnet. Alings\u00e5s kraftfulla MTB-landslagscyklist, Markus Karlsson, tog hand om bronset.<\/p>\n<a href=\"https:\/\/scf.se\/landsvag\/wp-content\/uploads\/sites\/5\/2024\/06\/Efterbild1.jpg\"><img loading=\"lazy\" decoding=\"async\" class=\"alignnone size-full wp-image-5493\" src=\"https:\/\/scf.se\/landsvag\/wp-content\/uploads\/sites\/5\/2024\/06\/Efterbild1.jpg\" alt=\"\" width=\"1860\" height=\"1512\" srcset=\"https:\/\/scf.se\/landsvag\/wp-content\/uploads\/sites\/5\/2024\/06\/Efterbild1.jpg 1860w, https:\/\/scf.se\/landsvag\/wp-content\/uploads\/sites\/5\/2024\/06\/Efterbild1-300x244.jpg 300w, https:\/\/scf.se\/landsvag\/wp-content\/uploads\/sites\/5\/2024\/06\/Efterbild1-1024x832.jpg 1024w, https:\/\/scf.se\/landsvag\/wp-content\/uploads\/sites\/5\/2024\/06\/Efterbild1-768x624.jpg 768w, https:\/\/scf.se\/landsvag\/wp-content\/uploads\/sites\/5\/2024\/06\/Efterbild1-1536x1249.jpg 1536w\" sizes=\"auto, (max-width: 1860px) 100vw, 1860px\" \/><\/a>\n<p>Linus var mycket n\u00f6jd efter\u00e5t d\u00e5 han var fyra f\u00f6rra \u00e5ret p\u00e5 Tierps platta bana som passade honom bra.<\/p>\n<blockquote><p>\u201dJag blev sjuk dagen innan tempot i tisdags och k\u00e4nde av det lite idag. Ett tag n\u00e4r ingen ville k\u00f6ra in utbrytningen var det lite segt men det l\u00f6ste sig till sist. Det k\u00e4nns bara s\u00e5 sjukt g\u00f6tt\u201d, huttrade en bel\u00e5ten Linus Larsson efter m\u00e5lg\u00e5ngen.<\/p><\/blockquote>\n<p>F\u00f6rbundskaptenen Lucas Persson kommenterade juniorloppet s\u00e5 h\u00e4r fr\u00e5n f\u00f6ljebilen med avseende p\u00e5 att varken J\u00f6nk\u00f6ping eller Ringen lyckades knyta ihop s\u00e4cken efter s\u00e5 bra genomf\u00f6rda lopp s\u00e5 l\u00e4nge:<\/p>\n<blockquote><p>\u201dVisst, det \u00e4r absolut ingen skr\u00e4ll att Linus vinner, men han har ju varit sjuk innan och hade inte det b\u00e4sta sj\u00e4lvf\u00f6rtroendet vid start. S\u00e5 riktigt starkt k\u00f6rt av honom. J\u00f6nk\u00f6ping var ju v\u00e4ldigt aktiva och \u00e4ven Ringen. Det s\u00e5g bra ut f\u00f6r Vilgot Reinhold \u2013 men det h\u00f6ll inte&#8230;\u201d<\/p><\/blockquote>\n<a href=\"https:\/\/scf.se\/landsvag\/wp-content\/uploads\/sites\/5\/2024\/06\/Efterbild3.jpg\"><img loading=\"lazy\" decoding=\"async\" class=\"alignnone size-full wp-image-5491\" src=\"https:\/\/scf.se\/landsvag\/wp-content\/uploads\/sites\/5\/2024\/06\/Efterbild3.jpg\" alt=\"\" width=\"1558\" height=\"1354\" srcset=\"https:\/\/scf.se\/landsvag\/wp-content\/uploads\/sites\/5\/2024\/06\/Efterbild3.jpg 1558w, https:\/\/scf.se\/landsvag\/wp-content\/uploads\/sites\/5\/2024\/06\/Efterbild3-300x261.jpg 300w, https:\/\/scf.se\/landsvag\/wp-content\/uploads\/sites\/5\/2024\/06\/Efterbild3-1024x890.jpg 1024w, https:\/\/scf.se\/landsvag\/wp-content\/uploads\/sites\/5\/2024\/06\/Efterbild3-768x667.jpg 768w, https:\/\/scf.se\/landsvag\/wp-content\/uploads\/sites\/5\/2024\/06\/Efterbild3-1536x1335.jpg 1536w\" sizes=\"auto, (max-width: 1558px) 100vw, 1558px\" \/><\/a>\n<h3>SM linjelopp juniorer<\/h3>\n<ol>\n<li><strong>Linus Larsson<\/strong>, Staffanstorp CK, 2.57.15<\/li>\n<li><strong>Gustav Nystrand<\/strong>, CK Hymer, +0<\/li>\n<li><strong>Markus Karlsson,<\/strong> Alings\u00e5s SC, +0<\/li>\n<li><strong>Teodor De Luca<\/strong>, CK Ringen, +0<\/li>\n<li><strong>Gustav Enh\u00f6rning<\/strong>, \u00d6rebrocyklisterna, +0<\/li>\n<li><strong>Alfred Nihl\u00e9n<\/strong>, CK Ringen, +0<\/li>\n<li><strong>Nils Johansson<\/strong>, J\u00f6nk\u00f6pings CK, +0<\/li>\n<li><strong>Filip Pantzare,<\/strong> Bor\u00e5s CA, +0<\/li>\n<li><strong>Vilmer Ekman<\/strong>, Falu CK, +0<\/li>\n<li><strong>Anton Karlsson<\/strong>, Enk\u00f6pings CK, +0.04<\/li>\n<\/ol>\n<a href=\"https:\/\/scf.se\/landsvag\/wp-content\/uploads\/sites\/5\/2024\/06\/Pallen2222.jpg\"><img loading=\"lazy\" decoding=\"async\" class=\"alignnone size-full wp-image-5496\" src=\"https:\/\/scf.se\/landsvag\/wp-content\/uploads\/sites\/5\/2024\/06\/Pallen2222.jpg\" alt=\"\" width=\"1920\" height=\"1306\" srcset=\"https:\/\/scf.se\/landsvag\/wp-content\/uploads\/sites\/5\/2024\/06\/Pallen2222.jpg 1920w, https:\/\/scf.se\/landsvag\/wp-content\/uploads\/sites\/5\/2024\/06\/Pallen2222-300x204.jpg 300w, https:\/\/scf.se\/landsvag\/wp-content\/uploads\/sites\/5\/2024\/06\/Pallen2222-1024x697.jpg 1024w, https:\/\/scf.se\/landsvag\/wp-content\/uploads\/sites\/5\/2024\/06\/Pallen2222-768x522.jpg 768w, https:\/\/scf.se\/landsvag\/wp-content\/uploads\/sites\/5\/2024\/06\/Pallen2222-1536x1045.jpg 1536w\" sizes=\"auto, (max-width: 1920px) 100vw, 1920px\" \/><\/a>\n<p>Text: Tomas Larsson\/SCF<br \/>\n<em>Foto: Micke Fransson\/teambild.se och SCF<\/em><\/p>\n<ul>\n<li><strong><em>Kolla in arrang\u00f6rens Facebook f\u00f6r fler av Mickes fina bilder, just nu ute p\u00e5 motorcykel p\u00e5 damernas linjelopp.<\/em><\/strong><\/li>\n<\/ul>\n<hr \/>\n<a href=\"https:\/\/scf.se\/forbundet\/hjalp-oss-sprida-ny-digital-broschyr-om-motionslicensens-fordelar\/\"><img loading=\"lazy\" decoding=\"async\" class=\"alignnone size-full wp-image-7197\" src=\"https:\/\/scf.se\/forbundet\/wp-content\/uploads\/sites\/9\/2024\/03\/Kop-licens-cykelmagasinet4.jpg\" alt=\"\" width=\"2000\" height=\"655\" \/><\/a>\n","protected":false},"excerpt":{"rendered":"<p>CK Ringen och J\u00f6nk\u00f6pings CK kontrollerade SM-linjeloppet genom att ha varsin cyklist i morgonbrytet och flera cyklister h\u00f6gt upp i klungan. S\u00e5 s\u00e5g det ut l\u00e4nge. Men n\u00e4r loppet skulle avg\u00f6ras i regnet vid m\u00e5lg\u00e5ngen i Vallastaden var det tre andra klubbar p\u00e5 pallen. Vann gjorde Staffanstorps Linus Larsson. CK Ringens Walter Hinn och<a href=\"https:\/\/scf.se\/landsvag\/spurtspecialisten-linus-larsson-vann-regnigt-jsm-guld-i-linjelopp\/\" class=\"news-card__more\"> &#8230;<\/a><\/p>\n","protected":false},"author":41,"featured_media":5495,"comment_status":"open","ping_status":"open","sticky":false,"template":"","format":"standard","meta":{"_acf_changed":false,"footnotes":""},"categories":[1],"tags":[],"class_list":["post-5489","post","type-post","status-publish","format-standard","hentry","category-landsvag"],"acf":[],"_links":{"self":[{"href":"https:\/\/scf.se\/landsvag\/wp-json\/wp\/v2\/posts\/5489","targetHints":{"allow":["GET"]}}],"collection":[{"href":"https:\/\/scf.se\/landsvag\/wp-json\/wp\/v2\/posts"}],"about":[{"href":"https:\/\/scf.se\/landsvag\/wp-json\/wp\/v2\/types\/post"}],"author":[{"embeddable":true,"href":"https:\/\/scf.se\/landsvag\/wp-json\/wp\/v2\/users\/41"}],"replies":[{"embeddable":true,"href":"https:\/\/scf.se\/landsvag\/wp-json\/wp\/v2\/comments?post=5489"}],"version-history":[{"count":7,"href":"https:\/\/scf.se\/landsvag\/wp-json\/wp\/v2\/posts\/5489\/revisions"}],"predecessor-version":[{"id":5502,"href":"https:\/\/scf.se\/landsvag\/wp-json\/wp\/v2\/posts\/5489\/revisions\/5502"}],"wp:featuredmedia":[{"embeddable":true,"href":"https:\/\/scf.se\/landsvag\/wp-json\/wp\/v2\/media\/5495"}],"wp:attachment":[{"href":"https:\/\/scf.se\/landsvag\/wp-json\/wp\/v2\/media?parent=5489"}],"wp:term":[{"taxonomy":"category","embeddable":true,"href":"https:\/\/scf.se\/landsvag\/wp-json\/wp\/v2\/categories?post=5489"},{"taxonomy":"post_tag","embeddable":true,"href":"https:\/\/scf.se\/landsvag\/wp-json\/wp\/v2\/tags?post=5489"}],"curies":[{"name":"wp","href":"https:\/\/api.w.org\/{rel}","templated":true}]}}