
{"id":5470,"date":"2024-06-22T06:41:36","date_gmt":"2024-06-22T04:41:36","guid":{"rendered":"https:\/\/scf.se\/landsvag\/?p=5470"},"modified":"2024-06-22T13:36:07","modified_gmt":"2024-06-22T11:36:07","slug":"ingen-fahlin-till-start-i-sm-linje-med-desto-flera-guldkandidater","status":"publish","type":"post","link":"https:\/\/scf.se\/landsvag\/ingen-fahlin-till-start-i-sm-linje-med-desto-flera-guldkandidater\/","title":{"rendered":"Ingen Fahlin till start i hett SM-linje som har s\u00e5 m\u00e5nga medaljkandidater"},"content":{"rendered":"<p><strong>Ingen Emilia Fahlin till start p\u00e5 l\u00f6rdagens SM-linjelopp f\u00f6r damer, inte heller Nathialie Eklund &#8211; vilket g\u00f6r t\u00e4vlingen \u00e4nnu mer \u00f6ppen \u00e4n tidigare. Det faktum att s\u00e5 m\u00e5nga \u00e5kare har medaljchans p\u00e5 papperet g\u00f6r linjeloppet i Link\u00f6ping extra intressant.<\/strong><\/p>\n<p>Juniorerna och seniorelit tar \u00f6ver SM-scenen under midsommardagen och p\u00e5 s\u00f6ndagen, med start och m\u00e5l s\u00f6der om Link\u00f6pings universitet.<\/p>\n<p>Fjol\u00e5rsm\u00e4staren och rutinerade spurtaren Emilia Fahlin kommer tyv\u00e4rr inte att delta i l\u00f6rdagens linjelopp. Emilia har varit sjuk i covid och eftersom hon fortfarande inte k\u00e4nner sig frisk kommer hon inte att kunna starta p\u00e5 l\u00f6rdag, meddelade Fahlin arrang\u00f6rerna under torsdagen.<\/p>\n<p>D\u00e4rmed ser startlistan ut enligt f\u00f6ljande i damseniorloppet:<\/p>\n<ul>\n<li>161 <strong>Hanna Nilsson<\/strong>, \u00c5hus CK<\/li>\n<li>162 <strong>Anna Eriksmo<\/strong>, Beijer CCK<\/li>\n<li>163 <strong>Martina Nilsson<\/strong>, Bistro CC<\/li>\n<li>164 <strong>Martina Thomasson<\/strong>, Bor\u00e5s CA<\/li>\n<li>165<strong> Ida Ossiansson<\/strong>, Borl\u00e4nge CK<\/li>\n<li>166<strong> Amanda Bohlin<\/strong>, CK Hymer<\/li>\n<li>167 <strong>Wilhma Lindholm<\/strong>, CK Hymer<\/li>\n<li>168 <strong>Ida Ullstrand,<\/strong> CK Hymer<\/li>\n<li>169 <strong>Martina Bergstr\u00f6m<\/strong>, CK Hymer<\/li>\n<li>170 <strong>Amanda Mikaelsdotter,<\/strong> CK Hymer<\/li>\n<li>171 <strong>Matilda Frantzich<\/strong>, CK Ringen<\/li>\n<li>172 <strong>Julia Borgstr\u00f6m<\/strong>, CK Ringen<\/li>\n<li>173<strong> Ebba Grankvist,<\/strong> Falu CK<\/li>\n<li>174 <strong>Caroline Andersson<\/strong>, Halmstads CK<\/li>\n<li>175 <strong>Karin Pettersson,<\/strong> J\u00f6nk\u00f6pings CK<\/li>\n<li>176 <strong>Karin S\u00f6derqvist,<\/strong> Motala AIF CK<\/li>\n<li>177 <strong>Clara Lundmark,<\/strong> Norbergs CK<\/li>\n<li>178<strong> Therese Fjord\u00e4ng,<\/strong> \u00d6rebrocyklisterna<\/li>\n<li>179 <strong>Tilde Hammarstr\u00f6m<\/strong>, Serneke Allebike CK<\/li>\n<li>180<strong> Stina Kagevi<\/strong>, S\u00f6dert\u00e4lje CK<\/li>\n<li>181 <strong>Mika S\u00f6derstr\u00f6m<\/strong>, Stockholm CK<\/li>\n<li>182 <strong>Maja Johansson,<\/strong> Stockholm CK<\/li>\n<li>184<strong> Ella Wahlstr\u00f6m,<\/strong> V\u00e4ster\u00e5s CK<\/li>\n<\/ul>\n<a href=\"https:\/\/scf.se\/landsvag\/wp-content\/uploads\/sites\/5\/2023\/06\/SM-linje1.jpg\"><img loading=\"lazy\" decoding=\"async\" class=\"alignnone size-full wp-image-4220\" src=\"https:\/\/scf.se\/landsvag\/wp-content\/uploads\/sites\/5\/2023\/06\/SM-linje1.jpg\" alt=\"\" width=\"1268\" height=\"1280\" srcset=\"https:\/\/scf.se\/landsvag\/wp-content\/uploads\/sites\/5\/2023\/06\/SM-linje1.jpg 1268w, https:\/\/scf.se\/landsvag\/wp-content\/uploads\/sites\/5\/2023\/06\/SM-linje1-297x300.jpg 297w, https:\/\/scf.se\/landsvag\/wp-content\/uploads\/sites\/5\/2023\/06\/SM-linje1-1014x1024.jpg 1014w, https:\/\/scf.se\/landsvag\/wp-content\/uploads\/sites\/5\/2023\/06\/SM-linje1-150x150.jpg 150w, https:\/\/scf.se\/landsvag\/wp-content\/uploads\/sites\/5\/2023\/06\/SM-linje1-768x775.jpg 768w\" sizes=\"auto, (max-width: 1268px) 100vw, 1268px\" \/><\/a>\n<p>Mika S\u00f6derstr\u00f6m (bilden ovan d\u00e5 hon var loss solo tidigt och l\u00e4nge f\u00f6r att bereda plats f\u00f6r lagkamraterna i Stockholm CK), Karin S\u00f6derqvist (<a href=\"https:\/\/www.facebook.com\/swecycling\/videos\/1466668313973010\"><em><strong>kolla in den l\u00e4ngre intervjun inf\u00f6r SM p\u00e5 SWE Cyclings Facebook h\u00e4r<\/strong><\/em><\/a>), Julia Borgstr\u00f6m, nyligen OS-uttagne Caroline Andersson, Stina Kagevi, Hanna Nilsson och Ebba Grankvist, som var ytterst n\u00e4ra guldet p\u00e5 tempo, \u00e4r bara n\u00e5gra av de \u00f6vriga medaljfavoriterna.<\/p>\n<div id=\"attachment_5479\" class=\"wp-caption alignnone\" ><a href=\"https:\/\/scf.se\/landsvag\/wp-content\/uploads\/sites\/5\/2024\/06\/Cykel-SM.jpg\"><img loading=\"lazy\" decoding=\"async\" class=\"size-full wp-image-5479\" src=\"https:\/\/scf.se\/landsvag\/wp-content\/uploads\/sites\/5\/2024\/06\/Cykel-SM.jpg\" alt=\"\" width=\"1517\" height=\"1072\" srcset=\"https:\/\/scf.se\/landsvag\/wp-content\/uploads\/sites\/5\/2024\/06\/Cykel-SM.jpg 1517w, https:\/\/scf.se\/landsvag\/wp-content\/uploads\/sites\/5\/2024\/06\/Cykel-SM-300x212.jpg 300w, https:\/\/scf.se\/landsvag\/wp-content\/uploads\/sites\/5\/2024\/06\/Cykel-SM-1024x724.jpg 1024w, https:\/\/scf.se\/landsvag\/wp-content\/uploads\/sites\/5\/2024\/06\/Cykel-SM-768x543.jpg 768w, https:\/\/scf.se\/landsvag\/wp-content\/uploads\/sites\/5\/2024\/06\/Cykel-SM-662x468.jpg 662w\" sizes=\"auto, (max-width: 1517px) 100vw, 1517px\" \/><\/a><p class=\"wp-caption-text\"><em>Karin S\u00f6derqvist och Amanda Bohlin p\u00e5 arrang\u00f6ren CK Hymers presskonferens innan SM. Foto: SCF<\/em><\/p><\/div>\n<p>Ett stort Hymerlag d\u00e4r f\u00f6rra s\u00e4songens vinnare av Cykelvasan och l\u00e5nglopps-SM p\u00e5 MTB, Amanda Bohlin, g\u00f6r en intressant start. Och det finns flera namn i ett p\u00e5 papperet i ett osedvanligt \u00f6ppet linje-SM f\u00f6r damelit. Kul!<\/p>\n<div id=\"attachment_5482\" class=\"wp-caption alignnone\" ><a href=\"https:\/\/scf.se\/landsvag\/wp-content\/uploads\/sites\/5\/2024\/06\/CarolineA1.jpg\"><img loading=\"lazy\" decoding=\"async\" class=\"size-full wp-image-5482\" src=\"https:\/\/scf.se\/landsvag\/wp-content\/uploads\/sites\/5\/2024\/06\/CarolineA1.jpg\" alt=\"\" width=\"1333\" height=\"2000\" srcset=\"https:\/\/scf.se\/landsvag\/wp-content\/uploads\/sites\/5\/2024\/06\/CarolineA1.jpg 1333w, https:\/\/scf.se\/landsvag\/wp-content\/uploads\/sites\/5\/2024\/06\/CarolineA1-200x300.jpg 200w, https:\/\/scf.se\/landsvag\/wp-content\/uploads\/sites\/5\/2024\/06\/CarolineA1-682x1024.jpg 682w, https:\/\/scf.se\/landsvag\/wp-content\/uploads\/sites\/5\/2024\/06\/CarolineA1-768x1152.jpg 768w, https:\/\/scf.se\/landsvag\/wp-content\/uploads\/sites\/5\/2024\/06\/CarolineA1-1024x1536.jpg 1024w\" sizes=\"auto, (max-width: 1333px) 100vw, 1333px\" \/><\/a><p class=\"wp-caption-text\"><em>OS-uttagna Caroline Andersson k\u00f6r SM-linjeloppet i Link\u00f6ping. Foto: Sprintcycling<\/em><\/p><\/div>\n<p>F\u00f6rbundskapten f\u00f6r landsv\u00e4g, Lucas Persson, kommer ocks\u00e5 att dela ut OS-guldbiljetterna till <strong>Caroline Andersson<\/strong> och <strong>Jakob S\u00f6derqvist<\/strong> i samband med damseniorernas prisutdelning. Jakob segrade i tempoloppet efter en sekundfajt mot Tobias Ludvigsson och k\u00f6r ocks\u00e5 s\u00f6ndagens linjelopp i herrelit medan Caroline inte kunde k\u00f6ra det p\u00e5 grund av Schweiz runt just innan.<\/p>\n<p>&nbsp;<\/p>\n<div id=\"attachment_5442\" class=\"wp-caption alignnone\" ><a href=\"https:\/\/scf.se\/landsvag\/wp-content\/uploads\/sites\/5\/2024\/06\/bildspel-1002.jpg\"><img loading=\"lazy\" decoding=\"async\" class=\"size-full wp-image-5442\" src=\"https:\/\/scf.se\/landsvag\/wp-content\/uploads\/sites\/5\/2024\/06\/bildspel-1002.jpg\" alt=\"\" width=\"1337\" height=\"1389\" srcset=\"https:\/\/scf.se\/landsvag\/wp-content\/uploads\/sites\/5\/2024\/06\/bildspel-1002.jpg 1337w, https:\/\/scf.se\/landsvag\/wp-content\/uploads\/sites\/5\/2024\/06\/bildspel-1002-289x300.jpg 289w, https:\/\/scf.se\/landsvag\/wp-content\/uploads\/sites\/5\/2024\/06\/bildspel-1002-986x1024.jpg 986w, https:\/\/scf.se\/landsvag\/wp-content\/uploads\/sites\/5\/2024\/06\/bildspel-1002-768x798.jpg 768w\" sizes=\"auto, (max-width: 1337px) 100vw, 1337px\" \/><\/a><p class=\"wp-caption-text\"><em>Gustav Magnusson vann tempoloppet i tisdags och tillh\u00f6r en r\u00e4tt stor skara favoriter i l\u00f6rdagsf\u00f6rmiddagens linjelopp f\u00f6r herrjunior.\u00a0 Foto: SCF<\/em><\/p><\/div>\n<p>Men f\u00f6rst ut p\u00e5 l\u00f6rdagen \u00e4r herrjunior d\u00e4r landslaget har gjort en stark s\u00e4song internationellt. J\u00f6nk\u00f6pings CK:s Gustav Magnusson har resultatraden 1, 2, 1 p\u00e5 sina SM-starter som junior och visade p\u00e5 Nationaldagsloppet att han kan vinna en spurt i mindre s\u00e4llskap.<\/p>\n<p>Linus Larsson fr\u00e5n Staffanstorp ska vara vassaste spurtaren vid en st\u00f6rre klungspurt. Men med \u00e5kstarka cyklister som IKHP:s Nils Johansson, som var trea p\u00e5 JSM i linje f\u00f6rra \u00e5ret och har tagit JEM-medalj i XCO samt vunnit World Junior Series i \u00e5r, kanske det inte blir n\u00e5gon klungspurt i juniorloppet&#8230;<\/p>\n<p>De \u00e4r i alla fall tre stora favoriter MEN CK Ringen har ett mycket starkt lag. \u00c5kstarke Vilmer Ekman, Falu CK, Alings\u00e5s MTB-cyklist Markus Karlsson och J\u00f6nk\u00f6pings Oskar Marvig aprop\u00e5 spurtare ska man inte heller r\u00e4kna bort. Kul!<\/p>\n<div class=\"w-full text-token-text-primary\" dir=\"auto\" data-testid=\"conversation-turn-23\" data-scroll-anchor=\"true\">\n<div class=\"py-2 juice:py-[18px] px-3 text-base md:px-4 m-auto md:px-5 lg:px-1 xl:px-5\">\n<div class=\"mx-auto flex flex-1 gap-3 text-base juice:gap-4 juice:md:gap-5 juice:lg:gap-6 md:max-w-3xl\">\n<div class=\"group\/conversation-turn relative flex w-full min-w-0 flex-col agent-turn\">\n<div class=\"flex-col gap-1 md:gap-3\">\n<div class=\"flex flex-grow flex-col max-w-full\">\n<div class=\"min-h-[20px] text-message flex flex-col items-start whitespace-pre-wrap break-words [.text-message+&amp;]:mt-5 juice:w-full juice:items-end overflow-x-auto gap-2\" dir=\"auto\" data-message-author-role=\"assistant\" data-message-id=\"9166a462-8744-49f5-97f3-4b989d1bd867\">\n<div class=\"flex w-full flex-col gap-1 juice:empty:hidden juice:first:pt-[3px]\">\n<div class=\"markdown prose w-full break-words dark:prose-invert light\">\n<ul>\n<li>121 <strong>Emil Oskarsson<\/strong>, Alings\u00e5s SC<\/li>\n<li>122 <strong>Markus Karlsson<\/strong>, Alings\u00e5s SC<\/li>\n<li>123 <strong>Filip Pantzare<\/strong>, Bor\u00e5s CA<\/li>\n<li>124 <strong>Gustav Nystrand<\/strong>, CK Hymer<\/li>\n<li>125 <strong>Joel Mellby<\/strong>, CK Master<\/li>\n<li>126 <strong>Wilmer Kleibrant<\/strong>, CK Master<\/li>\n<li>127 <strong>Jakob Eklund<\/strong>, CK Nat\u00e9n S\u00e4ter<\/li>\n<li>128 <strong>Teodor De Luca<\/strong>, CK Ringen<\/li>\n<li>129 <strong>Alfred Nihl\u00e9n<\/strong>, CK Ringen<\/li>\n<li>130 <strong>Jakob Olsson<\/strong>, CK Ringen<\/li>\n<li>131 <strong>Edward Widestadh<\/strong>, CK Ringen<\/li>\n<li>132 <strong>Vilgot Reinhold<\/strong>, CK Ringen<\/li>\n<li>133 <strong>Bruno Schultz<\/strong>, CK Ringen<\/li>\n<li>134 <strong>Malte Fr\u00f6beson<\/strong>, CK Ringen<\/li>\n<li>135 <strong>Filip Persson<\/strong>, CK Ringen<\/li>\n<li>136 <strong>Victor Hede\u00e5s<\/strong>, CK Ringen<\/li>\n<li>137 <strong>Walter Hinn<\/strong>, CK Ringen<\/li>\n<li>138 <strong>Anton Karlsson<\/strong>, Enk\u00f6pings CK<\/li>\n<li>139 <strong>Felix Lindgren<\/strong>, Falu CK<\/li>\n<li>140 <strong>Vilmer Ekman<\/strong>, Falu CK<\/li>\n<li>141 <strong>Nils Johansson<\/strong>, J\u00f6nk\u00f6pings CK<\/li>\n<li>142 <strong>Emil Rydholm<\/strong>, J\u00f6nk\u00f6pings CK<\/li>\n<li>143 <strong>Gustav Magnusson<\/strong>, J\u00f6nk\u00f6pings CK<\/li>\n<li>144 <strong>Gabriel Lindqvist<\/strong>, J\u00f6nk\u00f6pings CK<\/li>\n<li>145 <strong>Alfred Larsson<\/strong>, J\u00f6nk\u00f6pings CK<\/li>\n<li>146 <strong>Vilgot Wallmark<\/strong>, J\u00f6nk\u00f6pings CK<\/li>\n<li>147 <strong>Oskar Marvig<\/strong>, J\u00f6nk\u00f6pings CK<\/li>\n<li>148 <strong>Hugo Lundberg<\/strong>, Kv\u00e4nums IF<\/li>\n<li>149 <strong>Vilmar Aastrup<\/strong>, MTB T\u00e4by<\/li>\n<li>150 <strong>Gustav Enh\u00f6rning<\/strong>, \u00d6rebrocyklisterna<\/li>\n<li>151 <strong>Axel Lodhi<\/strong>, Ramn\u00e4s CK<\/li>\n<li>152 <strong>Douglas Andersson<\/strong>, Sala CK<\/li>\n<li>153 <strong>Jacob Stelling<\/strong>, Staffanstorp CK<\/li>\n<li>154 <strong>Linus Larsson<\/strong>, Staffanstorp CK<\/li>\n<li>155 <strong>Gabriel Filipov<\/strong>, Team Kalmarsund CK<\/li>\n<li>156 <strong>Nils Junker<\/strong>, Tyres\u00f6 CK<\/li>\n<\/ul>\n<\/div>\n<\/div>\n<\/div>\n<\/div>\n<\/div>\n<\/div>\n<\/div>\n<\/div>\n<\/div>\n<a href=\"https:\/\/scf.se\/landsvag\/wp-content\/uploads\/sites\/5\/2024\/06\/PALL4.jpg\"><img loading=\"lazy\" decoding=\"async\" class=\"alignnone size-full wp-image-5434\" src=\"https:\/\/scf.se\/landsvag\/wp-content\/uploads\/sites\/5\/2024\/06\/PALL4.jpg\" alt=\"\" width=\"1280\" height=\"1174\" srcset=\"https:\/\/scf.se\/landsvag\/wp-content\/uploads\/sites\/5\/2024\/06\/PALL4.jpg 1280w, https:\/\/scf.se\/landsvag\/wp-content\/uploads\/sites\/5\/2024\/06\/PALL4-300x275.jpg 300w, https:\/\/scf.se\/landsvag\/wp-content\/uploads\/sites\/5\/2024\/06\/PALL4-1024x939.jpg 1024w, https:\/\/scf.se\/landsvag\/wp-content\/uploads\/sites\/5\/2024\/06\/PALL4-768x704.jpg 768w\" sizes=\"auto, (max-width: 1280px) 100vw, 1280px\" \/><\/a>\n<p>Damjuniorernas startf\u00e4lt \u00e4r tyv\u00e4rr s\u00e5 tunt som tre cyklister. Men det \u00e4r dels kul att de f\u00e5r starta tillsammans med damsenior och dels roligt att vi har tv\u00e5 v\u00e4ldigt starka namn i MTB-landslagstjejen Elin \u00c5lsj\u00f6 fr\u00e5n CK Uni och tempovinnaren Anna S\u00f6derqvist, Team LeWa Sport (bilden).<\/p>\n<p>Vallastaden \u00e4r centrum f\u00f6r linjeloppen som kommer att k\u00f6ras p\u00e5 en bana som g\u00e5r s\u00f6derut mot Slaka f\u00f6r att sedan komma tillbaka till Mj\u00e4rdevi och Vallastaden. Start och m\u00e5l kommer att vara p\u00e5 Teknikringen utanf\u00f6r idrottsplatsen Campus Valla och d\u00e4r kommer det att finnas speaker, resultatservice, servering med mera. H\u00e4r \u00e4r starttiderna och banl\u00e4ngderna f\u00f6r helgens linjelopp i Link\u00f6ping.<\/p>\n<h2>S\u00e5 k\u00f6rs junior- och seniorklassernas SM-linjelopp<\/h2>\n<div class=\"w-full text-token-text-primary\" dir=\"auto\" data-testid=\"conversation-turn-15\" data-scroll-anchor=\"true\">\n<div class=\"py-2 juice:py-[18px] px-3 text-base md:px-4 m-auto md:px-5 lg:px-1 xl:px-5\">\n<div class=\"mx-auto flex flex-1 gap-3 text-base juice:gap-4 juice:md:gap-5 juice:lg:gap-6 md:max-w-3xl\">\n<div class=\"group\/conversation-turn relative flex w-full min-w-0 flex-col agent-turn\">\n<div class=\"flex-col gap-1 md:gap-3\">\n<div class=\"flex flex-grow flex-col max-w-full\">\n<div class=\"min-h-[20px] text-message flex flex-col items-start whitespace-pre-wrap break-words [.text-message+&amp;]:mt-5 juice:w-full juice:items-end overflow-x-auto gap-2\" dir=\"auto\" data-message-author-role=\"assistant\" data-message-id=\"024ffaf7-f22f-4908-b805-60a4146b36fb\">\n<div class=\"flex w-full flex-col gap-1 juice:empty:hidden juice:first:pt-[3px]\">\n<div class=\"markdown prose w-full break-words dark:prose-invert light\">\n<h3>L\u00f6rdag 22 juni<\/h3>\n<ul>\n<li><strong>09.30<\/strong>: Herrar junior 122 km (10 x 12,2 km)<\/li>\n<li><strong>13.45<\/strong>: Damer junior 61 km (5 x 12,2 km)<\/li>\n<li><strong>13.45<\/strong>: Damer senior 122 km (10 x 12,2 km)<\/li>\n<\/ul>\n<\/div>\n<\/div>\n<h3>S\u00f6ndag 23 juni<\/h3>\n<\/div>\n<div class=\"flex w-full flex-col gap-1 juice:empty:hidden juice:first:pt-[3px]\">\n<div class=\"markdown prose w-full break-words dark:prose-invert light\">\n<ul>\n<li><strong>13.00<\/strong>: Herrar senior 183 km (15 x 12,2 km)<\/li>\n<\/ul>\n<\/div>\n<\/div>\n<\/div>\n<\/div>\n<\/div>\n<\/div>\n<\/div>\n<\/div>\n<p>Det kommer tyv\u00e4rr inte att bli n\u00e5gon st\u00f6rre tv-s\u00e4ndning fr\u00e5n helgens linjelopp, men h\u00e5ll utkik p\u00e5 grymma arrang\u00f6ren CK Hymer k\u00f6r<a href=\"https:\/\/www.cykel-sm.se\/2024\/06\/17\/har-kan-du-streama-cykel-sm\/\"> <em><strong>LIGHTS\u00c4NDNING LIVE H\u00c4R UNDER HELGEN!<\/strong><\/em><\/a><\/p>\n<p><em>Text och foto: Tomas Larsson\/SCF<\/em><\/p>\n<hr \/>\n<a href=\"https:\/\/scf.se\/forbundet\/hjalp-oss-sprida-ny-digital-broschyr-om-motionslicensens-fordelar\/\"><img loading=\"lazy\" decoding=\"async\" class=\"alignnone size-full wp-image-7197\" src=\"https:\/\/scf.se\/forbundet\/wp-content\/uploads\/sites\/9\/2024\/03\/Kop-licens-cykelmagasinet4.jpg\" alt=\"\" width=\"2000\" height=\"655\" \/><\/a>\n","protected":false},"excerpt":{"rendered":"<p>Ingen Emilia Fahlin till start p\u00e5 l\u00f6rdagens SM-linjelopp f\u00f6r damer, inte heller Nathialie Eklund &#8211; vilket g\u00f6r t\u00e4vlingen \u00e4nnu mer \u00f6ppen \u00e4n tidigare. Det faktum att s\u00e5 m\u00e5nga \u00e5kare har medaljchans p\u00e5 papperet g\u00f6r linjeloppet i Link\u00f6ping extra intressant. Juniorerna och seniorelit tar \u00f6ver SM-scenen under midsommardagen och p\u00e5 s\u00f6ndagen, med start och m\u00e5l<a href=\"https:\/\/scf.se\/landsvag\/ingen-fahlin-till-start-i-sm-linje-med-desto-flera-guldkandidater\/\" class=\"news-card__more\"> &#8230;<\/a><\/p>\n","protected":false},"author":41,"featured_media":4211,"comment_status":"open","ping_status":"open","sticky":false,"template":"","format":"standard","meta":{"_acf_changed":false,"footnotes":""},"categories":[1],"tags":[],"class_list":["post-5470","post","type-post","status-publish","format-standard","hentry","category-landsvag"],"acf":[],"_links":{"self":[{"href":"https:\/\/scf.se\/landsvag\/wp-json\/wp\/v2\/posts\/5470","targetHints":{"allow":["GET"]}}],"collection":[{"href":"https:\/\/scf.se\/landsvag\/wp-json\/wp\/v2\/posts"}],"about":[{"href":"https:\/\/scf.se\/landsvag\/wp-json\/wp\/v2\/types\/post"}],"author":[{"embeddable":true,"href":"https:\/\/scf.se\/landsvag\/wp-json\/wp\/v2\/users\/41"}],"replies":[{"embeddable":true,"href":"https:\/\/scf.se\/landsvag\/wp-json\/wp\/v2\/comments?post=5470"}],"version-history":[{"count":9,"href":"https:\/\/scf.se\/landsvag\/wp-json\/wp\/v2\/posts\/5470\/revisions"}],"predecessor-version":[{"id":5488,"href":"https:\/\/scf.se\/landsvag\/wp-json\/wp\/v2\/posts\/5470\/revisions\/5488"}],"wp:featuredmedia":[{"embeddable":true,"href":"https:\/\/scf.se\/landsvag\/wp-json\/wp\/v2\/media\/4211"}],"wp:attachment":[{"href":"https:\/\/scf.se\/landsvag\/wp-json\/wp\/v2\/media?parent=5470"}],"wp:term":[{"taxonomy":"category","embeddable":true,"href":"https:\/\/scf.se\/landsvag\/wp-json\/wp\/v2\/categories?post=5470"},{"taxonomy":"post_tag","embeddable":true,"href":"https:\/\/scf.se\/landsvag\/wp-json\/wp\/v2\/tags?post=5470"}],"curies":[{"name":"wp","href":"https:\/\/api.w.org\/{rel}","templated":true}]}}