
{"id":5445,"date":"2024-06-21T11:55:22","date_gmt":"2024-06-21T09:55:22","guid":{"rendered":"https:\/\/scf.se\/landsvag\/?p=5445"},"modified":"2024-06-21T19:19:36","modified_gmt":"2024-06-21T17:19:36","slug":"sa-gick-det-pa-ungdoms-sm-i-linkoping-i-tempo-och-linjelopp","status":"publish","type":"post","link":"https:\/\/scf.se\/landsvag\/sa-gick-det-pa-ungdoms-sm-i-linkoping-i-tempo-och-linjelopp\/","title":{"rendered":"IK Trasten fyllde hel prispall n\u00e4r USM avslutades med sp\u00e4nnande linjelopp"},"content":{"rendered":"<p><strong>Dagen innan midsommarafton slutf\u00f6rdes \u00e5rets USM i landsv\u00e4g med linjeloppet. Det blev flera riktigt sp\u00e4nnande lopp. Ska man plocka ut ett som sticker ut var det kanske att lilla IK trasten h\u00e4r \u00e4r p\u00e5 v\u00e4g att ta alla pallplatserna i \u00e4ldsta flickklassen. Vi tackar arrangerande CK Hymers fotograf, Micke Fransson\/teambild.se, f\u00f6r l\u00e5net av alla grymma bilder.<\/strong><\/p>\n<p>I b\u00f6rjan av veckan var det tempo-SM f\u00f6r ungdomsklasserna ute p\u00e5 Slakasl\u00e4tten s\u00f6der om Link\u00f6ping, n\u00e4rmare best\u00e4mt med start och m\u00e5l i lilla V\u00e4sterl\u00f6sa.<\/p>\n<a href=\"https:\/\/scf.se\/landsvag\/wp-content\/uploads\/sites\/5\/2024\/06\/USMtempo2.jpg\"><img loading=\"lazy\" decoding=\"async\" class=\"size-full wp-image-5463\" src=\"https:\/\/scf.se\/landsvag\/wp-content\/uploads\/sites\/5\/2024\/06\/USMtempo2.jpg\" alt=\"\" width=\"1920\" height=\"1363\" srcset=\"https:\/\/scf.se\/landsvag\/wp-content\/uploads\/sites\/5\/2024\/06\/USMtempo2.jpg 1920w, https:\/\/scf.se\/landsvag\/wp-content\/uploads\/sites\/5\/2024\/06\/USMtempo2-300x213.jpg 300w, https:\/\/scf.se\/landsvag\/wp-content\/uploads\/sites\/5\/2024\/06\/USMtempo2-1024x727.jpg 1024w, https:\/\/scf.se\/landsvag\/wp-content\/uploads\/sites\/5\/2024\/06\/USMtempo2-768x545.jpg 768w, https:\/\/scf.se\/landsvag\/wp-content\/uploads\/sites\/5\/2024\/06\/USMtempo2-1536x1090.jpg 1536w\" sizes=\"auto, (max-width: 1920px) 100vw, 1920px\" \/><\/a>\n<a href=\"https:\/\/scf.se\/landsvag\/wp-content\/uploads\/sites\/5\/2024\/06\/USMtempo1.jpg\"><img loading=\"lazy\" decoding=\"async\" class=\"size-full wp-image-5464\" src=\"https:\/\/scf.se\/landsvag\/wp-content\/uploads\/sites\/5\/2024\/06\/USMtempo1.jpg\" alt=\"\" width=\"1920\" height=\"1407\" srcset=\"https:\/\/scf.se\/landsvag\/wp-content\/uploads\/sites\/5\/2024\/06\/USMtempo1.jpg 1920w, https:\/\/scf.se\/landsvag\/wp-content\/uploads\/sites\/5\/2024\/06\/USMtempo1-300x220.jpg 300w, https:\/\/scf.se\/landsvag\/wp-content\/uploads\/sites\/5\/2024\/06\/USMtempo1-1024x750.jpg 1024w, https:\/\/scf.se\/landsvag\/wp-content\/uploads\/sites\/5\/2024\/06\/USMtempo1-768x563.jpg 768w, https:\/\/scf.se\/landsvag\/wp-content\/uploads\/sites\/5\/2024\/06\/USMtempo1-1536x1126.jpg 1536w\" sizes=\"auto, (max-width: 1920px) 100vw, 1920px\" \/><\/a>\n<p>I de \u00e4ldsta ungdomsklasserna noterar vi seger f\u00f6r snabba MTB-cyklisten Tilde Elofsson fr\u00e5n grannkommunen Mj\u00f6lby samt Albin Karlsson, Ringmurens CK. I \u00f6vrigt slutade USM i tempo s\u00e5 h\u00e4r:<\/p>\n<h3><a href=\"https:\/\/scf.se\/landsvag\/wp-content\/uploads\/sites\/5\/2024\/06\/F12tempo.jpg\"><img loading=\"lazy\" decoding=\"async\" class=\"alignnone size-full wp-image-5461\" src=\"https:\/\/scf.se\/landsvag\/wp-content\/uploads\/sites\/5\/2024\/06\/F12tempo.jpg\" alt=\"\" width=\"1920\" height=\"1440\" srcset=\"https:\/\/scf.se\/landsvag\/wp-content\/uploads\/sites\/5\/2024\/06\/F12tempo.jpg 1920w, https:\/\/scf.se\/landsvag\/wp-content\/uploads\/sites\/5\/2024\/06\/F12tempo-300x225.jpg 300w, https:\/\/scf.se\/landsvag\/wp-content\/uploads\/sites\/5\/2024\/06\/F12tempo-1024x768.jpg 1024w, https:\/\/scf.se\/landsvag\/wp-content\/uploads\/sites\/5\/2024\/06\/F12tempo-768x576.jpg 768w, https:\/\/scf.se\/landsvag\/wp-content\/uploads\/sites\/5\/2024\/06\/F12tempo-1536x1152.jpg 1536w\" sizes=\"auto, (max-width: 1920px) 100vw, 1920px\" \/><\/a><\/h3>\n<h3>F10\u201312<\/h3>\n<ol>\n<li><strong>Moa Rundqvist,<\/strong> Sk\u00f6vde CK<\/li>\n<li><strong>Ava Renlund Sundin<\/strong>, J\u00e4rf\u00e4lla CK<\/li>\n<li><strong>Sandra Rybalko,<\/strong> Falu CK<\/li>\n<\/ol>\n<h3><a href=\"https:\/\/scf.se\/landsvag\/wp-content\/uploads\/sites\/5\/2024\/06\/P12tempo.jpg\"><img loading=\"lazy\" decoding=\"async\" class=\"alignnone size-full wp-image-5459\" src=\"https:\/\/scf.se\/landsvag\/wp-content\/uploads\/sites\/5\/2024\/06\/P12tempo.jpg\" alt=\"\" width=\"1920\" height=\"1460\" srcset=\"https:\/\/scf.se\/landsvag\/wp-content\/uploads\/sites\/5\/2024\/06\/P12tempo.jpg 1920w, https:\/\/scf.se\/landsvag\/wp-content\/uploads\/sites\/5\/2024\/06\/P12tempo-300x228.jpg 300w, https:\/\/scf.se\/landsvag\/wp-content\/uploads\/sites\/5\/2024\/06\/P12tempo-1024x779.jpg 1024w, https:\/\/scf.se\/landsvag\/wp-content\/uploads\/sites\/5\/2024\/06\/P12tempo-768x584.jpg 768w, https:\/\/scf.se\/landsvag\/wp-content\/uploads\/sites\/5\/2024\/06\/P12tempo-1536x1168.jpg 1536w\" sizes=\"auto, (max-width: 1920px) 100vw, 1920px\" \/><\/a><\/h3>\n<h3>P10\u201312<\/h3>\n<ol>\n<li><strong>Joel Moodysson<\/strong>, J\u00f6nk\u00f6pings CK<\/li>\n<li><strong>Lexus Karlsen,<\/strong> Uddevalla CK<\/li>\n<li><strong>Jasper Magnusson,<\/strong> Sk\u00f6vde CK<\/li>\n<\/ol>\n<h3><a href=\"https:\/\/scf.se\/landsvag\/wp-content\/uploads\/sites\/5\/2024\/06\/P16tempo.jpg\"><img loading=\"lazy\" decoding=\"async\" class=\"alignnone size-full wp-image-5458\" src=\"https:\/\/scf.se\/landsvag\/wp-content\/uploads\/sites\/5\/2024\/06\/P16tempo.jpg\" alt=\"\" width=\"1920\" height=\"1713\" srcset=\"https:\/\/scf.se\/landsvag\/wp-content\/uploads\/sites\/5\/2024\/06\/P16tempo.jpg 1920w, https:\/\/scf.se\/landsvag\/wp-content\/uploads\/sites\/5\/2024\/06\/P16tempo-300x268.jpg 300w, https:\/\/scf.se\/landsvag\/wp-content\/uploads\/sites\/5\/2024\/06\/P16tempo-1024x914.jpg 1024w, https:\/\/scf.se\/landsvag\/wp-content\/uploads\/sites\/5\/2024\/06\/P16tempo-768x685.jpg 768w, https:\/\/scf.se\/landsvag\/wp-content\/uploads\/sites\/5\/2024\/06\/P16tempo-1536x1370.jpg 1536w\" sizes=\"auto, (max-width: 1920px) 100vw, 1920px\" \/><\/a><\/h3>\n<h3>P13\u201314<\/h3>\n<ol>\n<li><strong>Oliver Emanuelsson<\/strong>, Trollh\u00e4ttans SOK<\/li>\n<li><strong>Joel Borgstr\u00f6m,<\/strong> CK Ringen<\/li>\n<li><strong>Kalle Nordborg<\/strong>, Elmhults SC<\/li>\n<\/ol>\n<h3>F13\u201314<\/h3>\n<ol>\n<li><strong>Alva Gustafsson<\/strong>, Team Lewa Sport (ensam deltagare i klassen)<\/li>\n<\/ol>\n<h3><a href=\"https:\/\/scf.se\/landsvag\/wp-content\/uploads\/sites\/5\/2024\/06\/F16tempo.jpg\"><img loading=\"lazy\" decoding=\"async\" class=\"alignnone size-full wp-image-5460\" src=\"https:\/\/scf.se\/landsvag\/wp-content\/uploads\/sites\/5\/2024\/06\/F16tempo.jpg\" alt=\"\" width=\"1920\" height=\"1527\" srcset=\"https:\/\/scf.se\/landsvag\/wp-content\/uploads\/sites\/5\/2024\/06\/F16tempo.jpg 1920w, https:\/\/scf.se\/landsvag\/wp-content\/uploads\/sites\/5\/2024\/06\/F16tempo-300x239.jpg 300w, https:\/\/scf.se\/landsvag\/wp-content\/uploads\/sites\/5\/2024\/06\/F16tempo-1024x814.jpg 1024w, https:\/\/scf.se\/landsvag\/wp-content\/uploads\/sites\/5\/2024\/06\/F16tempo-768x611.jpg 768w, https:\/\/scf.se\/landsvag\/wp-content\/uploads\/sites\/5\/2024\/06\/F16tempo-1536x1222.jpg 1536w\" sizes=\"auto, (max-width: 1920px) 100vw, 1920px\" \/><\/a><\/h3>\n<h3>F15\u201316<\/h3>\n<ol>\n<li><strong>Tilde Elofsson<\/strong>, Mj\u00f6lby CK<\/li>\n<li><strong>Elinore Nilsson<\/strong>, IK Trasten<\/li>\n<li><strong>Nora Fransson<\/strong>, Falu CK<\/li>\n<\/ol>\n<h3><a href=\"https:\/\/scf.se\/landsvag\/wp-content\/uploads\/sites\/5\/2024\/06\/FP14tempo.jpg\"><img loading=\"lazy\" decoding=\"async\" class=\"alignnone size-full wp-image-5457\" src=\"https:\/\/scf.se\/landsvag\/wp-content\/uploads\/sites\/5\/2024\/06\/FP14tempo.jpg\" alt=\"\" width=\"1920\" height=\"1838\" srcset=\"https:\/\/scf.se\/landsvag\/wp-content\/uploads\/sites\/5\/2024\/06\/FP14tempo.jpg 1920w, https:\/\/scf.se\/landsvag\/wp-content\/uploads\/sites\/5\/2024\/06\/FP14tempo-300x287.jpg 300w, https:\/\/scf.se\/landsvag\/wp-content\/uploads\/sites\/5\/2024\/06\/FP14tempo-1024x980.jpg 1024w, https:\/\/scf.se\/landsvag\/wp-content\/uploads\/sites\/5\/2024\/06\/FP14tempo-768x735.jpg 768w, https:\/\/scf.se\/landsvag\/wp-content\/uploads\/sites\/5\/2024\/06\/FP14tempo-1536x1470.jpg 1536w\" sizes=\"auto, (max-width: 1920px) 100vw, 1920px\" \/><\/a><\/h3>\n<h3>P15\u201316<\/h3>\n<ol>\n<li><strong>Albin Karlsson<\/strong>, Ringmurens CK<\/li>\n<li><strong>Oliver Andersen<\/strong>, MTB T\u00e4by<\/li>\n<li><strong>Gustav Grip<\/strong>, S\u00f6dert\u00e4lje CK<\/li>\n<\/ol>\n<p>Under torsdagen d\u00e5 linjeloppen avgjordes bl\u00e5ste det v\u00e4ldigt mycket runt Link\u00f6pings universitetsomr\u00e5de, s\u00e5 det blev tuffa men flera riktigt sp\u00e4nnande lopp.<\/p>\n<a href=\"https:\/\/scf.se\/landsvag\/wp-content\/uploads\/sites\/5\/2024\/06\/448785031_122152557632188011_5450457542220251044_n.jpg\"><img loading=\"lazy\" decoding=\"async\" class=\"size-full wp-image-5466\" src=\"https:\/\/scf.se\/landsvag\/wp-content\/uploads\/sites\/5\/2024\/06\/448785031_122152557632188011_5450457542220251044_n.jpg\" alt=\"\" width=\"1920\" height=\"1443\" srcset=\"https:\/\/scf.se\/landsvag\/wp-content\/uploads\/sites\/5\/2024\/06\/448785031_122152557632188011_5450457542220251044_n.jpg 1920w, https:\/\/scf.se\/landsvag\/wp-content\/uploads\/sites\/5\/2024\/06\/448785031_122152557632188011_5450457542220251044_n-300x225.jpg 300w, https:\/\/scf.se\/landsvag\/wp-content\/uploads\/sites\/5\/2024\/06\/448785031_122152557632188011_5450457542220251044_n-1024x770.jpg 1024w, https:\/\/scf.se\/landsvag\/wp-content\/uploads\/sites\/5\/2024\/06\/448785031_122152557632188011_5450457542220251044_n-768x577.jpg 768w, https:\/\/scf.se\/landsvag\/wp-content\/uploads\/sites\/5\/2024\/06\/448785031_122152557632188011_5450457542220251044_n-1536x1154.jpg 1536w\" sizes=\"auto, (max-width: 1920px) 100vw, 1920px\" \/><\/a>\n<a href=\"https:\/\/scf.se\/landsvag\/wp-content\/uploads\/sites\/5\/2024\/06\/448791832_122152557284188011_537079368362587866_n.jpg\"><img loading=\"lazy\" decoding=\"async\" class=\"size-full wp-image-5465\" src=\"https:\/\/scf.se\/landsvag\/wp-content\/uploads\/sites\/5\/2024\/06\/448791832_122152557284188011_537079368362587866_n.jpg\" alt=\"\" width=\"1920\" height=\"1347\" srcset=\"https:\/\/scf.se\/landsvag\/wp-content\/uploads\/sites\/5\/2024\/06\/448791832_122152557284188011_537079368362587866_n.jpg 1920w, https:\/\/scf.se\/landsvag\/wp-content\/uploads\/sites\/5\/2024\/06\/448791832_122152557284188011_537079368362587866_n-300x210.jpg 300w, https:\/\/scf.se\/landsvag\/wp-content\/uploads\/sites\/5\/2024\/06\/448791832_122152557284188011_537079368362587866_n-1024x718.jpg 1024w, https:\/\/scf.se\/landsvag\/wp-content\/uploads\/sites\/5\/2024\/06\/448791832_122152557284188011_537079368362587866_n-768x539.jpg 768w, https:\/\/scf.se\/landsvag\/wp-content\/uploads\/sites\/5\/2024\/06\/448791832_122152557284188011_537079368362587866_n-1536x1078.jpg 1536w\" sizes=\"auto, (max-width: 1920px) 100vw, 1920px\" \/><\/a>\n<a href=\"https:\/\/scf.se\/landsvag\/wp-content\/uploads\/sites\/5\/2024\/06\/IKHP-spurt.jpg\"><img loading=\"lazy\" decoding=\"async\" class=\"size-full wp-image-5468\" src=\"https:\/\/scf.se\/landsvag\/wp-content\/uploads\/sites\/5\/2024\/06\/IKHP-spurt.jpg\" alt=\"\" width=\"1920\" height=\"1330\" srcset=\"https:\/\/scf.se\/landsvag\/wp-content\/uploads\/sites\/5\/2024\/06\/IKHP-spurt.jpg 1920w, https:\/\/scf.se\/landsvag\/wp-content\/uploads\/sites\/5\/2024\/06\/IKHP-spurt-300x208.jpg 300w, https:\/\/scf.se\/landsvag\/wp-content\/uploads\/sites\/5\/2024\/06\/IKHP-spurt-1024x709.jpg 1024w, https:\/\/scf.se\/landsvag\/wp-content\/uploads\/sites\/5\/2024\/06\/IKHP-spurt-768x532.jpg 768w, https:\/\/scf.se\/landsvag\/wp-content\/uploads\/sites\/5\/2024\/06\/IKHP-spurt-1536x1064.jpg 1536w\" sizes=\"auto, (max-width: 1920px) 100vw, 1920px\" \/><\/a>\n<p>I \u00e4ldsta flickklassen var det fem starka tjejer som gjorde upp medaljerna. Lilla IK Trasten hade med tre i den klungan, varav f\u00f6rst\u00e5s systrarna Elinore och Linnea Nilsson var tv\u00e5. Men det var Nora Nyman som segrade.<\/p>\n<p>I \u00e4ldsta pojkklassen var det 15 startande och en rej\u00e4l klungspurt om medaljerna d\u00e4r Oliver Andersen vann klart men det var j\u00e4mnt i \u00f6vrigt.<\/p>\n<p>IKHP:s Lilly Temar vinner det mesta i MTB och det gick bra \u00e4ven p\u00e5 linjelopp. Joel Borgstr\u00f6m, CK Ringen, vann motsvarande pojkklass p\u00e5 USM i landsv\u00e4g som slutade s\u00e5 h\u00e4r:<\/p>\n<h2>Linjelopp ungdom<\/h2>\n<a href=\"https:\/\/scf.se\/landsvag\/wp-content\/uploads\/sites\/5\/2024\/06\/F12.jpg\"><img loading=\"lazy\" decoding=\"async\" class=\"size-full wp-image-5447\" src=\"https:\/\/scf.se\/landsvag\/wp-content\/uploads\/sites\/5\/2024\/06\/F12.jpg\" alt=\"\" width=\"1920\" height=\"1280\" srcset=\"https:\/\/scf.se\/landsvag\/wp-content\/uploads\/sites\/5\/2024\/06\/F12.jpg 1920w, https:\/\/scf.se\/landsvag\/wp-content\/uploads\/sites\/5\/2024\/06\/F12-300x200.jpg 300w, https:\/\/scf.se\/landsvag\/wp-content\/uploads\/sites\/5\/2024\/06\/F12-1024x683.jpg 1024w, https:\/\/scf.se\/landsvag\/wp-content\/uploads\/sites\/5\/2024\/06\/F12-768x512.jpg 768w, https:\/\/scf.se\/landsvag\/wp-content\/uploads\/sites\/5\/2024\/06\/F12-1536x1024.jpg 1536w\" sizes=\"auto, (max-width: 1920px) 100vw, 1920px\" \/><\/a>\n<h3>F10\u201312<\/h3>\n<ol>\n<li><strong>Moa Rundqvist<\/strong>, Sk\u00f6vde CK<\/li>\n<li><strong>Sandra Rybalko<\/strong>, Falu CK<\/li>\n<\/ol>\n<div id=\"attachment_5448\" class=\"wp-caption alignnone\" ><a href=\"https:\/\/scf.se\/landsvag\/wp-content\/uploads\/sites\/5\/2024\/06\/P12.jpg\"><img loading=\"lazy\" decoding=\"async\" class=\"size-full wp-image-5448\" src=\"https:\/\/scf.se\/landsvag\/wp-content\/uploads\/sites\/5\/2024\/06\/P12.jpg\" alt=\"\" width=\"1920\" height=\"1419\" srcset=\"https:\/\/scf.se\/landsvag\/wp-content\/uploads\/sites\/5\/2024\/06\/P12.jpg 1920w, https:\/\/scf.se\/landsvag\/wp-content\/uploads\/sites\/5\/2024\/06\/P12-300x222.jpg 300w, https:\/\/scf.se\/landsvag\/wp-content\/uploads\/sites\/5\/2024\/06\/P12-1024x757.jpg 1024w, https:\/\/scf.se\/landsvag\/wp-content\/uploads\/sites\/5\/2024\/06\/P12-768x568.jpg 768w, https:\/\/scf.se\/landsvag\/wp-content\/uploads\/sites\/5\/2024\/06\/P12-1536x1135.jpg 1536w\" sizes=\"auto, (max-width: 1920px) 100vw, 1920px\" \/><\/a><p class=\"wp-caption-text\">Link\u00f6ping 2024-06-19, Cykel-SM i Link\u00f6ping linjelopp H40-H45,<\/p><\/div>\n<h3>P10\u201312<\/h3>\n<ol>\n<li><strong>Lexus Karlsen<\/strong>, Uddevalla CK<\/li>\n<li><strong>Joel Moodysson,<\/strong> J\u00f6nk\u00f6pings CK<\/li>\n<li><strong>Jasper Magnusson,<\/strong> Sk\u00f6vde CK<\/li>\n<\/ol>\n<a href=\"https:\/\/scf.se\/landsvag\/wp-content\/uploads\/sites\/5\/2024\/06\/F14.jpg\"><img loading=\"lazy\" decoding=\"async\" class=\"size-full wp-image-5449\" src=\"https:\/\/scf.se\/landsvag\/wp-content\/uploads\/sites\/5\/2024\/06\/F14.jpg\" alt=\"\" width=\"1920\" height=\"1280\" srcset=\"https:\/\/scf.se\/landsvag\/wp-content\/uploads\/sites\/5\/2024\/06\/F14.jpg 1920w, https:\/\/scf.se\/landsvag\/wp-content\/uploads\/sites\/5\/2024\/06\/F14-300x200.jpg 300w, https:\/\/scf.se\/landsvag\/wp-content\/uploads\/sites\/5\/2024\/06\/F14-1024x683.jpg 1024w, https:\/\/scf.se\/landsvag\/wp-content\/uploads\/sites\/5\/2024\/06\/F14-768x512.jpg 768w, https:\/\/scf.se\/landsvag\/wp-content\/uploads\/sites\/5\/2024\/06\/F14-1536x1024.jpg 1536w\" sizes=\"auto, (max-width: 1920px) 100vw, 1920px\" \/><\/a>\n<h3>F13\u201314<\/h3>\n<ol>\n<li><strong>Lilly Temar,<\/strong> IKHP<\/li>\n<li><strong>Sophia Widestadh<\/strong>, FK Trampen<\/li>\n<li><strong>Ellen Felldin,<\/strong> V\u00e4ster\u00e5s CK<\/li>\n<\/ol>\n<a href=\"https:\/\/scf.se\/landsvag\/wp-content\/uploads\/sites\/5\/2024\/06\/P14.jpg\"><img loading=\"lazy\" decoding=\"async\" class=\"size-full wp-image-5451\" src=\"https:\/\/scf.se\/landsvag\/wp-content\/uploads\/sites\/5\/2024\/06\/P14.jpg\" alt=\"\" width=\"1920\" height=\"1280\" srcset=\"https:\/\/scf.se\/landsvag\/wp-content\/uploads\/sites\/5\/2024\/06\/P14.jpg 1920w, https:\/\/scf.se\/landsvag\/wp-content\/uploads\/sites\/5\/2024\/06\/P14-300x200.jpg 300w, https:\/\/scf.se\/landsvag\/wp-content\/uploads\/sites\/5\/2024\/06\/P14-1024x683.jpg 1024w, https:\/\/scf.se\/landsvag\/wp-content\/uploads\/sites\/5\/2024\/06\/P14-768x512.jpg 768w, https:\/\/scf.se\/landsvag\/wp-content\/uploads\/sites\/5\/2024\/06\/P14-1536x1024.jpg 1536w\" sizes=\"auto, (max-width: 1920px) 100vw, 1920px\" \/><\/a>\n<h3>P13\u201314<\/h3>\n<ol>\n<li><strong>Joel Borgstr\u00f6m<\/strong>, CK Ringen<\/li>\n<li><strong>Oliver Emanuelsson,<\/strong> Trollh\u00e4ttans SOK<\/li>\n<li><strong>Fabian Resar,<\/strong> CK Soldi<\/li>\n<\/ol>\n<a href=\"https:\/\/scf.se\/landsvag\/wp-content\/uploads\/sites\/5\/2024\/06\/F16.jpg\"><img loading=\"lazy\" decoding=\"async\" class=\"size-full wp-image-5452\" src=\"https:\/\/scf.se\/landsvag\/wp-content\/uploads\/sites\/5\/2024\/06\/F16.jpg\" alt=\"\" width=\"1920\" height=\"1515\" srcset=\"https:\/\/scf.se\/landsvag\/wp-content\/uploads\/sites\/5\/2024\/06\/F16.jpg 1920w, https:\/\/scf.se\/landsvag\/wp-content\/uploads\/sites\/5\/2024\/06\/F16-300x237.jpg 300w, https:\/\/scf.se\/landsvag\/wp-content\/uploads\/sites\/5\/2024\/06\/F16-1024x808.jpg 1024w, https:\/\/scf.se\/landsvag\/wp-content\/uploads\/sites\/5\/2024\/06\/F16-768x606.jpg 768w, https:\/\/scf.se\/landsvag\/wp-content\/uploads\/sites\/5\/2024\/06\/F16-1536x1212.jpg 1536w\" sizes=\"auto, (max-width: 1920px) 100vw, 1920px\" \/><\/a>\n<h3>F15\u201316<\/h3>\n<ol>\n<li><strong>Nora Nyman<\/strong>, IK Trasten<\/li>\n<li><strong>Elinor Nilsson<\/strong>, IK Trasten<\/li>\n<li><strong>Linnea Nilsson<\/strong>, IK Trasten<\/li>\n<\/ol>\n<h3><a href=\"https:\/\/scf.se\/landsvag\/wp-content\/uploads\/sites\/5\/2024\/06\/P16.jpg\"><img loading=\"lazy\" decoding=\"async\" class=\"size-full wp-image-5450\" src=\"https:\/\/scf.se\/landsvag\/wp-content\/uploads\/sites\/5\/2024\/06\/P16.jpg\" alt=\"\" width=\"1920\" height=\"1280\" srcset=\"https:\/\/scf.se\/landsvag\/wp-content\/uploads\/sites\/5\/2024\/06\/P16.jpg 1920w, https:\/\/scf.se\/landsvag\/wp-content\/uploads\/sites\/5\/2024\/06\/P16-300x200.jpg 300w, https:\/\/scf.se\/landsvag\/wp-content\/uploads\/sites\/5\/2024\/06\/P16-1024x683.jpg 1024w, https:\/\/scf.se\/landsvag\/wp-content\/uploads\/sites\/5\/2024\/06\/P16-768x512.jpg 768w, https:\/\/scf.se\/landsvag\/wp-content\/uploads\/sites\/5\/2024\/06\/P16-1536x1024.jpg 1536w\" sizes=\"auto, (max-width: 1920px) 100vw, 1920px\" \/><\/a><\/h3>\n<h3>P15\u201316<\/h3>\n<ol>\n<li><strong>Oliver Andersen<\/strong>, MTB T\u00e4by<\/li>\n<li><strong>Sebastian Grass,<\/strong> CK Lunedi<\/li>\n<li><strong>Olof Staaf<\/strong>, Str\u00e4ngn\u00e4s CK<\/li>\n<\/ol>\n<p><a href=\"https:\/\/www.sportstiming.se\/event\/14206\/results?round=78976\"><em><strong>Det gjordes massa bra prestationer \u00e4ven i \u00f6vrigt p\u00e5 USM, h\u00e4r \u00e4r alla resultat!<\/strong><\/em><\/a><\/p>\n<h2>S\u00e5 k\u00f6rs junior- och seniorklassernas linjelopp p\u00e5 SM i Link\u00f6ping<\/h2>\n<div class=\"w-full text-token-text-primary\" dir=\"auto\" data-testid=\"conversation-turn-15\" data-scroll-anchor=\"true\">\n<div class=\"py-2 juice:py-[18px] px-3 text-base md:px-4 m-auto md:px-5 lg:px-1 xl:px-5\">\n<div class=\"mx-auto flex flex-1 gap-3 text-base juice:gap-4 juice:md:gap-5 juice:lg:gap-6 md:max-w-3xl\">\n<div class=\"group\/conversation-turn relative flex w-full min-w-0 flex-col agent-turn\">\n<div class=\"flex-col gap-1 md:gap-3\">\n<div class=\"flex flex-grow flex-col max-w-full\">\n<div class=\"min-h-[20px] text-message flex flex-col items-start whitespace-pre-wrap break-words [.text-message+&amp;]:mt-5 juice:w-full juice:items-end overflow-x-auto gap-2\" dir=\"auto\" data-message-author-role=\"assistant\" data-message-id=\"024ffaf7-f22f-4908-b805-60a4146b36fb\">\n<div class=\"flex w-full flex-col gap-1 juice:empty:hidden juice:first:pt-[3px]\">\n<div class=\"markdown prose w-full break-words dark:prose-invert light\">\n<h3>L\u00f6rdag 22 juni<\/h3>\n<ul>\n<li><strong>09.30<\/strong>: Herrar junior 122 km (10 x 12,2 km)<\/li>\n<li><strong>13.45<\/strong>: Damer junior 61 km (5 x 12,2 km)<\/li>\n<li><strong>13.45<\/strong>: Damer senior 122 km (10 x 12,2 km)<\/li>\n<\/ul>\n<\/div>\n<\/div>\n<h3>S\u00f6ndag 23 juni<\/h3>\n<\/div>\n<div class=\"flex w-full flex-col gap-1 juice:empty:hidden juice:first:pt-[3px]\">\n<div class=\"markdown prose w-full break-words dark:prose-invert light\">\n<ul>\n<li><strong>13.00<\/strong>: Herrar senior 183 km (15 x 12,2 km)<\/li>\n<\/ul>\n<\/div>\n<\/div>\n<\/div>\n<\/div>\n<\/div>\n<\/div>\n<\/div>\n<\/div>\n<p><em><strong>En sammanst\u00e4llning av medaljf\u00f6rdelningen p\u00e5 Masters-SM i alla klasser, med bilder, finns b\u00e5de p\u00e5 SWE Cyclings samt SM-arrang\u00f6rens Facebook och kommer att publiceras p\u00e5 SCF.se i b\u00f6rjan av n\u00e4sta vecka!<\/strong><\/em><\/p>\n<p><em>Text: SCF<\/em><br \/>\n<em>Foto: Micke Fransson\/teambild.se (Kolla in arrang\u00f6rens Facebook f\u00f6r fler av Mickes fina bilder.)<\/em><\/p>\n<hr \/>\n<h2><a href=\"https:\/\/scf.se\/forbundet\/hjalp-oss-sprida-ny-digital-broschyr-om-motionslicensens-fordelar\/\"><img loading=\"lazy\" decoding=\"async\" class=\"alignnone size-full wp-image-7197\" src=\"https:\/\/scf.se\/forbundet\/wp-content\/uploads\/sites\/9\/2024\/03\/Kop-licens-cykelmagasinet4.jpg\" alt=\"\" width=\"2000\" height=\"655\" \/><\/a><\/h2>\n","protected":false},"excerpt":{"rendered":"<p>Dagen innan midsommarafton slutf\u00f6rdes \u00e5rets USM i landsv\u00e4g med linjeloppet. Det blev flera riktigt sp\u00e4nnande lopp. Ska man plocka ut ett som sticker ut var det kanske att lilla IK trasten h\u00e4r \u00e4r p\u00e5 v\u00e4g att ta alla pallplatserna i \u00e4ldsta flickklassen. Vi tackar arrangerande CK Hymers fotograf, Micke Fransson\/teambild.se, f\u00f6r l\u00e5net av alla<a href=\"https:\/\/scf.se\/landsvag\/sa-gick-det-pa-ungdoms-sm-i-linkoping-i-tempo-och-linjelopp\/\" class=\"news-card__more\"> &#8230;<\/a><\/p>\n","protected":false},"author":41,"featured_media":5467,"comment_status":"open","ping_status":"open","sticky":false,"template":"","format":"standard","meta":{"_acf_changed":false,"footnotes":""},"categories":[1],"tags":[],"class_list":["post-5445","post","type-post","status-publish","format-standard","hentry","category-landsvag"],"acf":[],"_links":{"self":[{"href":"https:\/\/scf.se\/landsvag\/wp-json\/wp\/v2\/posts\/5445","targetHints":{"allow":["GET"]}}],"collection":[{"href":"https:\/\/scf.se\/landsvag\/wp-json\/wp\/v2\/posts"}],"about":[{"href":"https:\/\/scf.se\/landsvag\/wp-json\/wp\/v2\/types\/post"}],"author":[{"embeddable":true,"href":"https:\/\/scf.se\/landsvag\/wp-json\/wp\/v2\/users\/41"}],"replies":[{"embeddable":true,"href":"https:\/\/scf.se\/landsvag\/wp-json\/wp\/v2\/comments?post=5445"}],"version-history":[{"count":14,"href":"https:\/\/scf.se\/landsvag\/wp-json\/wp\/v2\/posts\/5445\/revisions"}],"predecessor-version":[{"id":5481,"href":"https:\/\/scf.se\/landsvag\/wp-json\/wp\/v2\/posts\/5445\/revisions\/5481"}],"wp:featuredmedia":[{"embeddable":true,"href":"https:\/\/scf.se\/landsvag\/wp-json\/wp\/v2\/media\/5467"}],"wp:attachment":[{"href":"https:\/\/scf.se\/landsvag\/wp-json\/wp\/v2\/media?parent=5445"}],"wp:term":[{"taxonomy":"category","embeddable":true,"href":"https:\/\/scf.se\/landsvag\/wp-json\/wp\/v2\/categories?post=5445"},{"taxonomy":"post_tag","embeddable":true,"href":"https:\/\/scf.se\/landsvag\/wp-json\/wp\/v2\/tags?post=5445"}],"curies":[{"name":"wp","href":"https:\/\/api.w.org\/{rel}","templated":true}]}}