
{"id":5378,"date":"2024-06-10T09:17:31","date_gmt":"2024-06-10T07:17:31","guid":{"rendered":"https:\/\/scf.se\/landsvag\/?p=5378"},"modified":"2024-06-10T09:17:31","modified_gmt":"2024-06-10T07:17:31","slug":"jakob-soderqvist-vann-forsta-etappen-pa-giro-ditalia-next-gen","status":"publish","type":"post","link":"https:\/\/scf.se\/landsvag\/jakob-soderqvist-vann-forsta-etappen-pa-giro-ditalia-next-gen\/","title":{"rendered":"Jakob S\u00f6derqvist vann f\u00f6rsta etappen p\u00e5 Giro d\u2019Italia Next Gen"},"content":{"rendered":"<p>&nbsp;<\/p>\n<p><strong>I Giro d\u2019Italia Next Gen har ett par senare stora svenska cyklister haft framg\u00e5ng. V\u00e4rldens b\u00e4sta utvecklingslag finns p\u00e5 plats f\u00f6r i \u00e5rets upplaga av U23-girot. D\u00e5 blev det svensk seger genom Jakob S\u00f6derqvist p\u00e5 f\u00f6rsta etappen.<\/strong><\/p>\n<p>S\u00f6derqvist segrade i tempoprologen \u00f6ver nio kilometer. Han hade tidig start och fick efter m\u00e5lg\u00e5ng i ett intensivt lopp med en backe sitta i ledarstolen i tre timmar f\u00f6r att v\u00e4nta in alla i det 174 cyklister stora startf\u00e4ltet.<\/p>\n<p>Jakob S\u00f6derqvist var sju sekunder f\u00f6re italienaren Andrea Raccagni Noviero, tio f\u00f6re schweizaren Fabian Weiss &#8211; och hade sannolikt redan varit OS-uttagen om Sverige hade haft en kvotplats \u00e4ven i tempodisciplinen. Vi f\u00e5r inom snar framtid se om det r\u00e4cker till en plats till Paris p\u00e5 framtidskriteriet \u00e4nd\u00e5.<\/p>\n<p>Det vi kan vara desto mera s\u00e4kra p\u00e5 \u00e4r att han f\u00e5r k\u00f6ra de 105 kilometerna mellan Aymavilles och Saint-Vincent med 1634 h\u00f6jdmeter att ta i den s\u00e5 klassiska rosa ledartr\u00f6jan. Stor m\u00e5ndag.<\/p>\n<h3>Giro d\u2019Italia Next Gen tempoprolog<\/h3>\n<ol>\n<li><strong>Jakob S\u00f6derqvist<\/strong>, Lidl &#8211; Trek Future Racing<\/li>\n<li><strong>Andrea Raccagni Noviero<\/strong>, Soudal &#8211; Quick-Step Devo Team +0:07<\/li>\n<li><strong>Fabian Weiss<\/strong>, Tudor Pro Cycling Team U23 +0:10<\/li>\n<li><strong>Paul Magnier,<\/strong> Soudal &#8211; Quick-Step Devo Team +0:11<\/li>\n<li><strong>Callum Thornley<\/strong>, Trinity Racing +0:16<\/li>\n<li><strong>Noa Isidore, Decathlon<\/strong> AG2R La Mondiale Development Team +0:17<\/li>\n<\/ol>\n<p><em>Text: SCF<\/em><br \/>\n<em>Foto: Giro d\u2019Italia Next Gen<\/em><\/p>\n<hr \/>\n<a href=\"https:\/\/scf.se\/forbundet\/hjalp-oss-sprida-ny-digital-broschyr-om-motionslicensens-fordelar\/\"><img loading=\"lazy\" decoding=\"async\" class=\"alignnone size-full wp-image-7197\" src=\"https:\/\/scf.se\/forbundet\/wp-content\/uploads\/sites\/9\/2024\/03\/Kop-licens-cykelmagasinet4.jpg\" alt=\"\" width=\"2000\" height=\"655\" \/><\/a>\n","protected":false},"excerpt":{"rendered":"<p>&nbsp; I Giro d\u2019Italia Next Gen har ett par senare stora svenska cyklister haft framg\u00e5ng. V\u00e4rldens b\u00e4sta utvecklingslag finns p\u00e5 plats f\u00f6r i \u00e5rets upplaga av U23-girot. D\u00e5 blev det svensk seger genom Jakob S\u00f6derqvist p\u00e5 f\u00f6rsta etappen. S\u00f6derqvist segrade i tempoprologen \u00f6ver nio kilometer. Han hade tidig start och fick efter m\u00e5lg\u00e5ng i<a href=\"https:\/\/scf.se\/landsvag\/jakob-soderqvist-vann-forsta-etappen-pa-giro-ditalia-next-gen\/\" class=\"news-card__more\"> &#8230;<\/a><\/p>\n","protected":false},"author":41,"featured_media":5380,"comment_status":"open","ping_status":"open","sticky":false,"template":"","format":"standard","meta":{"_acf_changed":false,"footnotes":""},"categories":[1],"tags":[],"class_list":["post-5378","post","type-post","status-publish","format-standard","hentry","category-landsvag"],"acf":[],"_links":{"self":[{"href":"https:\/\/scf.se\/landsvag\/wp-json\/wp\/v2\/posts\/5378","targetHints":{"allow":["GET"]}}],"collection":[{"href":"https:\/\/scf.se\/landsvag\/wp-json\/wp\/v2\/posts"}],"about":[{"href":"https:\/\/scf.se\/landsvag\/wp-json\/wp\/v2\/types\/post"}],"author":[{"embeddable":true,"href":"https:\/\/scf.se\/landsvag\/wp-json\/wp\/v2\/users\/41"}],"replies":[{"embeddable":true,"href":"https:\/\/scf.se\/landsvag\/wp-json\/wp\/v2\/comments?post=5378"}],"version-history":[{"count":2,"href":"https:\/\/scf.se\/landsvag\/wp-json\/wp\/v2\/posts\/5378\/revisions"}],"predecessor-version":[{"id":5381,"href":"https:\/\/scf.se\/landsvag\/wp-json\/wp\/v2\/posts\/5378\/revisions\/5381"}],"wp:featuredmedia":[{"embeddable":true,"href":"https:\/\/scf.se\/landsvag\/wp-json\/wp\/v2\/media\/5380"}],"wp:attachment":[{"href":"https:\/\/scf.se\/landsvag\/wp-json\/wp\/v2\/media?parent=5378"}],"wp:term":[{"taxonomy":"category","embeddable":true,"href":"https:\/\/scf.se\/landsvag\/wp-json\/wp\/v2\/categories?post=5378"},{"taxonomy":"post_tag","embeddable":true,"href":"https:\/\/scf.se\/landsvag\/wp-json\/wp\/v2\/tags?post=5378"}],"curies":[{"name":"wp","href":"https:\/\/api.w.org\/{rel}","templated":true}]}}