
{"id":5351,"date":"2024-06-06T22:00:41","date_gmt":"2024-06-06T20:00:41","guid":{"rendered":"https:\/\/scf.se\/landsvag\/?p=5351"},"modified":"2024-06-06T22:30:07","modified_gmt":"2024-06-06T20:30:07","slug":"spannande-race-i-alla-swe-cup-abc-klasser-pa-nationaldagsloppet","status":"publish","type":"post","link":"https:\/\/scf.se\/landsvag\/spannande-race-i-alla-swe-cup-abc-klasser-pa-nationaldagsloppet\/","title":{"rendered":"Sp\u00e4nnande race i alla SWE Cup ABC-klasser under Nationaldagsloppet"},"content":{"rendered":"<p><strong>Nationaldagsloppet utanf\u00f6r Vallentuna \u00e4r en traditionell SWE Cup i landv\u00e4g. Det blev sp\u00e4nnande lopp i alla ABC-klasser d\u00e4r den nya t\u00e4vlingsmodellen b\u00f6rjar s\u00e4tta sig. I A-klasserna segrade SWE Cup-ledande hemmacyklisten Mika S\u00f6derstr\u00f6m fr\u00e5n Stockholm CK efter fin k\u00f6rning och Viktor Lychou, som numera k\u00f6r f\u00f6r Team IBT-Tripeak, d\u00e4r v\u00e4ldigt offensiv k\u00f6rning i dubbla utbrytningar l\u00f6nade sig.<\/strong><\/p>\n<p>I damernas A-klass g\u00e5r Mika S\u00f6derstr\u00f6m fr\u00e5n klarhet till klarhet. under f\u00f6rsta halvan av loppet l\u00e5g hon bekv\u00e4mt i sista tredjedelen av klungan och l\u00e4t andra ta sm\u00e5rycken.<\/p>\n<a href=\"https:\/\/scf.se\/landsvag\/wp-content\/uploads\/sites\/5\/2024\/06\/Nationaldagsloppet4-1.jpeg\"><img loading=\"lazy\" decoding=\"async\" class=\"alignnone size-full wp-image-5355\" src=\"https:\/\/scf.se\/landsvag\/wp-content\/uploads\/sites\/5\/2024\/06\/Nationaldagsloppet4-1.jpeg\" alt=\"\" width=\"1280\" height=\"831\" srcset=\"https:\/\/scf.se\/landsvag\/wp-content\/uploads\/sites\/5\/2024\/06\/Nationaldagsloppet4-1.jpeg 1280w, https:\/\/scf.se\/landsvag\/wp-content\/uploads\/sites\/5\/2024\/06\/Nationaldagsloppet4-1-300x195.jpeg 300w, https:\/\/scf.se\/landsvag\/wp-content\/uploads\/sites\/5\/2024\/06\/Nationaldagsloppet4-1-1024x665.jpeg 1024w, https:\/\/scf.se\/landsvag\/wp-content\/uploads\/sites\/5\/2024\/06\/Nationaldagsloppet4-1-768x499.jpeg 768w\" sizes=\"auto, (max-width: 1280px) 100vw, 1280px\" \/><\/a>\n<p>I andra halvan fanns hon med i en stark utbrytarkvartett med landslagskollegan Ebba Granqvist, Karin Pettersson och portugisiskan Vera Vila\u00e7a.<\/p>\n<a href=\"https:\/\/scf.se\/landsvag\/wp-content\/uploads\/sites\/5\/2024\/06\/DamA-kompl2.jpg\"><img loading=\"lazy\" decoding=\"async\" class=\"alignnone size-full wp-image-5370\" src=\"https:\/\/scf.se\/landsvag\/wp-content\/uploads\/sites\/5\/2024\/06\/DamA-kompl2.jpg\" alt=\"\" width=\"1400\" height=\"824\" srcset=\"https:\/\/scf.se\/landsvag\/wp-content\/uploads\/sites\/5\/2024\/06\/DamA-kompl2.jpg 1400w, https:\/\/scf.se\/landsvag\/wp-content\/uploads\/sites\/5\/2024\/06\/DamA-kompl2-300x177.jpg 300w, https:\/\/scf.se\/landsvag\/wp-content\/uploads\/sites\/5\/2024\/06\/DamA-kompl2-1024x603.jpg 1024w, https:\/\/scf.se\/landsvag\/wp-content\/uploads\/sites\/5\/2024\/06\/DamA-kompl2-768x452.jpg 768w\" sizes=\"auto, (max-width: 1400px) 100vw, 1400px\" \/><\/a>\n<p>Mika tog spurten. V\u00e4ldigt stor skillnad gentemot f\u00f6rra \u00e5ret vid den h\u00e4r tiden d\u00e5 hon just var tillbaka fr\u00e5n hj\u00e4rnskakning.<\/p>\n<a href=\"https:\/\/scf.se\/landsvag\/wp-content\/uploads\/sites\/5\/2024\/06\/Dampall.jpg\"><img loading=\"lazy\" decoding=\"async\" class=\"alignnone size-full wp-image-5361\" src=\"https:\/\/scf.se\/landsvag\/wp-content\/uploads\/sites\/5\/2024\/06\/Dampall.jpg\" alt=\"\" width=\"1242\" height=\"1280\" srcset=\"https:\/\/scf.se\/landsvag\/wp-content\/uploads\/sites\/5\/2024\/06\/Dampall.jpg 1242w, https:\/\/scf.se\/landsvag\/wp-content\/uploads\/sites\/5\/2024\/06\/Dampall-291x300.jpg 291w, https:\/\/scf.se\/landsvag\/wp-content\/uploads\/sites\/5\/2024\/06\/Dampall-994x1024.jpg 994w, https:\/\/scf.se\/landsvag\/wp-content\/uploads\/sites\/5\/2024\/06\/Dampall-768x791.jpg 768w\" sizes=\"auto, (max-width: 1242px) 100vw, 1242px\" \/><\/a>\n<h3>Damer A<\/h3>\n<ol>\n<li><strong>Mika S\u00f6derstr\u00f6m<\/strong>, Stockholm CK<\/li>\n<li><strong>Vera Vila\u00e7a<\/strong>, DAS-Hutchinson-Brother UK<\/li>\n<li><strong>Ebba Granqvist<\/strong>, Falu CK<\/li>\n<li><strong>Karin Pettersson,<\/strong> J\u00f6nk\u00f6pings CK<\/li>\n<li><strong>Therese Fjord\u00e4ng<\/strong>, \u00d6rebrocyklisterna<\/li>\n<li><strong>Maja Johansson<\/strong>, Stockholm CK<\/li>\n<\/ol>\n<h3 dir=\"auto\">* * *<\/h3>\n<a href=\"https:\/\/scf.se\/landsvag\/wp-content\/uploads\/sites\/5\/2024\/06\/Bryt.jpg\"><img loading=\"lazy\" decoding=\"async\" class=\"alignnone size-full wp-image-5362\" src=\"https:\/\/scf.se\/landsvag\/wp-content\/uploads\/sites\/5\/2024\/06\/Bryt.jpg\" alt=\"\" width=\"1325\" height=\"978\" srcset=\"https:\/\/scf.se\/landsvag\/wp-content\/uploads\/sites\/5\/2024\/06\/Bryt.jpg 1325w, https:\/\/scf.se\/landsvag\/wp-content\/uploads\/sites\/5\/2024\/06\/Bryt-300x221.jpg 300w, https:\/\/scf.se\/landsvag\/wp-content\/uploads\/sites\/5\/2024\/06\/Bryt-1024x756.jpg 1024w, https:\/\/scf.se\/landsvag\/wp-content\/uploads\/sites\/5\/2024\/06\/Bryt-768x567.jpg 768w\" sizes=\"auto, (max-width: 1325px) 100vw, 1325px\" \/><\/a>\n<p>I herrar A hade vi en fin utbrytning med Joel Rydergren, CK Hymer, Jimmy Carlsson, Inte bara Posten SK, slutsegraren Viktor Lychou, Team IBT-Tripeak (i gr\u00f6na tr\u00f6ja p\u00e5 bilden) samt Gustav Lovidius, S\u00f6dert\u00e4lje CK. Det var uppe p\u00e5 fyra minuter i de byiga vindarna utanf\u00f6r Vallentuna. En incident minskade chanserna f\u00f6r den kvartetten att h\u00e5lla.<\/p>\n<a href=\"https:\/\/scf.se\/landsvag\/wp-content\/uploads\/sites\/5\/2024\/06\/HerrA-kompl2.jpg\"><img loading=\"lazy\" decoding=\"async\" class=\"alignnone size-full wp-image-5369\" src=\"https:\/\/scf.se\/landsvag\/wp-content\/uploads\/sites\/5\/2024\/06\/HerrA-kompl2.jpg\" alt=\"\" width=\"1764\" height=\"1124\" srcset=\"https:\/\/scf.se\/landsvag\/wp-content\/uploads\/sites\/5\/2024\/06\/HerrA-kompl2.jpg 1764w, https:\/\/scf.se\/landsvag\/wp-content\/uploads\/sites\/5\/2024\/06\/HerrA-kompl2-300x191.jpg 300w, https:\/\/scf.se\/landsvag\/wp-content\/uploads\/sites\/5\/2024\/06\/HerrA-kompl2-1024x652.jpg 1024w, https:\/\/scf.se\/landsvag\/wp-content\/uploads\/sites\/5\/2024\/06\/HerrA-kompl2-768x489.jpg 768w, https:\/\/scf.se\/landsvag\/wp-content\/uploads\/sites\/5\/2024\/06\/HerrA-kompl2-1536x979.jpg 1536w\" sizes=\"auto, (max-width: 1764px) 100vw, 1764px\" \/><\/a>\n<p>Klungan hade \u00e4nd\u00e5 r\u00e4tt bra koll d\u00e4r ska s\u00e4gas \u00e4ven om f\u00e5 lag tog ansvar initialt. Mest intresse som h\u00e4r av Motala AIF Serneke Allebike, som hade delar av contilaget utomlands, och M\u00f6lndals CK.<\/p>\n<p>Viktor Lychou var verkligen starkast i detta lopp. Han fanns med \u00e4ven i den andra utbrytningen och den h\u00f6ll hem med fem sekunders marginal f\u00f6r Lychous del. Marcus Wehlin tv\u00e5a och noteras att det var tv\u00e5 isl\u00e4nningar topp 6.<\/p>\n<h3>Herrar A<\/h3>\n<ol>\n<li><strong>Viktor Lychou<\/strong>, Team IBT-Tripeak<\/li>\n<li><strong>Marcus Wehlin<\/strong>, CK Hymer<\/li>\n<li><strong>Dav\u00ed\u00f0 J\u00f3nsson<\/strong>, HFR<\/li>\n<li><strong>Tim Gustavsson<\/strong>, CK Bure<\/li>\n<li><strong>Carl Kagevi<\/strong>, Team IBT-Tripeak<\/li>\n<li><strong>Kristinn Jonsson<\/strong>, HFR<\/li>\n<li><strong>Hugo Forssell,<\/strong> CK Hymer<\/li>\n<li><strong>Paul Greijus,<\/strong> Motala AIF Serneke Allebike<\/li>\n<\/ol>\n<p>D\u00e4rmed tar Marcus Wehlin \u00f6ver ledartr\u00f6jan i SWE Cup f\u00f6re Carl Kagevi, Hugo Forssell (i t\u00e4t i klungan p\u00e5 bilden nedan som startade i gula ledartr\u00f6jan) och Viktor Lychou. Det \u00e4r j\u00e4mnt och sp\u00e4nnande nu \u00e4r SWE Cup ABC landsv\u00e4g tar uppeh\u00e5ll till Uppsala den 17 augusti.<\/p>\n<a href=\"https:\/\/scf.se\/landsvag\/wp-content\/uploads\/sites\/5\/2024\/06\/HerrA-kompl1.jpg\"><img loading=\"lazy\" decoding=\"async\" class=\"alignnone size-full wp-image-5371\" src=\"https:\/\/scf.se\/landsvag\/wp-content\/uploads\/sites\/5\/2024\/06\/HerrA-kompl1.jpg\" alt=\"\" width=\"1280\" height=\"1032\" srcset=\"https:\/\/scf.se\/landsvag\/wp-content\/uploads\/sites\/5\/2024\/06\/HerrA-kompl1.jpg 1280w, https:\/\/scf.se\/landsvag\/wp-content\/uploads\/sites\/5\/2024\/06\/HerrA-kompl1-300x242.jpg 300w, https:\/\/scf.se\/landsvag\/wp-content\/uploads\/sites\/5\/2024\/06\/HerrA-kompl1-1024x826.jpg 1024w, https:\/\/scf.se\/landsvag\/wp-content\/uploads\/sites\/5\/2024\/06\/HerrA-kompl1-768x619.jpg 768w\" sizes=\"auto, (max-width: 1280px) 100vw, 1280px\" \/><\/a>\n<ul>\n<li dir=\"auto\"><a href=\"https:\/\/www.sportstiming.se\/event\/14404\/points\"><strong><em>H\u00e4r hittar ni hela SWE Cup-st\u00e4llningen efter fyra delt\u00e4vlingar.<\/em><\/strong><\/a><\/li>\n<\/ul>\n<h3 dir=\"auto\">* * *<\/h3>\n<p>Juniorlandslagscyklisten Gustav Magnusson tog hem spurten i herrar B i Nationaldagsloppet i SWE Cup. Det var en sextett som hade f\u00e5tt en lucka innan det l\u00e5nga upploppet i Lindholmen utanf\u00f6r Vallentuna.<\/p>\n<blockquote><p>&#8221;Riktigt bra racing tycker jag. F\u00f6rst var det tv\u00e5 loss i ett bryt. Sedan bryggade fyra cyklister. Och s\u00e5 var det ett riktigt fint f\u00f6rs\u00f6k av\u00a0 CK Ringens Filip Persson med dryga kilometern kvar. Han blev ikapp\u00e5kt men det var BRA k\u00f6rt. Och s\u00e5 fick vi se en vass spurt av\u00a0 Gustav Magnusson&#8221;, s\u00e4ger Alexander Wetterhall i en rapport fr\u00e5n f\u00f6ljebilen.<\/p><\/blockquote>\n<blockquote><p>&#8221;Riktigt bra lopp \u00f6verlag i dag&#8221;, sammanfattar assisterande f\u00f6rbundskaptenen,<\/p><\/blockquote>\n<p>Magnusson \u00e4r annars mera \u00e4r k\u00e4nd f\u00f6r att vara \u00e5kstark \u00e4n spurtsnabb men tillh\u00f6r de juniorer som gjort det bra i Nations Cup, senast i tyska Saarland Trofeo.<\/p>\n<ul>\n<li><a href=\"https:\/\/www.facebook.com\/swecycling\/videos\/828842092475801\"><em><strong>Kolla in spurten i herrar B h\u00e4r!<\/strong><\/em><\/a><\/li>\n<\/ul>\n<a href=\"https:\/\/scf.se\/landsvag\/wp-content\/uploads\/sites\/5\/2024\/06\/B-medaljer.jpg\"><img loading=\"lazy\" decoding=\"async\" class=\"alignnone size-full wp-image-5365\" src=\"https:\/\/scf.se\/landsvag\/wp-content\/uploads\/sites\/5\/2024\/06\/B-medaljer.jpg\" alt=\"\" width=\"1280\" height=\"1117\" srcset=\"https:\/\/scf.se\/landsvag\/wp-content\/uploads\/sites\/5\/2024\/06\/B-medaljer.jpg 1280w, https:\/\/scf.se\/landsvag\/wp-content\/uploads\/sites\/5\/2024\/06\/B-medaljer-300x262.jpg 300w, https:\/\/scf.se\/landsvag\/wp-content\/uploads\/sites\/5\/2024\/06\/B-medaljer-1024x894.jpg 1024w, https:\/\/scf.se\/landsvag\/wp-content\/uploads\/sites\/5\/2024\/06\/B-medaljer-768x670.jpg 768w\" sizes=\"auto, (max-width: 1280px) 100vw, 1280px\" \/><\/a>\n<h3>Herrar B<\/h3>\n<ol>\n<li><strong>Gustav Magnusson<\/strong>, J\u00f6nk\u00f6pings CK<\/li>\n<li><strong>Gustav Enh\u00f6rning<\/strong>, \u00d6rebrocyklisterna<\/li>\n<li><strong>Nils Junker,<\/strong> Tyres\u00f6 CK<\/li>\n<li><strong>Joel Mellby<\/strong>, CK Master<\/li>\n<li><strong>Victor Hede\u00e5<\/strong>s, CK Ringen<\/li>\n<li><strong>Filip Persson<\/strong>, CK Ringen<\/li>\n<\/ol>\n<a href=\"https:\/\/scf.se\/landsvag\/wp-content\/uploads\/sites\/5\/2024\/06\/Btroja.jpg\"><img loading=\"lazy\" decoding=\"async\" class=\"alignnone size-full wp-image-5364\" src=\"https:\/\/scf.se\/landsvag\/wp-content\/uploads\/sites\/5\/2024\/06\/Btroja.jpg\" alt=\"\" width=\"934\" height=\"1678\" srcset=\"https:\/\/scf.se\/landsvag\/wp-content\/uploads\/sites\/5\/2024\/06\/Btroja.jpg 934w, https:\/\/scf.se\/landsvag\/wp-content\/uploads\/sites\/5\/2024\/06\/Btroja-167x300.jpg 167w, https:\/\/scf.se\/landsvag\/wp-content\/uploads\/sites\/5\/2024\/06\/Btroja-570x1024.jpg 570w, https:\/\/scf.se\/landsvag\/wp-content\/uploads\/sites\/5\/2024\/06\/Btroja-768x1380.jpg 768w, https:\/\/scf.se\/landsvag\/wp-content\/uploads\/sites\/5\/2024\/06\/Btroja-855x1536.jpg 855w\" sizes=\"auto, (max-width: 934px) 100vw, 934px\" \/><\/a>\n<p>Nu tog Magnusson \u00f6ver ledningen i SWE Cup-totalen efter en B-klass som slutade s\u00e5 h\u00e4r.<\/p>\n<p>Tyv\u00e4rr en vurpa i klungan strax innan m\u00e5l med ganska m\u00e5nga cyklister med. Flera fick k\u00e4nnbara skador som brutet nyckelben och n\u00e5gon trolig fraktur men inget j\u00e4tteallvarligt var de f\u00f6rsta rapporterna. Hela t\u00e4vlingen f\u00f6rsk\u00f6ts en kvart.<\/p>\n<h3 dir=\"auto\">* * *<\/h3>\n<a href=\"https:\/\/scf.se\/landsvag\/wp-content\/uploads\/sites\/5\/2024\/06\/NationaldagsloppetPARANV3-1.jpeg\"><img loading=\"lazy\" decoding=\"async\" class=\"alignnone size-full wp-image-5358\" src=\"https:\/\/scf.se\/landsvag\/wp-content\/uploads\/sites\/5\/2024\/06\/NationaldagsloppetPARANV3-1.jpeg\" alt=\"\" width=\"1280\" height=\"863\" srcset=\"https:\/\/scf.se\/landsvag\/wp-content\/uploads\/sites\/5\/2024\/06\/NationaldagsloppetPARANV3-1.jpeg 1280w, https:\/\/scf.se\/landsvag\/wp-content\/uploads\/sites\/5\/2024\/06\/NationaldagsloppetPARANV3-1-300x202.jpeg 300w, https:\/\/scf.se\/landsvag\/wp-content\/uploads\/sites\/5\/2024\/06\/NationaldagsloppetPARANV3-1-1024x690.jpeg 1024w, https:\/\/scf.se\/landsvag\/wp-content\/uploads\/sites\/5\/2024\/06\/NationaldagsloppetPARANV3-1-768x518.jpeg 768w\" sizes=\"auto, (max-width: 1280px) 100vw, 1280px\" \/><\/a>\n<p>Det \u00e4r alltid v\u00e4ldigt trevligt och BRA n\u00e4r v\u00e5ra duktiga paracyklister t\u00e4vlar p\u00e5 samma SWE Cup som \u00f6vriga klasser, som p\u00e5 Nationaldagsloppet. Det var SWE Cup del 1 f\u00f6r paracyklisterna, tempodelen, i det som utmynnar i jaktstart.<\/p>\n<div class=\"x11i5rnm xat24cr x1mh8g0r x1vvkbs xtlvy1s x126k92a\">\n<div dir=\"auto\">Segrade gjorde Arnt-Christian Furuberg, som k\u00f6r klubben med det underbara namnet Sockertoppen IF, i handcykel, norrmannen Kevin Touya i racer.<\/div>\n<\/div>\n<div dir=\"auto\"><\/div>\n<div dir=\"auto\">S\u00e5 h\u00e4r ser det ut inf\u00f6r linjeloppet med jaktstart och det \u00e4r bruttotider med omr\u00e4kningsfaktor som \u00e4r noterade:<\/div>\n<h3 dir=\"auto\"><a href=\"https:\/\/scf.se\/landsvag\/wp-content\/uploads\/sites\/5\/2024\/06\/Alla-para.jpg\"><img loading=\"lazy\" decoding=\"async\" class=\"alignnone size-full wp-image-5360\" src=\"https:\/\/scf.se\/landsvag\/wp-content\/uploads\/sites\/5\/2024\/06\/Alla-para.jpg\" alt=\"\" width=\"2015\" height=\"1069\" srcset=\"https:\/\/scf.se\/landsvag\/wp-content\/uploads\/sites\/5\/2024\/06\/Alla-para.jpg 2015w, https:\/\/scf.se\/landsvag\/wp-content\/uploads\/sites\/5\/2024\/06\/Alla-para-300x159.jpg 300w, https:\/\/scf.se\/landsvag\/wp-content\/uploads\/sites\/5\/2024\/06\/Alla-para-1024x543.jpg 1024w, https:\/\/scf.se\/landsvag\/wp-content\/uploads\/sites\/5\/2024\/06\/Alla-para-768x407.jpg 768w, https:\/\/scf.se\/landsvag\/wp-content\/uploads\/sites\/5\/2024\/06\/Alla-para-1536x815.jpg 1536w\" sizes=\"auto, (max-width: 2015px) 100vw, 2015px\" \/><\/a><\/h3>\n<h3 dir=\"auto\">Handcykel<\/h3>\n<div dir=\"auto\">\n<ol>\n<li><strong>Arnt-Christian Furuberg<\/strong>, Sockertoppen IF 44:16<\/li>\n<li><strong>Karl Utterhall,<\/strong> M\u00f6lndals CK 48:26<\/li>\n<\/ol>\n<\/div>\n<h3 dir=\"auto\">Racer<\/h3>\n<div dir=\"auto\">\n<ol>\n<li><strong>Kevin Touya<\/strong>, Bingsfoss SK Norge 30:46<\/li>\n<li><strong>Mats Blomstedt<\/strong>, Finsp\u00e5ngs CA 36:15<\/li>\n<li><strong>Martin Lind\u00e9n<\/strong>, Skoghalls CK-Hammar\u00f6 42:06<\/li>\n<li><strong>Katarina Grahn,<\/strong> Tjust Bike o Running Club\u00a0 44:52<\/li>\n<li><strong>Kristoffer Lempi\u00e4inen<\/strong>, SMACK 53:51<\/li>\n<\/ol>\n<\/div>\n<div class=\"x11i5rnm xat24cr x1mh8g0r x1vvkbs xtlvy1s x126k92a\">\n<p dir=\"auto\"><a href=\"https:\/\/scf.se\/landsvag\/wp-content\/uploads\/sites\/5\/2024\/06\/NationaldagsloppetPARANV1-1.jpeg\"><img loading=\"lazy\" decoding=\"async\" class=\"alignnone size-full wp-image-5359\" src=\"https:\/\/scf.se\/landsvag\/wp-content\/uploads\/sites\/5\/2024\/06\/NationaldagsloppetPARANV1-1.jpeg\" alt=\"\" width=\"1140\" height=\"1280\" srcset=\"https:\/\/scf.se\/landsvag\/wp-content\/uploads\/sites\/5\/2024\/06\/NationaldagsloppetPARANV1-1.jpeg 1140w, https:\/\/scf.se\/landsvag\/wp-content\/uploads\/sites\/5\/2024\/06\/NationaldagsloppetPARANV1-1-267x300.jpeg 267w, https:\/\/scf.se\/landsvag\/wp-content\/uploads\/sites\/5\/2024\/06\/NationaldagsloppetPARANV1-1-912x1024.jpeg 912w, https:\/\/scf.se\/landsvag\/wp-content\/uploads\/sites\/5\/2024\/06\/NationaldagsloppetPARANV1-1-768x862.jpeg 768w\" sizes=\"auto, (max-width: 1140px) 100vw, 1140px\" \/><\/a><\/p>\n<p dir=\"auto\">Sedan k\u00f6rde Paralympicsaktuella Louise Jannering med piloten Catrin Nilsson igenom ett riktigt bra lopp i tandem med bruttotid 32.54.<\/p>\n<p dir=\"auto\">Tyv\u00e4rr fanns en annan cyklist som \u00e4r aktuell f\u00f6r Paralympics, Henrik Marvig som startade i herrar B, med i den ganska stora kraschen strax innan m\u00e5l. Vi \u00e5terkommer \u00e4ven d\u00e4r med l\u00e4get under fredagen.<\/p>\n<h3 dir=\"auto\">* * *<\/h3>\n<\/div>\n<a href=\"https:\/\/scf.se\/landsvag\/wp-content\/uploads\/sites\/5\/2024\/06\/Nationaldagsloppet6dambNV-1.jpeg\"><img loading=\"lazy\" decoding=\"async\" class=\"alignnone size-full wp-image-5357\" src=\"https:\/\/scf.se\/landsvag\/wp-content\/uploads\/sites\/5\/2024\/06\/Nationaldagsloppet6dambNV-1.jpeg\" alt=\"\" width=\"1280\" height=\"921\" srcset=\"https:\/\/scf.se\/landsvag\/wp-content\/uploads\/sites\/5\/2024\/06\/Nationaldagsloppet6dambNV-1.jpeg 1280w, https:\/\/scf.se\/landsvag\/wp-content\/uploads\/sites\/5\/2024\/06\/Nationaldagsloppet6dambNV-1-300x216.jpeg 300w, https:\/\/scf.se\/landsvag\/wp-content\/uploads\/sites\/5\/2024\/06\/Nationaldagsloppet6dambNV-1-1024x737.jpeg 1024w, https:\/\/scf.se\/landsvag\/wp-content\/uploads\/sites\/5\/2024\/06\/Nationaldagsloppet6dambNV-1-768x553.jpeg 768w\" sizes=\"auto, (max-width: 1280px) 100vw, 1280px\" \/><\/a>\n<p>Damer B hade mycket gl\u00e4djande flera deltagare \u00e4n tidigare och det blev ett riktigt cykellopp med flera sp\u00e4nnande sekvenser och till sist en spurtuppg\u00f6relse av den breddklassen. SWE Cup-ledaren Linda Tufvesson, som k\u00f6r f\u00f6r Borl\u00e4nge, vann spurten f\u00f6re Linnea Gunnarsson, \u00d6rebrocyklisterna, och Annika Stark fr\u00e5n \u00d6stra Aros CK. M\u00e5nga glada miner efter ett roligt lopp. Kul!<\/p>\n<h3>Damer B<\/h3>\n<ol>\n<li><strong>Linda Tufvesson,<\/strong> Borl\u00e4nge CK<\/li>\n<li><strong>Linnea Gunnarsson<\/strong>, \u00d6rebrocyklisterna<\/li>\n<li><strong>Annika Stark<\/strong>, \u00d6stra Aros CK<\/li>\n<li><strong>\u00c5sa Lundstr\u00f6m,<\/strong> V\u00e4ster\u00e5s CK<\/li>\n<li><strong>Julia Lindstr\u00f6m,<\/strong> \u00c5storps CK<\/li>\n<li><strong>Camilla Hansson,<\/strong> \u00d6stra Aros CK<\/li>\n<\/ol>\n<h3 dir=\"auto\">* * *<\/h3>\n<a href=\"https:\/\/scf.se\/landsvag\/wp-content\/uploads\/sites\/5\/2024\/06\/Herr-C.jpg\"><img loading=\"lazy\" decoding=\"async\" class=\"alignnone size-full wp-image-5374\" src=\"https:\/\/scf.se\/landsvag\/wp-content\/uploads\/sites\/5\/2024\/06\/Herr-C.jpg\" alt=\"\" width=\"1339\" height=\"1092\" srcset=\"https:\/\/scf.se\/landsvag\/wp-content\/uploads\/sites\/5\/2024\/06\/Herr-C.jpg 1339w, https:\/\/scf.se\/landsvag\/wp-content\/uploads\/sites\/5\/2024\/06\/Herr-C-300x245.jpg 300w, https:\/\/scf.se\/landsvag\/wp-content\/uploads\/sites\/5\/2024\/06\/Herr-C-1024x835.jpg 1024w, https:\/\/scf.se\/landsvag\/wp-content\/uploads\/sites\/5\/2024\/06\/Herr-C-768x626.jpg 768w\" sizes=\"auto, (max-width: 1339px) 100vw, 1339px\" \/><\/a>\n<p>Och herrarnas i herrarnas bredd- och ungdomsklass, som heter C ,blev det en sp\u00e4nnande spurtuppg\u00f6relse med mycket k\u00e4nslor. Alexander Hallsten gladde sin familj och supportrar med seger f\u00f6re unge Oliver Andersen.<\/p>\n<h3>Herrar C<\/h3>\n<ol>\n<li><strong>Alexander Hallsten<\/strong>, Rocket Racing Sweden<\/li>\n<li><strong>Oliver Andersen<\/strong>, MTB T\u00e4by<\/li>\n<li><strong>Albin Karlsson<\/strong>, Ringmurens CK<\/li>\n<li><strong>Mattias Lissola Johansson<\/strong>, Borl\u00e4nge CK<\/li>\n<li><strong>Christer Sehlstedt<\/strong>, Rocket Racing Sweden<\/li>\n<li><strong>Sebastian Grass<\/strong>, CK Lunedi<\/li>\n<\/ol>\n<ul>\n<li>P\u00e5 fredag tr\u00e4ffar ni<strong> Louise Jannering<\/strong> och<strong> Catrin Nilsson<\/strong> i en intervju om deras situation och form d\u00e4r de siktar p\u00e5 Paralympics men just nu saknar b\u00e5de svensk kvotplats och ja fr\u00e5n SPK. Det ser ljust ut men inget \u00e4r klart.<\/li>\n<li>Det kommer ocks\u00e5 en l\u00e4ngre intervju med <strong>Amir Ansari<\/strong> fr\u00e5n Nationaldagsloppets arrang\u00f6r, Stockholm CK. Han tar sikte p\u00e5 OS-tempot i Paris i IOK:s flyktinglag efter en mycket speciell resa d\u00e4r cykelsporten s\u00e5 starkt har bidragit med s\u00e5 mycket i hans nya liv i Sverige. Extremt mycket pollenproblem, men Ansari gick i m\u00e5l i t\u00e4tklungan p\u00e5 hemmav\u00e4garna.<\/li>\n<\/ul>\n<p><em>Text: Tomas Larsson\/SCF<br \/>\nFoto: Tomas Larsson och SCF<\/em><\/p>\n<hr \/>\n<a href=\"https:\/\/scf.se\/forbundet\/hjalp-oss-sprida-ny-digital-broschyr-om-motionslicensens-fordelar\/\"><img loading=\"lazy\" decoding=\"async\" class=\"alignnone size-full wp-image-7197\" src=\"https:\/\/scf.se\/forbundet\/wp-content\/uploads\/sites\/9\/2024\/03\/Kop-licens-cykelmagasinet4.jpg\" alt=\"\" width=\"2000\" height=\"655\" \/><\/a>\n","protected":false},"excerpt":{"rendered":"<p>Nationaldagsloppet utanf\u00f6r Vallentuna \u00e4r en traditionell SWE Cup i landv\u00e4g. Det blev sp\u00e4nnande lopp i alla ABC-klasser d\u00e4r den nya t\u00e4vlingsmodellen b\u00f6rjar s\u00e4tta sig. I A-klasserna segrade SWE Cup-ledande hemmacyklisten Mika S\u00f6derstr\u00f6m fr\u00e5n Stockholm CK efter fin k\u00f6rning och Viktor Lychou, som numera k\u00f6r f\u00f6r Team IBT-Tripeak, d\u00e4r v\u00e4ldigt offensiv k\u00f6rning i dubbla utbrytningar<a href=\"https:\/\/scf.se\/landsvag\/spannande-race-i-alla-swe-cup-abc-klasser-pa-nationaldagsloppet\/\" class=\"news-card__more\"> &#8230;<\/a><\/p>\n","protected":false},"author":41,"featured_media":5354,"comment_status":"open","ping_status":"open","sticky":false,"template":"","format":"standard","meta":{"_acf_changed":false,"footnotes":""},"categories":[1],"tags":[],"class_list":["post-5351","post","type-post","status-publish","format-standard","hentry","category-landsvag"],"acf":[],"_links":{"self":[{"href":"https:\/\/scf.se\/landsvag\/wp-json\/wp\/v2\/posts\/5351","targetHints":{"allow":["GET"]}}],"collection":[{"href":"https:\/\/scf.se\/landsvag\/wp-json\/wp\/v2\/posts"}],"about":[{"href":"https:\/\/scf.se\/landsvag\/wp-json\/wp\/v2\/types\/post"}],"author":[{"embeddable":true,"href":"https:\/\/scf.se\/landsvag\/wp-json\/wp\/v2\/users\/41"}],"replies":[{"embeddable":true,"href":"https:\/\/scf.se\/landsvag\/wp-json\/wp\/v2\/comments?post=5351"}],"version-history":[{"count":7,"href":"https:\/\/scf.se\/landsvag\/wp-json\/wp\/v2\/posts\/5351\/revisions"}],"predecessor-version":[{"id":5377,"href":"https:\/\/scf.se\/landsvag\/wp-json\/wp\/v2\/posts\/5351\/revisions\/5377"}],"wp:featuredmedia":[{"embeddable":true,"href":"https:\/\/scf.se\/landsvag\/wp-json\/wp\/v2\/media\/5354"}],"wp:attachment":[{"href":"https:\/\/scf.se\/landsvag\/wp-json\/wp\/v2\/media?parent=5351"}],"wp:term":[{"taxonomy":"category","embeddable":true,"href":"https:\/\/scf.se\/landsvag\/wp-json\/wp\/v2\/categories?post=5351"},{"taxonomy":"post_tag","embeddable":true,"href":"https:\/\/scf.se\/landsvag\/wp-json\/wp\/v2\/tags?post=5351"}],"curies":[{"name":"wp","href":"https:\/\/api.w.org\/{rel}","templated":true}]}}