
{"id":5333,"date":"2024-05-31T09:38:38","date_gmt":"2024-05-31T07:38:38","guid":{"rendered":"https:\/\/scf.se\/landsvag\/?p=5333"},"modified":"2024-05-31T10:43:05","modified_gmt":"2024-05-31T08:43:05","slug":"nastan-hela-laget-med-i-tatklungan-pa-tuff-inledning-i-saarland","status":"publish","type":"post","link":"https:\/\/scf.se\/landsvag\/nastan-hela-laget-med-i-tatklungan-pa-tuff-inledning-i-saarland\/","title":{"rendered":"N\u00e4stan hela laget med i t\u00e4tklungan p\u00e5 tuff  inledning i Trofeo Saarland"},"content":{"rendered":"<p><strong>LVM Saarland Trofeo i Tyskland \u00e4r ett mycket prestigefyllt Nations Cup-lopp f\u00f6r juniorer som \u00e4r inne p\u00e5 det 36:e \u00e5ret. Det s\u00e5g v\u00e4ldigt bra ut just innan det skulle till att avg\u00f6ras, men med v\u00e4rldens b\u00e4sta juniorer p\u00e5 plats kan det bli s\u00e5 att erfarenheterna blir viktigast vissa dagar.<\/strong><\/p>\n<p>Det var 110 kilometer med 1700 h\u00f6jdmeter mellan\u00a0Friedrichsthal och Furpach som stod p\u00e5 menyn. Ettappen vanns av italienaren Andrea Montager efter en m\u00e4ktig avslutning men d\u00e4r den drygt 70 cyklister stora huvudklungan bara var 15 sekunder efter.<\/p>\n<p>D\u00e4r fanns gl\u00e4djande nog fem av svenskarna i tur och ordning: Linus Larsson, Joel Mellby, Gustav Magnusson, Vilmer Ekman och Vilgot Reinhold. Inga placeringar att tala om men den svenska kvintetten \u00e4r med inf\u00f6r forts\u00e4ttningen.<\/p>\n<a href=\"https:\/\/scf.se\/landsvag\/wp-content\/uploads\/sites\/5\/2024\/05\/441780021_2262297034117538_4025575245232709555_n-1.jpg\"><img loading=\"lazy\" decoding=\"async\" class=\"alignnone size-full wp-image-5334\" src=\"https:\/\/scf.se\/landsvag\/wp-content\/uploads\/sites\/5\/2024\/05\/441780021_2262297034117538_4025575245232709555_n-1.jpg\" alt=\"\" width=\"804\" height=\"472\" srcset=\"https:\/\/scf.se\/landsvag\/wp-content\/uploads\/sites\/5\/2024\/05\/441780021_2262297034117538_4025575245232709555_n-1.jpg 804w, https:\/\/scf.se\/landsvag\/wp-content\/uploads\/sites\/5\/2024\/05\/441780021_2262297034117538_4025575245232709555_n-1-300x176.jpg 300w, https:\/\/scf.se\/landsvag\/wp-content\/uploads\/sites\/5\/2024\/05\/441780021_2262297034117538_4025575245232709555_n-1-768x451.jpg 768w\" sizes=\"auto, (max-width: 804px) 100vw, 804px\" \/><\/a>\n<blockquote><p>&#8221;De \u00e4r ocks\u00e5 med bra s\u00e5 l\u00e4nge in i loppet p\u00e5 f\u00f6rsta etappen; sitter i riktigt hyfsad position inf\u00f6r finalen. Sedan tappar de position i sluthetsen. Men s\u00e5 kan det vara ibland. Hela laget visar bra inst\u00e4llning, bra moral \u2013 och det \u00e4r nya tag i morgon&#8221;, s\u00e4ger f\u00f6rbundskaptenen Lucas Persson p\u00e5 torsdagskv\u00e4llen.<\/p><\/blockquote>\n<h3>Svenska placeringarna f\u00f6rsta dagen<\/h3>\n<ul>\n<li>48 <strong>Linus Larsson<\/strong> +0.15<\/li>\n<li>59<strong> Joel Mellby<\/strong> +0.15<\/li>\n<li>61 <strong>Gustav Magnusson<\/strong> +0.15<\/li>\n<li>70 <strong>Vilmer Ekman<\/strong> +0.15<\/li>\n<li>74<strong> Vilgot Reinhold<\/strong> +0.15<\/li>\n<li>106 <strong>Gustav Nystrand<\/strong> 21.19<\/li>\n<\/ul>\n<p>Det \u00e4r en r\u00e4tt l\u00e5ng men inte allt f\u00f6r kuperad fredagsetapp som ser ut att kunna utmynna i en samlad klunga mot slutet, kanske en etapp f\u00f6r starka spurtaren Linus Larsson (\u00f6vre bilden).<\/p>\n<ul>\n<li><a href=\"https:\/\/www.procyclingstats.com\/race\/trofeo-karlsberg\/2024\/stage-1-gc\"><em><strong>Alla resultat under fredagen och helgen hittar ni h\u00e4r!<\/strong><\/em><\/a><\/li>\n<li><em><strong>MISSA INTE att kolla \u00a0in korta filmklipp bakom kulisserna p\u00e5 <a href=\"https:\/\/www.instagram.com\/swecycling_lvg\/\">@swe-cycling_lvg<\/a> p\u00e5 Instagram b\u00e5de i dag och hela helgen!<\/strong><\/em><\/li>\n<\/ul>\n<p><em>Text och foto: SCF<\/em><\/p>\n<hr \/>\n<a href=\"https:\/\/scf.se\/forbundet\/hjalp-oss-sprida-ny-digital-broschyr-om-motionslicensens-fordelar\/\"><img loading=\"lazy\" decoding=\"async\" class=\"alignnone size-full wp-image-7197\" src=\"https:\/\/scf.se\/forbundet\/wp-content\/uploads\/sites\/9\/2024\/03\/Kop-licens-cykelmagasinet4.jpg\" alt=\"\" width=\"2000\" height=\"655\" \/><\/a>\n<p>&nbsp;<\/p>\n<p>&nbsp;<\/p>\n<p>&nbsp;<\/p>\n","protected":false},"excerpt":{"rendered":"<p>LVM Saarland Trofeo i Tyskland \u00e4r ett mycket prestigefyllt Nations Cup-lopp f\u00f6r juniorer som \u00e4r inne p\u00e5 det 36:e \u00e5ret. Det s\u00e5g v\u00e4ldigt bra ut just innan det skulle till att avg\u00f6ras, men med v\u00e4rldens b\u00e4sta juniorer p\u00e5 plats kan det bli s\u00e5 att erfarenheterna blir viktigast vissa dagar. Det var 110 kilometer med<a href=\"https:\/\/scf.se\/landsvag\/nastan-hela-laget-med-i-tatklungan-pa-tuff-inledning-i-saarland\/\" class=\"news-card__more\"> &#8230;<\/a><\/p>\n","protected":false},"author":41,"featured_media":5334,"comment_status":"open","ping_status":"open","sticky":false,"template":"","format":"standard","meta":{"_acf_changed":false,"footnotes":""},"categories":[1],"tags":[],"class_list":["post-5333","post","type-post","status-publish","format-standard","hentry","category-landsvag"],"acf":[],"_links":{"self":[{"href":"https:\/\/scf.se\/landsvag\/wp-json\/wp\/v2\/posts\/5333","targetHints":{"allow":["GET"]}}],"collection":[{"href":"https:\/\/scf.se\/landsvag\/wp-json\/wp\/v2\/posts"}],"about":[{"href":"https:\/\/scf.se\/landsvag\/wp-json\/wp\/v2\/types\/post"}],"author":[{"embeddable":true,"href":"https:\/\/scf.se\/landsvag\/wp-json\/wp\/v2\/users\/41"}],"replies":[{"embeddable":true,"href":"https:\/\/scf.se\/landsvag\/wp-json\/wp\/v2\/comments?post=5333"}],"version-history":[{"count":7,"href":"https:\/\/scf.se\/landsvag\/wp-json\/wp\/v2\/posts\/5333\/revisions"}],"predecessor-version":[{"id":5342,"href":"https:\/\/scf.se\/landsvag\/wp-json\/wp\/v2\/posts\/5333\/revisions\/5342"}],"wp:featuredmedia":[{"embeddable":true,"href":"https:\/\/scf.se\/landsvag\/wp-json\/wp\/v2\/media\/5334"}],"wp:attachment":[{"href":"https:\/\/scf.se\/landsvag\/wp-json\/wp\/v2\/media?parent=5333"}],"wp:term":[{"taxonomy":"category","embeddable":true,"href":"https:\/\/scf.se\/landsvag\/wp-json\/wp\/v2\/categories?post=5333"},{"taxonomy":"post_tag","embeddable":true,"href":"https:\/\/scf.se\/landsvag\/wp-json\/wp\/v2\/tags?post=5333"}],"curies":[{"name":"wp","href":"https:\/\/api.w.org\/{rel}","templated":true}]}}