
{"id":5293,"date":"2024-05-21T14:05:43","date_gmt":"2024-05-21T12:05:43","guid":{"rendered":"https:\/\/scf.se\/landsvag\/?p=5293"},"modified":"2024-05-21T14:29:56","modified_gmt":"2024-05-21T12:29:56","slug":"anmalan-till-tempo-sm-och-sm-i-linjelopp-i-linkoping-har-oppnat-nu","status":"publish","type":"post","link":"https:\/\/scf.se\/landsvag\/anmalan-till-tempo-sm-och-sm-i-linjelopp-i-linkoping-har-oppnat-nu\/","title":{"rendered":"Anm\u00e4lan till tempo-SM och SM i linjelopp i Link\u00f6ping har \u00f6ppnat nu"},"content":{"rendered":"<p><strong>CK Hymers planering inf\u00f6r cykel-SM i Link\u00f6ping 2024 g\u00e5r nu in i skarpt l\u00e4ge. Anm\u00e4lan \u00e4r \u00f6ppnad och sker via Sportstiming, se nedan! Arbetet med banor och kringomr\u00e5den p\u00e5g\u00e5r f\u00f6r fullt. I V\u00e4sterl\u00f6sa d\u00e4r tempoloppen k\u00f6rs s\u00e5 \u00e4r t\u00e4vlingscentrum f\u00f6rlagt till idrottsplatsens lokaler och f\u00f6r linjeloppen med start och m\u00e5l i Vallastaden \u00e4r omr\u00e5det kring idrottsarenan Campus Valla h\u00e4ndelsernas centrum.<\/strong><\/p>\n<p>Tempobanan i V\u00e4sterl\u00f6sa d\u00e4r man k\u00f6r m\u00e5ndag och tisdag, 17 och 18 juni, har f\u00e5tt n\u00e5gra f\u00f6r\u00e4ndringar sett till ursprungsplanen, p\u00e5 den l\u00e5nga banan s\u00e5 \u00e4r den f\u00f6rsta biten \u00f6sterut fram till v\u00e4ndpunkten innan Rappestad n\u00e5got f\u00f6r\u00e4ndrad.<\/p>\n<blockquote><p>&#8221;Vi gjorde en f\u00f6r\u00e4ndring d\u00e4r i samr\u00e5d med Trafikverket f\u00f6r att f\u00e5 till en s\u00e4krare bana, och det tycker jag vi har lyckats med&#8221;, s\u00e4ger t\u00e4vlingsledare Marcus Carlsson.<\/p><\/blockquote>\n<p>Delen v\u00e4sterut efter att ha passerat V\u00e4sterl\u00f6sa igen, mot Nederl\u00f6sa \u00e4r of\u00f6r\u00e4ndrad sett till den f\u00f6rsta planen. Start och m\u00e5l f\u00f6r tempoloppen \u00e4r i anslutning till V\u00e4sterl\u00f6sa GoiF:s idrottsplats och d\u00e4r kommer t\u00e4vlingscentrum finnas med omkl\u00e4dningsrum, t\u00e4vlingsledning, pressrum och servering.<\/p>\n<blockquote><p>&#8221;Det \u00e4r gl\u00e4djande att vi f\u00e5tt s\u00e5 mycket positiv respons fr\u00e5n bygden i och kring V\u00e4sterl\u00f6sa. F\u00f6reningar, f\u00f6retag, lantbrukare och de boende har varit mycket hj\u00e4lpsamma i v\u00e5r planering av t\u00e4vlingarna i V\u00e4sterl\u00f6sa&#8221;, s\u00e4ger Jan Brug\u00e5rd som \u00e4r projektledare f\u00f6r cykel-SM i Link\u00f6ping.<\/p><\/blockquote>\n<ul>\n<li><strong><a href=\"http:\/\/www.sportstiming.se\/event\/14203\"><em>Info och anm\u00e4lan SM tempo h\u00e4r!<\/em><\/a><\/strong><\/li>\n<\/ul>\n<p>Samma sak g\u00e4ller\u00a0Vallastaden d\u00e4r linjeloppen k\u00f6rs, d\u00e4r man ocks\u00e5 f\u00e5tt stor hj\u00e4lp\u00a0av alla kring banan som kommunen, bostadsr\u00e4ttsf\u00f6reningar, f\u00f6retag\u00a0med flera, Jan ber\u00e4ttar:<\/p>\n<blockquote><p>&#8221;Vi kommer att anv\u00e4nda flera av de gemensamma s\u00e5 kallade felleshusen som finns inom bostadsomr\u00e5det i Vallastaden som pressrum, samlingslokaler f\u00f6r funktion\u00e4rer med mera Och vi kommer ha ett utst\u00e4llningsomr\u00e5de i anslutning till start och m\u00e5l, detta vid idrottsplatsen Campus Valla.&#8221;<\/p><\/blockquote>\n<p>D\u00e4r kommer det ocks\u00e5 finnas servering, speaker, resultat och p\u00e5 idrottsplatsen finns omkl\u00e4dningsrum och toaletter. Linjeloppen k\u00f6rs med ungdomsklasser och mastersklasser onsdag och torsdag, 19 och 20 juni. Midsommarafton 21 juni \u00e4r t\u00e4vlingsledig, men p\u00e5 midsommardagen och s\u00f6ndagen 22 och 23 juni \u00e4r man ig\u00e5ng igen och d\u00e5 k\u00f6rs som vanligt junior- och seniorklasserna d\u00e4r de allra flesta av v\u00e5ra b\u00e4sta svenska cyklister v\u00e4ntas finnas p\u00e5 start, inklusive de utlandsbaserade.<\/p>\n<ul>\n<li><a href=\"http:\/\/www.sportstiming.se\/event\/14206\"><strong><em>Info och anm\u00e4lan SM linje h\u00e4r!<\/em><\/strong><\/a><\/li>\n<\/ul>\n<p>I och med att CK Hymer nu arrangerar SM s\u00e5 m\u00e4ktar man inte med att k\u00f6ra Wolfram GP i \u00e5r, men man hoppas\u00a0 att publiken som alltid brukar se loppet i centrala Link\u00f6ping ist\u00e4llet hittar ut till Vallastaden.<\/p>\n<blockquote><p>&#8221;Vi ska affischera och marknadsf\u00f6ra oss flitigt, inte bara d\u00e4r vi k\u00f6r t\u00e4vlingarna utan \u00e4ven inne i centrum s\u00e5 att vi f\u00f6rhoppningsvis f\u00e5r ut Link\u00f6pingspubliken fr\u00e5n Wolfram GP till Vallastaden och SM, s\u00e4ger Micke Fransson, media och marknadsansvarig f\u00f6r SM i Link\u00f6ping<\/p><\/blockquote>\n<p>Och landsv\u00e4gscyklister, gl\u00f6m heller inte bort det SVT-s\u00e4nda SM i kortbana i V\u00e4ster\u00e5s fredag 28 juni. Information om anm\u00e4lan dit kommer senare under tisdagen!<\/p>\n<p><em>Text: CK Hymer och SCF<\/em><br \/>\n<em>Foto: Foto: Micke Fransson\/ teambild.se<\/em><\/p>\n","protected":false},"excerpt":{"rendered":"<p>CK Hymers planering inf\u00f6r cykel-SM i Link\u00f6ping 2024 g\u00e5r nu in i skarpt l\u00e4ge. Anm\u00e4lan \u00e4r \u00f6ppnad och sker via Sportstiming, se nedan! Arbetet med banor och kringomr\u00e5den p\u00e5g\u00e5r f\u00f6r fullt. I V\u00e4sterl\u00f6sa d\u00e4r tempoloppen k\u00f6rs s\u00e5 \u00e4r t\u00e4vlingscentrum f\u00f6rlagt till idrottsplatsens lokaler och f\u00f6r linjeloppen med start och m\u00e5l i Vallastaden \u00e4r omr\u00e5det<a href=\"https:\/\/scf.se\/landsvag\/anmalan-till-tempo-sm-och-sm-i-linjelopp-i-linkoping-har-oppnat-nu\/\" class=\"news-card__more\"> &#8230;<\/a><\/p>\n","protected":false},"author":41,"featured_media":5294,"comment_status":"open","ping_status":"open","sticky":false,"template":"","format":"standard","meta":{"_acf_changed":false,"footnotes":""},"categories":[1],"tags":[],"class_list":["post-5293","post","type-post","status-publish","format-standard","hentry","category-landsvag"],"acf":[],"_links":{"self":[{"href":"https:\/\/scf.se\/landsvag\/wp-json\/wp\/v2\/posts\/5293","targetHints":{"allow":["GET"]}}],"collection":[{"href":"https:\/\/scf.se\/landsvag\/wp-json\/wp\/v2\/posts"}],"about":[{"href":"https:\/\/scf.se\/landsvag\/wp-json\/wp\/v2\/types\/post"}],"author":[{"embeddable":true,"href":"https:\/\/scf.se\/landsvag\/wp-json\/wp\/v2\/users\/41"}],"replies":[{"embeddable":true,"href":"https:\/\/scf.se\/landsvag\/wp-json\/wp\/v2\/comments?post=5293"}],"version-history":[{"count":3,"href":"https:\/\/scf.se\/landsvag\/wp-json\/wp\/v2\/posts\/5293\/revisions"}],"predecessor-version":[{"id":5297,"href":"https:\/\/scf.se\/landsvag\/wp-json\/wp\/v2\/posts\/5293\/revisions\/5297"}],"wp:featuredmedia":[{"embeddable":true,"href":"https:\/\/scf.se\/landsvag\/wp-json\/wp\/v2\/media\/5294"}],"wp:attachment":[{"href":"https:\/\/scf.se\/landsvag\/wp-json\/wp\/v2\/media?parent=5293"}],"wp:term":[{"taxonomy":"category","embeddable":true,"href":"https:\/\/scf.se\/landsvag\/wp-json\/wp\/v2\/categories?post=5293"},{"taxonomy":"post_tag","embeddable":true,"href":"https:\/\/scf.se\/landsvag\/wp-json\/wp\/v2\/tags?post=5293"}],"curies":[{"name":"wp","href":"https:\/\/api.w.org\/{rel}","templated":true}]}}