
{"id":5263,"date":"2024-05-20T18:16:17","date_gmt":"2024-05-20T16:16:17","guid":{"rendered":"https:\/\/scf.se\/landsvag\/?p=5263"},"modified":"2024-05-20T19:16:10","modified_gmt":"2024-05-20T17:16:10","slug":"mika-vann-efter-lang-soloutbrytning-och-bara-motala-topp-tre-i-herrar-a","status":"publish","type":"post","link":"https:\/\/scf.se\/landsvag\/mika-vann-efter-lang-soloutbrytning-och-bara-motala-topp-tre-i-herrar-a\/","title":{"rendered":"Mika vann efter l\u00e5ng soloutbrytning och bara Motala topp tre i herrar A"},"content":{"rendered":"<p><strong>Den tredje delt\u00e4vlingen av SWE Cup med den nya ABC-modellen har avgjorts i form av Giro Himledalen. Med lilla Sk\u00e4llinge By utanf\u00f6r Varberg som nav f\u00f6r looparna blev det spurtuppg\u00f6relser b\u00e5de i herrarnas A- och B-klass som f\u00f6rsta\u00e5rssenioren Paul Greijus och spurtstarke junioren Linus Larsson tog medan Mika S\u00f6derstr\u00f6m gick hem med en l\u00e5ng soloutbrytning i damer A.<\/strong><\/p>\n<p>Assisterande f\u00f6rbundskaptenen Alexander Wetterhall fanns med i en av f\u00f6ljebilarna och rapporterar enligt f\u00f6ljande:<\/p>\n<a href=\"https:\/\/scf.se\/landsvag\/wp-content\/uploads\/sites\/5\/2024\/05\/442420938_780775327530516_5260078774546811337_n.jpg\"><img loading=\"lazy\" decoding=\"async\" class=\"alignnone size-full wp-image-5281\" src=\"https:\/\/scf.se\/landsvag\/wp-content\/uploads\/sites\/5\/2024\/05\/442420938_780775327530516_5260078774546811337_n.jpg\" alt=\"\" width=\"2048\" height=\"947\" srcset=\"https:\/\/scf.se\/landsvag\/wp-content\/uploads\/sites\/5\/2024\/05\/442420938_780775327530516_5260078774546811337_n.jpg 2048w, https:\/\/scf.se\/landsvag\/wp-content\/uploads\/sites\/5\/2024\/05\/442420938_780775327530516_5260078774546811337_n-300x139.jpg 300w, https:\/\/scf.se\/landsvag\/wp-content\/uploads\/sites\/5\/2024\/05\/442420938_780775327530516_5260078774546811337_n-1024x474.jpg 1024w, https:\/\/scf.se\/landsvag\/wp-content\/uploads\/sites\/5\/2024\/05\/442420938_780775327530516_5260078774546811337_n-768x355.jpg 768w, https:\/\/scf.se\/landsvag\/wp-content\/uploads\/sites\/5\/2024\/05\/442420938_780775327530516_5260078774546811337_n-1536x710.jpg 1536w\" sizes=\"auto, (max-width: 2048px) 100vw, 2048px\" \/><\/a>\n<a href=\"https:\/\/scf.se\/landsvag\/wp-content\/uploads\/sites\/5\/2024\/05\/441885552_836652181717526_2450476103260109240_n.jpg\"><img loading=\"lazy\" decoding=\"async\" class=\"alignnone size-full wp-image-5287\" src=\"https:\/\/scf.se\/landsvag\/wp-content\/uploads\/sites\/5\/2024\/05\/441885552_836652181717526_2450476103260109240_n.jpg\" alt=\"\" width=\"2048\" height=\"899\" srcset=\"https:\/\/scf.se\/landsvag\/wp-content\/uploads\/sites\/5\/2024\/05\/441885552_836652181717526_2450476103260109240_n.jpg 2048w, https:\/\/scf.se\/landsvag\/wp-content\/uploads\/sites\/5\/2024\/05\/441885552_836652181717526_2450476103260109240_n-300x132.jpg 300w, https:\/\/scf.se\/landsvag\/wp-content\/uploads\/sites\/5\/2024\/05\/441885552_836652181717526_2450476103260109240_n-1024x450.jpg 1024w, https:\/\/scf.se\/landsvag\/wp-content\/uploads\/sites\/5\/2024\/05\/441885552_836652181717526_2450476103260109240_n-768x337.jpg 768w, https:\/\/scf.se\/landsvag\/wp-content\/uploads\/sites\/5\/2024\/05\/441885552_836652181717526_2450476103260109240_n-1536x674.jpg 1536w, https:\/\/scf.se\/landsvag\/wp-content\/uploads\/sites\/5\/2024\/05\/441885552_836652181717526_2450476103260109240_n-580x255.jpg 580w\" sizes=\"auto, (max-width: 2048px) 100vw, 2048px\" \/><\/a>\n<blockquote><p>&#8221;I Herrar A var starten av loppet relativt lugn, men intensiteten \u00f6kade. Det f\u00f6rekom enstaka attacker och utbrytningar, bland annat av Isak Magnusson fr\u00e5n IBT (danska Team IBT-Tripeak, v\u00e5r anm\u00e4rkning) men blev inf\u00e5ngad p\u00e5 det sista varvet s\u00e5 det blev samlad klunga mot slutet. Och i st\u00e4llet blev det Motala dominerade finalen och prickade in hela topp tre med Paul Greijus som vinnare! Hugo Forssell fr\u00e5n CK Hymer tog fj\u00e4rdeplatsen.&#8221;<\/p><\/blockquote>\n<a href=\"https:\/\/scf.se\/landsvag\/wp-content\/uploads\/sites\/5\/2024\/05\/442450394_1263027667991371_3891417571486806004_n.jpg\"><img loading=\"lazy\" decoding=\"async\" class=\"alignnone size-full wp-image-5284\" src=\"https:\/\/scf.se\/landsvag\/wp-content\/uploads\/sites\/5\/2024\/05\/442450394_1263027667991371_3891417571486806004_n.jpg\" alt=\"\" width=\"2048\" height=\"1517\" srcset=\"https:\/\/scf.se\/landsvag\/wp-content\/uploads\/sites\/5\/2024\/05\/442450394_1263027667991371_3891417571486806004_n.jpg 2048w, https:\/\/scf.se\/landsvag\/wp-content\/uploads\/sites\/5\/2024\/05\/442450394_1263027667991371_3891417571486806004_n-300x222.jpg 300w, https:\/\/scf.se\/landsvag\/wp-content\/uploads\/sites\/5\/2024\/05\/442450394_1263027667991371_3891417571486806004_n-1024x759.jpg 1024w, https:\/\/scf.se\/landsvag\/wp-content\/uploads\/sites\/5\/2024\/05\/442450394_1263027667991371_3891417571486806004_n-768x569.jpg 768w, https:\/\/scf.se\/landsvag\/wp-content\/uploads\/sites\/5\/2024\/05\/442450394_1263027667991371_3891417571486806004_n-1536x1138.jpg 1536w\" sizes=\"auto, (max-width: 2048px) 100vw, 2048px\" \/><\/a>\n<p>I damernas A-klass fanns Julia Borgstr\u00f6m, som till vardags k\u00f6r f\u00f6r proffsteamet AG Insurance &#8211; Soudal, med p\u00e5 start. Men segern skulle g\u00e5 till Mika S\u00f6derstr\u00f6m som nyligen landslagsdebuterade n\u00e4r det g\u00e4ller landsv\u00e4gscykling.<\/p>\n<a href=\"https:\/\/scf.se\/landsvag\/wp-content\/uploads\/sites\/5\/2024\/05\/442661124_458564126665478_4607315422777024002_n.jpg\"><img loading=\"lazy\" decoding=\"async\" class=\"alignnone size-full wp-image-5285\" src=\"https:\/\/scf.se\/landsvag\/wp-content\/uploads\/sites\/5\/2024\/05\/442661124_458564126665478_4607315422777024002_n.jpg\" alt=\"\" width=\"1657\" height=\"2048\" srcset=\"https:\/\/scf.se\/landsvag\/wp-content\/uploads\/sites\/5\/2024\/05\/442661124_458564126665478_4607315422777024002_n.jpg 1657w, https:\/\/scf.se\/landsvag\/wp-content\/uploads\/sites\/5\/2024\/05\/442661124_458564126665478_4607315422777024002_n-243x300.jpg 243w, https:\/\/scf.se\/landsvag\/wp-content\/uploads\/sites\/5\/2024\/05\/442661124_458564126665478_4607315422777024002_n-829x1024.jpg 829w, https:\/\/scf.se\/landsvag\/wp-content\/uploads\/sites\/5\/2024\/05\/442661124_458564126665478_4607315422777024002_n-768x949.jpg 768w, https:\/\/scf.se\/landsvag\/wp-content\/uploads\/sites\/5\/2024\/05\/442661124_458564126665478_4607315422777024002_n-1243x1536.jpg 1243w\" sizes=\"auto, (max-width: 1657px) 100vw, 1657px\" \/><\/a>\n<blockquote><p>&#8221;Mika gjorde sitt avg\u00f6rande ryck vid utg\u00e5ngen av det andra varvet 60-kilometersvarvet. Hon ryckte solo och lyckades h\u00e5lla ledningen \u00e4nda till m\u00e5l, vilket gav henne en klar seger med \u00f6ver sex minuters marginal. Julia Borgstr\u00f6m vann duellen om andraplatsen mellan henne och med Maja Johansson, som blev trea&#8221;, rapporterar Wetterhall.<\/p><\/blockquote>\n<p>Bra t\u00e4vlingar \u00e4ven i B-klassen efter tyv\u00e4rr en krasch med ambulansh\u00e4mtning f\u00f6r en cyklist. Wetterhall ber\u00e4ttar om slutfasen av loppet d\u00e4r de flesta av landets b\u00e4sta juniorer var inblandade i slutdramatiken:<\/p>\n<blockquote><p>&#8221;Vi hade l\u00e4nge Emil Rydholm fr\u00e5n J\u00f6nk\u00f6pings CK loss solo, men s\u00e5 blev det \u00e4nd\u00e5 en klungspurt med en mindre grupp om segern. D\u00e4r var det Linus Larsson som var b\u00e4st f\u00f6r dagen och vann f\u00f6re Gustav Magnusson och CK Hymers Gustav Nystrand.&#8221;<\/p><\/blockquote>\n<h3><a href=\"https:\/\/scf.se\/landsvag\/wp-content\/uploads\/sites\/5\/2024\/05\/442713397_1139068283804116_7442268829349083359_n.jpg\"><img loading=\"lazy\" decoding=\"async\" class=\"alignnone size-full wp-image-5280\" src=\"https:\/\/scf.se\/landsvag\/wp-content\/uploads\/sites\/5\/2024\/05\/442713397_1139068283804116_7442268829349083359_n.jpg\" alt=\"\" width=\"2048\" height=\"2008\" srcset=\"https:\/\/scf.se\/landsvag\/wp-content\/uploads\/sites\/5\/2024\/05\/442713397_1139068283804116_7442268829349083359_n.jpg 2048w, https:\/\/scf.se\/landsvag\/wp-content\/uploads\/sites\/5\/2024\/05\/442713397_1139068283804116_7442268829349083359_n-300x294.jpg 300w, https:\/\/scf.se\/landsvag\/wp-content\/uploads\/sites\/5\/2024\/05\/442713397_1139068283804116_7442268829349083359_n-1024x1004.jpg 1024w, https:\/\/scf.se\/landsvag\/wp-content\/uploads\/sites\/5\/2024\/05\/442713397_1139068283804116_7442268829349083359_n-768x753.jpg 768w, https:\/\/scf.se\/landsvag\/wp-content\/uploads\/sites\/5\/2024\/05\/442713397_1139068283804116_7442268829349083359_n-1536x1506.jpg 1536w\" sizes=\"auto, (max-width: 2048px) 100vw, 2048px\" \/><\/a><\/h3>\n<h3>Herrar A<\/h3>\n<ul>\n<li>1 <strong>Paul Greijus<\/strong>, Motala AIF Serneke Allebike 4.19.22<\/li>\n<li>2 <strong>Lukas Vernersson<\/strong>, Motala AIF Serneke Allebike +0<\/li>\n<li>3<strong> Fredrik Johansson<\/strong>, Motala AIF Serneke Allebike +0<\/li>\n<\/ul>\n<h3><a href=\"https:\/\/scf.se\/landsvag\/wp-content\/uploads\/sites\/5\/2024\/05\/442446883_424674143755893_3129804301562706666_n.jpg\"><img loading=\"lazy\" decoding=\"async\" class=\"alignnone size-full wp-image-5278\" src=\"https:\/\/scf.se\/landsvag\/wp-content\/uploads\/sites\/5\/2024\/05\/442446883_424674143755893_3129804301562706666_n.jpg\" alt=\"\" width=\"2044\" height=\"2048\" srcset=\"https:\/\/scf.se\/landsvag\/wp-content\/uploads\/sites\/5\/2024\/05\/442446883_424674143755893_3129804301562706666_n.jpg 2044w, https:\/\/scf.se\/landsvag\/wp-content\/uploads\/sites\/5\/2024\/05\/442446883_424674143755893_3129804301562706666_n-300x300.jpg 300w, https:\/\/scf.se\/landsvag\/wp-content\/uploads\/sites\/5\/2024\/05\/442446883_424674143755893_3129804301562706666_n-1022x1024.jpg 1022w, https:\/\/scf.se\/landsvag\/wp-content\/uploads\/sites\/5\/2024\/05\/442446883_424674143755893_3129804301562706666_n-150x150.jpg 150w, https:\/\/scf.se\/landsvag\/wp-content\/uploads\/sites\/5\/2024\/05\/442446883_424674143755893_3129804301562706666_n-768x770.jpg 768w, https:\/\/scf.se\/landsvag\/wp-content\/uploads\/sites\/5\/2024\/05\/442446883_424674143755893_3129804301562706666_n-1533x1536.jpg 1533w\" sizes=\"auto, (max-width: 2044px) 100vw, 2044px\" \/><\/a><\/h3>\n<h3>Damer A<\/h3>\n<ul>\n<li>1 <strong>Mika S\u00f6derstr\u00f6m<\/strong>, Stockholm CK 3.29.11<\/li>\n<li>2 <strong>Julia Borgstr\u00f6m<\/strong>, AG Insurance &#8211; Soudal +6.45<\/li>\n<li>3 <strong>Maja Johansson<\/strong>, Stockholm CK +6.45<\/li>\n<\/ul>\n<h3><a href=\"https:\/\/scf.se\/landsvag\/wp-content\/uploads\/sites\/5\/2024\/05\/442676327_961028185552071_6724778039706922680_n.jpg\"><img loading=\"lazy\" decoding=\"async\" class=\"alignnone size-full wp-image-5283\" src=\"https:\/\/scf.se\/landsvag\/wp-content\/uploads\/sites\/5\/2024\/05\/442676327_961028185552071_6724778039706922680_n.jpg\" alt=\"\" width=\"1452\" height=\"1316\" srcset=\"https:\/\/scf.se\/landsvag\/wp-content\/uploads\/sites\/5\/2024\/05\/442676327_961028185552071_6724778039706922680_n.jpg 1452w, https:\/\/scf.se\/landsvag\/wp-content\/uploads\/sites\/5\/2024\/05\/442676327_961028185552071_6724778039706922680_n-300x272.jpg 300w, https:\/\/scf.se\/landsvag\/wp-content\/uploads\/sites\/5\/2024\/05\/442676327_961028185552071_6724778039706922680_n-1024x928.jpg 1024w, https:\/\/scf.se\/landsvag\/wp-content\/uploads\/sites\/5\/2024\/05\/442676327_961028185552071_6724778039706922680_n-768x696.jpg 768w\" sizes=\"auto, (max-width: 1452px) 100vw, 1452px\" \/><\/a><\/h3>\n<h3>Herrar B<\/h3>\n<ul>\n<li>1 <strong>Linus Larsson<\/strong>, Staffanstorp CK 2.55.48<\/li>\n<li>2 <strong>Gustav Magnusson<\/strong>, J\u00f6nk\u00f6pings CK +0<\/li>\n<li>3 <strong>Gustav Nystrand<\/strong>, CK Hymer +0.01<\/li>\n<\/ul>\n<p>I damernas B-klass segrade Julia Lindstr\u00f6m fr\u00e5n \u00c5storp medan Albin Karlsson, Ringmurens CK, vann i herrar C.<\/p>\n<h3>Damer B<\/h3>\n<ul>\n<li>1 <strong>Julia Lindstr\u00f6m<\/strong>, \u00c5storps CK<\/li>\n<li>2<strong> Linda Tufvesson<\/strong>, Borl\u00e4nge CK<\/li>\n<\/ul>\n<h3>Herrar C<\/h3>\n<ul>\n<li>1 <strong>Albin Karlsson<\/strong>, Ringmurens CK<\/li>\n<li>2 <strong>Oskar \u00c5str\u00f6m<\/strong>, Borl\u00e4nge CK<\/li>\n<li>3 <strong>Gustav Grip,<\/strong> S\u00f6dert\u00e4lje CK<\/li>\n<\/ul>\n<p><a href=\"https:\/\/www.sportstiming.se\/event\/14184\/results?round=78987&amp;page=1\"><em><strong>Alla resultat fr\u00e5n Giro Himledalen.<\/strong><\/em><\/a><\/p>\n<p><a href=\"https:\/\/www.sportstiming.se\/event\/14184\/points\"><em><strong>J\u00e4mnt i SWE Cup, s\u00e5 \u00e4r st\u00e4llningen efter tre delt\u00e4vlingar.<\/strong><\/em><\/a><\/p>\n<h3>* * *<\/h3>\n<div id=\"attachment_5290\" class=\"wp-caption alignnone\" ><a href=\"https:\/\/scf.se\/landsvag\/wp-content\/uploads\/sites\/5\/2024\/05\/442460660_363982839538685_8209558089265358154_n.jpg\"><img loading=\"lazy\" decoding=\"async\" class=\"size-full wp-image-5290\" src=\"https:\/\/scf.se\/landsvag\/wp-content\/uploads\/sites\/5\/2024\/05\/442460660_363982839538685_8209558089265358154_n.jpg\" alt=\"\" width=\"1458\" height=\"1370\" srcset=\"https:\/\/scf.se\/landsvag\/wp-content\/uploads\/sites\/5\/2024\/05\/442460660_363982839538685_8209558089265358154_n.jpg 1458w, https:\/\/scf.se\/landsvag\/wp-content\/uploads\/sites\/5\/2024\/05\/442460660_363982839538685_8209558089265358154_n-300x282.jpg 300w, https:\/\/scf.se\/landsvag\/wp-content\/uploads\/sites\/5\/2024\/05\/442460660_363982839538685_8209558089265358154_n-1024x962.jpg 1024w, https:\/\/scf.se\/landsvag\/wp-content\/uploads\/sites\/5\/2024\/05\/442460660_363982839538685_8209558089265358154_n-768x722.jpg 768w\" sizes=\"auto, (max-width: 1458px) 100vw, 1458px\" \/><\/a><p class=\"wp-caption-text\"><em>Hjalmar Klyver tillbaka \u00f6verst p\u00e5 pallen.\u00a0 Foto: Team IBT &#8211; Tripeak\u00a0<\/em><\/p><\/div>\n<h2>Hjalmar Klyver var tillbaka som segrare i Bureloppet<\/h2>\n<p>Arrang\u00f6rerna till Giro Himladalen tog till i \u00e5r \u00f6ver Bureloppet, som avgjordes p\u00e5 l\u00f6rdagen. Riktigt kul att se vilken fin form Hjalmar Klyver var i d\u00e4r. Trosacyklisten som k\u00f6r f\u00f6r danska Team IBT &#8211; Tripeak var ju med om en ot\u00e4ck vurpa p\u00e5 Linje-SM i Tierp efter att dagarna innan varit trea p\u00e5 tempo-SM.<\/p>\n<p>Det var ambulanshelikopter till Uppsala och en r\u00e4tt tuff v\u00e4g tillbaka. Nu vann han spurten \u00f6ver n\u00e4rmast CK Hymer-cyklisten Marcus Wehlin fr\u00e5n och Niklas Jagerst\u00e5l fr\u00e5n Motala AIF Serneke Allebike.<\/p>\n<p><em>Text: SCF<br \/>\n<\/em><em>Foto: SCF d\u00e4r ej annat anges<\/em><\/p>\n<hr \/>\n<p><em><strong>Svenska Cykelf\u00f6rbundet \u00e4r stolta \u00f6ver att presentera v\u00e5ra samarbetspartners. Tack vare dessa fantastiska f\u00f6retag kan v\u00e5ra cyklister oftare ta sig l\u00e4ngre ut i v\u00e4rlden.<\/strong><\/em><\/p>\n<h2><a href=\"https:\/\/scf.se\/forbundet\/sponsorer\/\"><img loading=\"lazy\" decoding=\"async\" class=\"alignnone size-full wp-image-3872\" src=\"https:\/\/scf.se\/landsvag\/wp-content\/uploads\/sites\/5\/2023\/02\/LiggandeBannerNyheterHemsida2023.png\" alt=\"\" width=\"1200\" height=\"200\" srcset=\"https:\/\/scf.se\/landsvag\/wp-content\/uploads\/sites\/5\/2023\/02\/LiggandeBannerNyheterHemsida2023.png 1200w, https:\/\/scf.se\/landsvag\/wp-content\/uploads\/sites\/5\/2023\/02\/LiggandeBannerNyheterHemsida2023-300x50.png 300w, https:\/\/scf.se\/landsvag\/wp-content\/uploads\/sites\/5\/2023\/02\/LiggandeBannerNyheterHemsida2023-1024x171.png 1024w, https:\/\/scf.se\/landsvag\/wp-content\/uploads\/sites\/5\/2023\/02\/LiggandeBannerNyheterHemsida2023-768x128.png 768w\" sizes=\"auto, (max-width: 1200px) 100vw, 1200px\" \/><\/a><\/h2>\n<p>&nbsp;<\/p>\n","protected":false},"excerpt":{"rendered":"<p>Den tredje delt\u00e4vlingen av SWE Cup med den nya ABC-modellen har avgjorts i form av Giro Himledalen. Med lilla Sk\u00e4llinge By utanf\u00f6r Varberg som nav f\u00f6r looparna blev det spurtuppg\u00f6relser b\u00e5de i herrarnas A- och B-klass som f\u00f6rsta\u00e5rssenioren Paul Greijus och spurtstarke junioren Linus Larsson tog medan Mika S\u00f6derstr\u00f6m gick hem med en l\u00e5ng<a href=\"https:\/\/scf.se\/landsvag\/mika-vann-efter-lang-soloutbrytning-och-bara-motala-topp-tre-i-herrar-a\/\" class=\"news-card__more\"> &#8230;<\/a><\/p>\n","protected":false},"author":41,"featured_media":5286,"comment_status":"open","ping_status":"open","sticky":false,"template":"","format":"standard","meta":{"_acf_changed":false,"footnotes":""},"categories":[1],"tags":[],"class_list":["post-5263","post","type-post","status-publish","format-standard","hentry","category-landsvag"],"acf":[],"_links":{"self":[{"href":"https:\/\/scf.se\/landsvag\/wp-json\/wp\/v2\/posts\/5263","targetHints":{"allow":["GET"]}}],"collection":[{"href":"https:\/\/scf.se\/landsvag\/wp-json\/wp\/v2\/posts"}],"about":[{"href":"https:\/\/scf.se\/landsvag\/wp-json\/wp\/v2\/types\/post"}],"author":[{"embeddable":true,"href":"https:\/\/scf.se\/landsvag\/wp-json\/wp\/v2\/users\/41"}],"replies":[{"embeddable":true,"href":"https:\/\/scf.se\/landsvag\/wp-json\/wp\/v2\/comments?post=5263"}],"version-history":[{"count":10,"href":"https:\/\/scf.se\/landsvag\/wp-json\/wp\/v2\/posts\/5263\/revisions"}],"predecessor-version":[{"id":5292,"href":"https:\/\/scf.se\/landsvag\/wp-json\/wp\/v2\/posts\/5263\/revisions\/5292"}],"wp:featuredmedia":[{"embeddable":true,"href":"https:\/\/scf.se\/landsvag\/wp-json\/wp\/v2\/media\/5286"}],"wp:attachment":[{"href":"https:\/\/scf.se\/landsvag\/wp-json\/wp\/v2\/media?parent=5263"}],"wp:term":[{"taxonomy":"category","embeddable":true,"href":"https:\/\/scf.se\/landsvag\/wp-json\/wp\/v2\/categories?post=5263"},{"taxonomy":"post_tag","embeddable":true,"href":"https:\/\/scf.se\/landsvag\/wp-json\/wp\/v2\/tags?post=5263"}],"curies":[{"name":"wp","href":"https:\/\/api.w.org\/{rel}","templated":true}]}}