
{"id":5231,"date":"2024-05-19T17:55:39","date_gmt":"2024-05-19T15:55:39","guid":{"rendered":"https:\/\/scf.se\/landsvag\/?p=5231"},"modified":"2024-05-20T19:06:48","modified_gmt":"2024-05-20T17:06:48","slug":"edvin-lovidius-gjorde-riktigt-bra-forsok-pa-bada-helgens-etapper","status":"publish","type":"post","link":"https:\/\/scf.se\/landsvag\/edvin-lovidius-gjorde-riktigt-bra-forsok-pa-bada-helgens-etapper\/","title":{"rendered":"Edvin Lovidius gjorde riktigt bra f\u00f6rs\u00f6k p\u00e5 b\u00e5da helgens etapper"},"content":{"rendered":"<p><strong>Edvin Lovidius var s\u00e5 bra med hela v\u00e4gen p\u00e5 den fj\u00e4rde etappen Orlen Nations Grand Prix av och st\u00f6rre delen av femte, men stolpe ut b\u00e5da g\u00e5ngerna p\u00e5 slutet. St\u00f6rre delen av utbrytargruppen blev inh\u00e4mtade med 500 meter kvar i l\u00f6rdags. \u00c4nd\u00e5 14:e p\u00e5 etappen d\u00e4r. P\u00e5 s\u00f6ndagen punkterade Lovidius just n\u00e4r svenska servicebilen kallats ner fr\u00e5n en ny superintressant utbrytning. B\u00e4ste svensk i totalen var <\/strong><strong>Eric Pedersen efter en stabil insats.<\/strong><\/p>\n<p>Det var 175 kilometer som skulle avverkas mellan Bukovina Resort och Jas\u0142o n\u00e4r det polska etapploppet faktiskt hade kommit in i Polen p\u00e5 fj\u00e4rde etappen.<\/p>\n<p>Det svenska laget var p\u00e5 hugget fr\u00e5n start med m\u00e5let att ha en cyklist med i en tidig utbrytning. S\u00e5 blev det ocks\u00e5 i form av Edvin Lovidius som har gjort det v\u00e4ldigt bra de senaste veckorna sp nu fanns den d\u00e4r topp tre-chansen.<\/p>\n<blockquote><p>&#8221;Gruppen kom i v\u00e4g bra och med en och en halv mil kvar hade de fortfarande minuten till klungan. Med en ganska brant backe med halvmilen kvar trodde jag \u00e4nd\u00e5 att de skulle bli inh\u00e4mtade d\u00e4r. Men de h\u00f6ll bra och hade fortfarande 30 sekunder. Men n\u00e4r en dansk sticker fr\u00e5n gruppen med tre kilometer kvar och en italienare lyckas brygga det rycket s\u00e5 stannar det av lite. Edvin och resten av den kvarvarande gruppen blir tyv\u00e4rr inh\u00e4mtade\u00a0 med 500 meter kvar medan de andra tv\u00e5 g\u00e5r hem&#8221;, rapporterar Lucas Persson.<\/p><\/blockquote>\n<p>Dansken Peter \u00d8xenberg Hansen vann etappen f\u00f6re italienaren Filippo d&#8217;Aiuto och de var som sagt de enda tv\u00e5 som hade nytta av allt jobb i utbrytningen.<\/p>\n<p>Men den svenska k\u00f6rningen var helt enligt plan. Ibland r\u00e4cker det \u00e4nda hem och ibland inte, s\u00e5 Lucas var \u00e4nd\u00e5 n\u00f6jd med laget och Edvins k\u00f6rning p\u00e5 fj\u00e4rde etappen.<\/p>\n<p>Detta var den etapp som just Lovidius hade st\u00f6rst chans att g\u00f6ra n\u00e5got p\u00e5. Orlen Nations Grand Prix avslutas p\u00e5 s\u00f6ndagen med hela 2700 h\u00f6jdmeter att ta p\u00e5 15 mil.<\/p>\n<p>MEN Lovidius lyckades pricka helt r\u00e4tt igen n\u00e4r det g\u00e4ller att komma med i r\u00e4tt utbrytning p\u00e5 s\u00f6ndagens avslutande etapp. Det var elva cyklister som kom loss efter att tre hade bryggat Lovidius bryt. Lucas Persson ber\u00e4ttar:<\/p>\n<blockquote><p>&#8221;Klungan tog utbrytningen p\u00e5 stort allvar och hade mestadels kontroll. Men de kom allt n\u00e4rmare m\u00e5let och hade hela tiden runt minuten, precis den gr\u00e4ns n\u00e4r man kallar ner oss i servicebilarna bakom huvudklungan i st\u00e4llet. N\u00e4r de hade 40 sekunder var kom order att backa ner och just d\u00e4refter punkterade Edvin. Ingen hj\u00e4lp fr\u00e5n den neutrala servicebilen och det var d\u00e5 k\u00f6rt \u00e4ven om han fick ta pace upp till klungan s\u00e5 var det k\u00f6rt med en s\u00e5 h\u00e5rd avslutning. Ibland \u00e4r det tufft med cykelt\u00e4vlingar&#8230;&#8221;<\/p><\/blockquote>\n<p>B\u00e4st b\u00e5de i denna avslutning och i etapploppet klarade sig en stabilt cyklande Eric Pedersen. Vann gjorde Mathys Rondel efter att det franska laget kontrollerat hans ledning efter andra etappen p\u00e5 ett imponerande s\u00e4tt.<\/p>\n<a href=\"https:\/\/scf.se\/landsvag\/wp-content\/uploads\/sites\/5\/2024\/05\/Laget1111.jpg\"><img loading=\"lazy\" decoding=\"async\" class=\"alignnone size-full wp-image-5270\" src=\"https:\/\/scf.se\/landsvag\/wp-content\/uploads\/sites\/5\/2024\/05\/Laget1111.jpg\" alt=\"\" width=\"1512\" height=\"1357\" srcset=\"https:\/\/scf.se\/landsvag\/wp-content\/uploads\/sites\/5\/2024\/05\/Laget1111.jpg 1512w, https:\/\/scf.se\/landsvag\/wp-content\/uploads\/sites\/5\/2024\/05\/Laget1111-300x269.jpg 300w, https:\/\/scf.se\/landsvag\/wp-content\/uploads\/sites\/5\/2024\/05\/Laget1111-1024x919.jpg 1024w, https:\/\/scf.se\/landsvag\/wp-content\/uploads\/sites\/5\/2024\/05\/Laget1111-768x689.jpg 768w\" sizes=\"auto, (max-width: 1512px) 100vw, 1512px\" \/><\/a>\n<h3><em><strong>Slutresultat f\u00f6r U23-landslaget i Orlen Nations Grand Prix<\/strong><\/em><\/h3>\n<ul>\n<li>1\u00a0<strong>Mathys Rondel<\/strong>, Frankrike<\/li>\n<li>30 <strong>Eric Pedersen<\/strong>, Sverige +5.07<\/li>\n<li>72<strong>\u00a0Edvin Lovidius<\/strong>, Sverige +19.26<\/li>\n<li>77 <strong>Hugo Lennartsson<\/strong>, Sverige +21.10<\/li>\n<li>89\u00a0 <strong>Jonathan Ahlsson<\/strong>, Sverige +25.49<\/li>\n<li>90<strong>\u00a0Carl Kagevi<\/strong>, Sverige +25.56<\/li>\n<li>110 <strong>Ville Merl\u00f6v<\/strong>, Sverige +42.34<\/li>\n<\/ul>\n<p><a href=\"https:\/\/www.procyclingstats.com\/race\/orlen-nations-grand-prix\/2024\/stage-5\"><strong><em>Alla resultat i Orlen Nations Grand Prix.<\/em><\/strong><\/a><\/p>\n<p><strong>F\u00f6lj med bakom kulisserna i etapploppen, missa inte att kolla in @swecycling_lvg p\u00e5 Instagram!<\/strong><\/p>\n<h3>***<\/h3>\n<a href=\"https:\/\/scf.se\/landsvag\/wp-content\/uploads\/sites\/5\/2024\/05\/U23rrr.jpg\"><img loading=\"lazy\" decoding=\"async\" class=\"alignnone size-full wp-image-5250\" src=\"https:\/\/scf.se\/landsvag\/wp-content\/uploads\/sites\/5\/2024\/05\/U23rrr.jpg\" alt=\"\" width=\"1065\" height=\"725\" srcset=\"https:\/\/scf.se\/landsvag\/wp-content\/uploads\/sites\/5\/2024\/05\/U23rrr.jpg 1065w, https:\/\/scf.se\/landsvag\/wp-content\/uploads\/sites\/5\/2024\/05\/U23rrr-300x204.jpg 300w, https:\/\/scf.se\/landsvag\/wp-content\/uploads\/sites\/5\/2024\/05\/U23rrr-1024x697.jpg 1024w, https:\/\/scf.se\/landsvag\/wp-content\/uploads\/sites\/5\/2024\/05\/U23rrr-768x523.jpg 768w\" sizes=\"auto, (max-width: 1065px) 100vw, 1065px\" \/><\/a>\n<h2>Eric Pedersen fortsatt bra med n\u00e4r polskt etapplopp g\u00e4stade Slovakien<\/h2>\n<p><strong>Tredje etappen av Orlen Nations Grand Prix f\u00f6r landslag var \u00e4ven den en kuperad historia. N\u00e4r v\u00e4l beslutet kom k\u00f6ra etappen i Slovakien (se nedan) kom s\u00e5 fortsatte Eric Pedersen att k\u00f6ra stabilt och han \u00e4r b\u00e4sta svensk i det polska etapploppet som i helgen avslutas just i Polen.<\/strong><\/p>\n<blockquote><p>&#8221;Det var en tuff etapp, inte minst den sista backen. Jonte (Jonathan Ahlsson) tappade kontakt med klungan eftre att hamnat fel vid en av alla vurpor utf\u00f6r. Men det var en helt okej laginsats och vi siktar p\u00e5 att g\u00f6ra n\u00e5got bra p\u00e5 n\u00e5gon av de \u00e5terst\u00e5ende etapperna n\u00e4r det inte riktigt \u00e4r lika tuffa backar&#8221;, s\u00e4ger f\u00f6rbundskaptenen Lucas Persson.<\/p><\/blockquote>\n<p>De b\u00e4gge b\u00e4st placerade svenskarna, med rimligt avst\u00e5nd vid exempelvis en tidig utbrytning som g\u00e5r hem \u00e4r Eric Pedersen och den s\u00e5 formstarke Edvin Lovidius.<\/p>\n<p>Pedersen hoppade upp fem platser i totalen till att vara 33:a med brukbara 2.19 fram till t\u00e4ten medan Lovidius avancerade elva pinnh\u00e5l till plats 49.<\/p>\n<ul>\n<li><a href=\"https:\/\/www.procyclingstats.com\/race\/orlen-nations-grand-prix\/2024\/stage-3-gc\"><strong><em>Alla resultat i Orlen Nations Grand Prix efter tredje etappen.<\/em><\/strong><\/a><\/li>\n<li><strong><em>Kolla ocks\u00e5 in landslaget bakom kulisserna: @swecycling_lvg p\u00e5 Instagram!<\/em><\/strong><\/li>\n<\/ul>\n<p><em>Text och foto: SCF<\/em><\/p>\n<hr \/>\n<p><em><strong>Svenska Cykelf\u00f6rbundet \u00e4r stolta \u00f6ver att presentera v\u00e5ra samarbetspartners. Tack vare dessa fantastiska f\u00f6retag kan v\u00e5ra cyklister oftare ta sig l\u00e4ngre ut i v\u00e4rlden.<\/strong><\/em><\/p>\n<h2><a href=\"https:\/\/scf.se\/forbundet\/sponsorer\/\"><img loading=\"lazy\" decoding=\"async\" class=\"alignnone size-full wp-image-3872\" src=\"https:\/\/scf.se\/landsvag\/wp-content\/uploads\/sites\/5\/2023\/02\/LiggandeBannerNyheterHemsida2023.png\" alt=\"\" width=\"1200\" height=\"200\" srcset=\"https:\/\/scf.se\/landsvag\/wp-content\/uploads\/sites\/5\/2023\/02\/LiggandeBannerNyheterHemsida2023.png 1200w, https:\/\/scf.se\/landsvag\/wp-content\/uploads\/sites\/5\/2023\/02\/LiggandeBannerNyheterHemsida2023-300x50.png 300w, https:\/\/scf.se\/landsvag\/wp-content\/uploads\/sites\/5\/2023\/02\/LiggandeBannerNyheterHemsida2023-1024x171.png 1024w, https:\/\/scf.se\/landsvag\/wp-content\/uploads\/sites\/5\/2023\/02\/LiggandeBannerNyheterHemsida2023-768x128.png 768w\" sizes=\"auto, (max-width: 1200px) 100vw, 1200px\" \/><\/a><\/h2>\n<h3>***<\/h3>\n<h2>Chefskommissarien var n\u00e4ra att st\u00e4lla in tredje etappen i Slovakien<\/h2>\n<p><strong>Det som stack ut mest p\u00e5 andra etappen av\u00a0 etappen av polska etapploppet Orlen Nations Grand Prix, som \u00e4ven den k\u00f6rdes i Tjeckien, var efterspelet d\u00e5 det skulle avg\u00f6ras om tredje etappen skulle bli av. I skrivande stund ser det ut som att etappen, som ska k\u00f6ras i Slovakien, startar som t\u00e4nkt strax efter lunchtid p\u00e5 fredagen.\u00a0<\/strong><\/p>\n<p>Anledningen till att den ansvarige kommissarien f\u00f6r tredje etappen har haft tankar att st\u00e4lla in \u00e4r f\u00f6rst\u00e5s mordf\u00f6rs\u00f6ket p\u00e5 Slovakiens premi\u00e4rminister Robert Fico, som sk\u00f6ts med flera skott p\u00e5 onsdagen men i skrivande stund ser ut att \u00f6verleva attacken.<\/p>\n<blockquote><p>&#8221;Beskedet till lagen \u00e4r att om premi\u00e4rministern \u00f6verlever s\u00e5 k\u00f6rs etappen som t\u00e4nkt, annars g\u00e5r det naturligtvis inte att arrangera ett cykellopp i Slovakien&#8221;, rapporterar f\u00f6rbundskaptenen Lucas Persson p\u00e5 torsdagskv\u00e4llen.<\/p><\/blockquote>\n<p>Det var 2000 h\u00f6jdeter som skulle tas p\u00e5 110 kilometer mellan P\u0159erov och Koh\u00fatka s\u00e5 en del branta backar med andra ord. Jonathan Ahlsson har fyra po\u00e4ng i kampen om bergatr\u00f6jan och \u00e4r sjua i den t\u00e4vlingen.<\/p>\n<p>B\u00e4st p\u00e5 etappen var Eric Pedersen, som k\u00f6r stabilt. Han var 42:a och var 1.37 efter Mathys Rondel som tog \u00f6ver ledartr\u00f6jan efter en etapp som det franska laget dominerade. Edvin Lovidius, som har visat str\u00e5lande form i slutet av april och b\u00f6rjan av maj, blev av med fem UCI-po\u00e4ng efter att ha kastat sin drickaflaska p\u00e5 fel st\u00e4lle.<\/p>\n<blockquote><p>&#8221;Edvin \u00e4r fortfarande i bra form s\u00e5 \u00e4ven om banstr\u00e4ckningarna h\u00e4r inte passar honom tar b\u00e5de han och laget sikte p\u00e5 en topp tre p\u00e5 en enskild etapp&#8221;, s\u00e4ger Lucas Persson.<\/p><\/blockquote>\n<ul>\n<li><a href=\"https:\/\/www.procyclingstats.com\/race\/orlen-nations-grand-prix\/2024\/stage-2-gc\"><em><strong>H\u00e4r kan ni f\u00f6lja resultatutvecklingen fredag till s\u00f6ndag.<\/strong><\/em><\/a><\/li>\n<li><em><strong>Missa heller inte @swecycling_lvg p\u00e5 Instagram!<\/strong><\/em><\/li>\n<\/ul>\n<h3><em><strong>Svenskarna efter andra etappen av Orlen Nations Grand Prix<\/strong><\/em><\/h3>\n<ul>\n<li>38 <strong>Eric Pedersen<\/strong>, Sverige +2.10<\/li>\n<li>60 <strong>Edvin Lovidius<\/strong>, Sverige +4.11<\/li>\n<li>76 <strong>Hugo Lennartsson<\/strong>, Sverige +7.20<\/li>\n<li>92 <strong>Jonathan Ahlsson<\/strong>, Sverige +1.22<\/li>\n<li>99 <strong>Carl Kagevi<\/strong>, Sverige +10:31<\/li>\n<li>129 <strong>Ville Merl\u00f6v<\/strong>, Sverige +22.32<\/li>\n<\/ul>\n<h2>* * *<\/h2>\n<h2>J\u00e4rnv\u00e4gsbommar stoppade Merl\u00f6vs chanser p\u00e5 f\u00f6rsta etappen<\/h2>\n<p><strong>Under den f\u00f6rsta etappen av polska etapploppet Orlen Nations Grand Prix, som k\u00f6rdes i Tjeckien, blev det ett ov\u00e4ntat drama n\u00e4r Ville Merl\u00f6v stoppades av j\u00e4rnv\u00e4gsbommar. I st\u00e4llet f\u00f6r att f\u00e5 komma i v\u00e4g i en utbrytning som gick hem blev Merl\u00f6v, som fick hoppa in som reserv i det svenska U23-landslaget, <\/strong><strong>nedskjutsad till klungan. Hugo Lennartsson och formstarke Edvin Lovidius var starka p\u00e5 slutet, men en vurpa framf\u00f6r dem p\u00e5verkade deras slutresultat.<\/strong><\/p>\n<p>Dansken Kristian Egholm, en cyklist fr\u00e5n Luxemburg skapade en avg\u00f6rande utbrytning d\u00e4r. Italienaren Pietro Mattio bryggade p\u00e5 egen hand och slutade tv\u00e5a bakom dansken.<\/p>\n<p>Ville Merl\u00f6v fanns med bra efter 40 av de 135 kilometerna d\u00e4r loppet gick in p\u00e5 sm\u00e5v\u00e4gar. Merl\u00f6v hade 15 sekunder p\u00e5 klungan och 10 fram till duon som hade g\u00e5tt iv\u00e4g. D\u00e5 gick bommarna ner vid en j\u00e4rnv\u00e4gs\u00f6verg\u00e5ng just framf\u00f6r Ville.<\/p>\n<p>Klungan blev stannad och Ville blev stannad utan att f\u00e5 tillbaka n\u00e5gra sekunder. Utbrytningen \u00a0var uppe p\u00e5 n\u00e4stan fyra minuter som mest. Den h\u00e4r gruppen g\u00e5r hem \u00e4ven om luxemburgen f\u00e5r sl\u00e4ppa lite p\u00e5 slutet. F\u00f6r det \u00e4r en ganska h\u00e5rd final.<\/p>\n<p>F\u00f6rbundskaptenen Lucas Persson kommenterade:<\/p>\n<blockquote><p>&#8221;Ville \u00e4r p\u00e5passlig men har stolpe ut. Edvin Lovidius s\u00e4ger att han k\u00e4nner sig ganska okej. B\u00e5de Edvin och Hugo Lennartsson k\u00e4nner att de sitter med ganska bra. Men de blir hindrade av en vurpa framf\u00f6r dem p\u00e5 slutet. Men vi tar nya tag i morgon. Det k\u00e4nns som de \u00e4r p\u00e5 hugget grabbarna. Jag ser fram emot en ny etapp i morgon med lite mer flyt&#8230;&#8221;<\/p><\/blockquote>\n<h3>Orlen Nations Grand Prix, f\u00f6rsta etappen<\/h3>\n<ul>\n<li>1 <strong>Kristian Egholm<\/strong>, Danmark 3.19.36<\/li>\n<li>2 <strong>Pietro Mattio<\/strong>, Italien +0.36<\/li>\n<li>3 <strong>Matthew Brennan<\/strong>, Storbritannien +0.41<\/li>\n<li>45 <strong>Edvin Lovidius<\/strong>, Sverige +1.01<\/li>\n<li>46 <strong>Hugo Lennartsson<\/strong>, Sverige +1.01<\/li>\n<li>55 <strong>Eric Pedersen<\/strong>, Sverige +1.08<\/li>\n<li>79 <strong>Jonathan Ahlsson<\/strong>, Sverige +1.22<\/li>\n<li>96 <strong>Carl Kagevi<\/strong>, Sverige +2:25<\/li>\n<li>126 <strong>Ville Merl\u00f6v<\/strong>, Sverige +11.17<\/li>\n<\/ul>\n<p><em>Text och foto: SCF<\/em><\/p>\n<hr \/>\n<p><em><strong>Svenska Cykelf\u00f6rbundet \u00e4r stolta \u00f6ver att presentera v\u00e5ra samarbetspartners. Tack vare dessa fantastiska f\u00f6retag kan v\u00e5ra cyklister oftare ta sig l\u00e4ngre ut i v\u00e4rlden.<\/strong><\/em><\/p>\n<h2><a href=\"https:\/\/scf.se\/forbundet\/sponsorer\/\"><img loading=\"lazy\" decoding=\"async\" class=\"alignnone size-full wp-image-3872\" src=\"https:\/\/scf.se\/landsvag\/wp-content\/uploads\/sites\/5\/2023\/02\/LiggandeBannerNyheterHemsida2023.png\" alt=\"\" width=\"1200\" height=\"200\" srcset=\"https:\/\/scf.se\/landsvag\/wp-content\/uploads\/sites\/5\/2023\/02\/LiggandeBannerNyheterHemsida2023.png 1200w, https:\/\/scf.se\/landsvag\/wp-content\/uploads\/sites\/5\/2023\/02\/LiggandeBannerNyheterHemsida2023-300x50.png 300w, https:\/\/scf.se\/landsvag\/wp-content\/uploads\/sites\/5\/2023\/02\/LiggandeBannerNyheterHemsida2023-1024x171.png 1024w, https:\/\/scf.se\/landsvag\/wp-content\/uploads\/sites\/5\/2023\/02\/LiggandeBannerNyheterHemsida2023-768x128.png 768w\" sizes=\"auto, (max-width: 1200px) 100vw, 1200px\" \/><\/a><\/h2>\n<h2><\/h2>\n","protected":false},"excerpt":{"rendered":"<p>Edvin Lovidius var s\u00e5 bra med hela v\u00e4gen p\u00e5 den fj\u00e4rde etappen Orlen Nations Grand Prix av och st\u00f6rre delen av femte, men stolpe ut b\u00e5da g\u00e5ngerna p\u00e5 slutet. St\u00f6rre delen av utbrytargruppen blev inh\u00e4mtade med 500 meter kvar i l\u00f6rdags. \u00c4nd\u00e5 14:e p\u00e5 etappen d\u00e4r. P\u00e5 s\u00f6ndagen punkterade Lovidius just n\u00e4r svenska servicebilen<a href=\"https:\/\/scf.se\/landsvag\/edvin-lovidius-gjorde-riktigt-bra-forsok-pa-bada-helgens-etapper\/\" class=\"news-card__more\"> &#8230;<\/a><\/p>\n","protected":false},"author":41,"featured_media":5233,"comment_status":"open","ping_status":"open","sticky":false,"template":"","format":"standard","meta":{"_acf_changed":false,"footnotes":""},"categories":[1],"tags":[],"class_list":["post-5231","post","type-post","status-publish","format-standard","hentry","category-landsvag"],"acf":[],"_links":{"self":[{"href":"https:\/\/scf.se\/landsvag\/wp-json\/wp\/v2\/posts\/5231","targetHints":{"allow":["GET"]}}],"collection":[{"href":"https:\/\/scf.se\/landsvag\/wp-json\/wp\/v2\/posts"}],"about":[{"href":"https:\/\/scf.se\/landsvag\/wp-json\/wp\/v2\/types\/post"}],"author":[{"embeddable":true,"href":"https:\/\/scf.se\/landsvag\/wp-json\/wp\/v2\/users\/41"}],"replies":[{"embeddable":true,"href":"https:\/\/scf.se\/landsvag\/wp-json\/wp\/v2\/comments?post=5231"}],"version-history":[{"count":32,"href":"https:\/\/scf.se\/landsvag\/wp-json\/wp\/v2\/posts\/5231\/revisions"}],"predecessor-version":[{"id":5271,"href":"https:\/\/scf.se\/landsvag\/wp-json\/wp\/v2\/posts\/5231\/revisions\/5271"}],"wp:featuredmedia":[{"embeddable":true,"href":"https:\/\/scf.se\/landsvag\/wp-json\/wp\/v2\/media\/5233"}],"wp:attachment":[{"href":"https:\/\/scf.se\/landsvag\/wp-json\/wp\/v2\/media?parent=5231"}],"wp:term":[{"taxonomy":"category","embeddable":true,"href":"https:\/\/scf.se\/landsvag\/wp-json\/wp\/v2\/categories?post=5231"},{"taxonomy":"post_tag","embeddable":true,"href":"https:\/\/scf.se\/landsvag\/wp-json\/wp\/v2\/tags?post=5231"}],"curies":[{"name":"wp","href":"https:\/\/api.w.org\/{rel}","templated":true}]}}