
{"id":5223,"date":"2024-05-13T09:00:10","date_gmt":"2024-05-13T07:00:10","guid":{"rendered":"https:\/\/scf.se\/landsvag\/?p=5223"},"modified":"2024-05-13T09:55:13","modified_gmt":"2024-05-13T07:55:13","slug":"jakob-soderqvist-i-fin-form-vann-bagge-etapperna-i-luxemburg-i-helgen","status":"publish","type":"post","link":"https:\/\/scf.se\/landsvag\/jakob-soderqvist-i-fin-form-vann-bagge-etapperna-i-luxemburg-i-helgen\/","title":{"rendered":"Jakob S\u00f6derqvist vann b\u00e4gge etapperna i Luxemburg i helgen"},"content":{"rendered":"<p><strong>Jakob S\u00f6derqvist g\u00e5r fr\u00e5n klarhet till klarhet i Lidl-Trek Future Racing. F\u00f6rst totalseger i Tour de Bretagne i m\u00e5nadsskiftet. I helgen som gick vann Jakob de b\u00e4gge avslutande etapperna p\u00e5 Fl\u00e8che du Sud i Luxemburg, f\u00f6rst inte ov\u00e4ntat ett tempolopp och sedan lite mera \u00f6verraskande en stor klungspurt.<\/strong><\/p>\n<p>I m\u00e5nadsskiftet tog han \u00f6ver ledartr\u00f6jan i Tour de Bretagne efter att ha vunnit solo p\u00e5 tredje etappen. Sedan f\u00f6rsvarade Jakob och Lidl-Treks lag tr\u00f6jan.<\/p>\n<blockquote><p>&#8221;Jag \u00e4r oerh\u00f6rt stolt \u00f6ver hur vi v\u00e4xte som ett team under dessa sju dagar och \u00f6vertygad om att vi tog ut absolut det b\u00e4sta av varandra i det h\u00e4r loppet&#8221;, sa Jakob efter Tour de Bretagne.<\/p><\/blockquote>\n<p>Och samarbetet i Lidl-Trek utvecklingslag forts\u00e4tter att v\u00e4xa med tanke p\u00e5 hur laget tar topp tre p\u00e5 sista etappen i Fl\u00e8che du Sud.<\/p>\n<p>I den avslutande etappen \u00f6ver femton mil, f\u00f6rdelat \u00f6ver sex varv, dominerade Lidl-Trek en stor klungspurt och Jakob S\u00f6derqvist visade att han \u00e4ven kan vinna ett platt varvlopp.<\/p>\n<p>Dagen innan vann han tempoloppet \u00f6ver knappa 19 kilometer med hela 38 sekunder. Det \u00e4r kross, inte minst d\u00e5 flera konkurrenter hade tr\u00f6jor att fajtas om.<\/p>\n<ul>\n<li><a href=\"https:\/\/www.procyclingstats.com\/race\/fleche-du-sud\/2024\/stage-5\"><em><strong>Alla resultat p\u00e5 sista etappen och i hela Fl\u00e8che du Sud i Luxemburg h\u00e4r.<\/strong><\/em> \u00a0<\/a><\/li>\n<\/ul>\n<p>Om en knapp m\u00e5nad tas de sista platserna till OS i Paris ut och Jakob hinner inte starta i n\u00e5got lopp med World Tour-klass. Det ska dessutom egentligen vara endagarslopp f\u00f6r att blidka SOK.<\/p>\n<p>P\u00e5 damsidan levererade annars Caroline Andersson (Liv AlUla Jayco) en topp \u00e5tta i Vueltan h\u00e4rom veckan. D\u00e4r var Andersson 32:a i totalen. \u00c4ven f\u00f6rsta\u00e5rssenioren Stina Kagevi (Team Coop &#8211; Repsol) fullf\u00f6ljde Vuelta Espana och landade p\u00e5 plats 76.<\/p>\n<p>Sverige har en kvotplats b\u00e5de p\u00e5 herr- och damsidan i landv\u00e4g, men \u00e4nnu ingen uttagen cyklist. F\u00f6rutom att gl\u00e4djande nog Amir Ansari fr\u00e5n Stockholm CK ska k\u00f6ra landsv\u00e4g i OS f\u00f6r IOC Refugee Olympic Team. Plus d\u00e5 f\u00f6rst\u00e5s Jenny Rissveds i XCO \u2013 fick OS-beskedet redan i SOK:s f\u00f6rsta runda i h\u00f6stas.<\/p>\n<p>Jakob S\u00f6derqvist har m\u00f6jligen sjundeplatsen i U23-VM att skylta med, plus att han fyller 21 \u00e5r i slutet av maj och k\u00e4nns extremt intressant f\u00f6r framtiden. S\u00e5v\u00e4l linjelopp och tempo ing\u00e5r p\u00e5 OS-programmet.<\/p>\n<p><em>Text: SCF<\/em><br \/>\n<em>Arkivbild: Lidl-Trek<\/em><\/p>\n<p>&nbsp;<\/p>\n<p>&nbsp;<\/p>\n<p>&nbsp;<\/p>\n<p>&nbsp;<\/p>\n","protected":false},"excerpt":{"rendered":"<p>Jakob S\u00f6derqvist g\u00e5r fr\u00e5n klarhet till klarhet i Lidl-Trek Future Racing. F\u00f6rst totalseger i Tour de Bretagne i m\u00e5nadsskiftet. I helgen som gick vann Jakob de b\u00e4gge avslutande etapperna p\u00e5 Fl\u00e8che du Sud i Luxemburg, f\u00f6rst inte ov\u00e4ntat ett tempolopp och sedan lite mera \u00f6verraskande en stor klungspurt. I m\u00e5nadsskiftet tog han \u00f6ver ledartr\u00f6jan<a href=\"https:\/\/scf.se\/landsvag\/jakob-soderqvist-i-fin-form-vann-bagge-etapperna-i-luxemburg-i-helgen\/\" class=\"news-card__more\"> &#8230;<\/a><\/p>\n","protected":false},"author":41,"featured_media":4787,"comment_status":"open","ping_status":"open","sticky":false,"template":"","format":"standard","meta":{"_acf_changed":false,"footnotes":""},"categories":[1],"tags":[],"class_list":["post-5223","post","type-post","status-publish","format-standard","hentry","category-landsvag"],"acf":[],"_links":{"self":[{"href":"https:\/\/scf.se\/landsvag\/wp-json\/wp\/v2\/posts\/5223","targetHints":{"allow":["GET"]}}],"collection":[{"href":"https:\/\/scf.se\/landsvag\/wp-json\/wp\/v2\/posts"}],"about":[{"href":"https:\/\/scf.se\/landsvag\/wp-json\/wp\/v2\/types\/post"}],"author":[{"embeddable":true,"href":"https:\/\/scf.se\/landsvag\/wp-json\/wp\/v2\/users\/41"}],"replies":[{"embeddable":true,"href":"https:\/\/scf.se\/landsvag\/wp-json\/wp\/v2\/comments?post=5223"}],"version-history":[{"count":6,"href":"https:\/\/scf.se\/landsvag\/wp-json\/wp\/v2\/posts\/5223\/revisions"}],"predecessor-version":[{"id":5229,"href":"https:\/\/scf.se\/landsvag\/wp-json\/wp\/v2\/posts\/5223\/revisions\/5229"}],"wp:featuredmedia":[{"embeddable":true,"href":"https:\/\/scf.se\/landsvag\/wp-json\/wp\/v2\/media\/4787"}],"wp:attachment":[{"href":"https:\/\/scf.se\/landsvag\/wp-json\/wp\/v2\/media?parent=5223"}],"wp:term":[{"taxonomy":"category","embeddable":true,"href":"https:\/\/scf.se\/landsvag\/wp-json\/wp\/v2\/categories?post=5223"},{"taxonomy":"post_tag","embeddable":true,"href":"https:\/\/scf.se\/landsvag\/wp-json\/wp\/v2\/tags?post=5223"}],"curies":[{"name":"wp","href":"https:\/\/api.w.org\/{rel}","templated":true}]}}