
{"id":5215,"date":"2024-05-08T08:50:47","date_gmt":"2024-05-08T06:50:47","guid":{"rendered":"https:\/\/scf.se\/landsvag\/?p=5215"},"modified":"2024-05-08T08:59:36","modified_gmt":"2024-05-08T06:59:36","slug":"nytt-spannande-etapplopp-for-hett-svenskt-u23landslag","status":"publish","type":"post","link":"https:\/\/scf.se\/landsvag\/nytt-spannande-etapplopp-for-hett-svenskt-u23landslag\/","title":{"rendered":"Sp\u00e4nnande och kuperat etapplopp i Polen f\u00f6r hett svenskt U23-landslag"},"content":{"rendered":"<p><strong>Sveriges U23-landslag har varit hett under h\u00f6sten och inledningen av den h\u00e4r s\u00e4songen. Extra sp\u00e4nnande att se laget som ska k\u00f6ra ett kuperat femdagars etapplopp i Polen, Orlen Nations Grand Prix, som startar 14 maj.<\/strong><\/p>\n<p>Det blir ingen Jakob S\u00f6derqvist med i laget d\u00e5 Lidl-Trek beh\u00f6vde honom denna g\u00e5ng, inte s\u00e5 konstigt d\u00e5 han kommer fr\u00e5n en totalseger. \u00c4ven Edvin Lovidius har k\u00f6rt en hel del i ledartr\u00f6ja de senaste etapploppen f\u00f6r hans del, b\u00e5de med U23-landslaget i Frankrike och senast \u00e4ven genom att vinna f\u00f6rsta etappen av i Ronde de I&#8217;Isard i franska laget CC \u00c9tupes.<\/p>\n<blockquote><p>&#8221;Ja, Edvin har visat riktigt bra form senaste tiden. Sett till helheten passar inte detta etapplopp honom speciellt bra med mycket stigningar varje dag. Men vi siktar framf\u00f6r allt p\u00e5 att g\u00f6ra riktigt bra saker p\u00e5 enskilda etapper och det \u00e4r s\u00e4kert n\u00e5gon etapp som kommer att passa Edvin i den h\u00e4r formen riktigt bra med n\u00e5gra utbrytningar och s\u00e5&#8221;, s\u00e4ger f\u00f6rbundskaptenen Lucas Persson som \u00e4ven coachar laget i Orlen Nations Grand Prix och presenterar f\u00f6ljande uppst\u00e4llning.<\/p><\/blockquote>\n<h3>U23-landslaget till Polen<\/h3>\n<ul>\n<li><strong>Edvin Lovidius<\/strong>, CC \u00c9tupes\/ S\u00f6dert\u00e4lje CK<\/li>\n<li><strong>Carl Kagevi, <\/strong>Team\u00a0IBT-Tripeak<\/li>\n<li><strong>Hugo Lennartsson<\/strong>, AVC Aix-en-Provence\/ Mariestadcyklisten<\/li>\n<li><strong>Jonathan Ahlsson<\/strong>, Motala AIF Serneke Allebike<\/li>\n<li><strong>Eric Pedersen<\/strong>, Motala AIF Serneke Allebike<\/li>\n<li><strong>Acke Dahlblom<\/strong>, Team IBT &#8211; Tripeak<\/li>\n<\/ul>\n<p>Sista platsen gick till Acke Dahlblom som nu f\u00e5r testa sina kl\u00e4ttraregenskaper. Carl Kagevi har generellt sett varit riktigt stark i snart ett \u00e5rs tid, en p\u00e5litlig U23-landslagscyklist med andra ord.<\/p>\n<p>Lucas Persson utvecklar uttagningen denna g\u00e5ng:<\/p>\n<blockquote><p>&#8221;Det ska ocks\u00e5 bli kul att f\u00e5 in och testa lite andra cyklister \u00e4n senast. Vi har &#8221;Jonte&#8221; (Jonathan Ahlsson) som kommer in; har k\u00f6rt bra i v\u00e5r och \u00e4r stark uppf\u00f6r. Det ska bli sp\u00e4nnande att se Hugo Lennartsson komma in\u00a0 ocks\u00e5, bland annat&#8230;det \u00e4r ett sp\u00e4nnande g\u00e4ng tycker jag!&#8221;<\/p><\/blockquote>\n<p><em>Text: Tomas Larsson\/SCF<\/em><br \/>\n<em>Foto: SCF<\/em><\/p>\n<hr \/>\n<p><em><strong>Svenska Cykelf\u00f6rbundet \u00e4r stolta \u00f6ver att presentera v\u00e5ra samarbetspartners. Tack vare dessa fantastiska f\u00f6retag kan v\u00e5ra cyklister oftare ta sig l\u00e4ngre ut i v\u00e4rlden.<\/strong><\/em><\/p>\n<h2><a href=\"https:\/\/scf.se\/forbundet\/sponsorer\/\"><img loading=\"lazy\" decoding=\"async\" class=\"alignnone size-full wp-image-3872\" src=\"https:\/\/scf.se\/landsvag\/wp-content\/uploads\/sites\/5\/2023\/02\/LiggandeBannerNyheterHemsida2023.png\" alt=\"\" width=\"1200\" height=\"200\" srcset=\"https:\/\/scf.se\/landsvag\/wp-content\/uploads\/sites\/5\/2023\/02\/LiggandeBannerNyheterHemsida2023.png 1200w, https:\/\/scf.se\/landsvag\/wp-content\/uploads\/sites\/5\/2023\/02\/LiggandeBannerNyheterHemsida2023-300x50.png 300w, https:\/\/scf.se\/landsvag\/wp-content\/uploads\/sites\/5\/2023\/02\/LiggandeBannerNyheterHemsida2023-1024x171.png 1024w, https:\/\/scf.se\/landsvag\/wp-content\/uploads\/sites\/5\/2023\/02\/LiggandeBannerNyheterHemsida2023-768x128.png 768w\" sizes=\"auto, (max-width: 1200px) 100vw, 1200px\" \/><\/a><\/h2>\n","protected":false},"excerpt":{"rendered":"<p>Sveriges U23-landslag har varit hett under h\u00f6sten och inledningen av den h\u00e4r s\u00e4songen. Extra sp\u00e4nnande att se laget som ska k\u00f6ra ett kuperat femdagars etapplopp i Polen, Orlen Nations Grand Prix, som startar 14 maj. Det blir ingen Jakob S\u00f6derqvist med i laget d\u00e5 Lidl-Trek beh\u00f6vde honom denna g\u00e5ng, inte s\u00e5 konstigt d\u00e5 han<a href=\"https:\/\/scf.se\/landsvag\/nytt-spannande-etapplopp-for-hett-svenskt-u23landslag\/\" class=\"news-card__more\"> &#8230;<\/a><\/p>\n","protected":false},"author":41,"featured_media":5218,"comment_status":"open","ping_status":"open","sticky":false,"template":"","format":"standard","meta":{"_acf_changed":false,"footnotes":""},"categories":[1],"tags":[],"class_list":["post-5215","post","type-post","status-publish","format-standard","hentry","category-landsvag"],"acf":[],"_links":{"self":[{"href":"https:\/\/scf.se\/landsvag\/wp-json\/wp\/v2\/posts\/5215","targetHints":{"allow":["GET"]}}],"collection":[{"href":"https:\/\/scf.se\/landsvag\/wp-json\/wp\/v2\/posts"}],"about":[{"href":"https:\/\/scf.se\/landsvag\/wp-json\/wp\/v2\/types\/post"}],"author":[{"embeddable":true,"href":"https:\/\/scf.se\/landsvag\/wp-json\/wp\/v2\/users\/41"}],"replies":[{"embeddable":true,"href":"https:\/\/scf.se\/landsvag\/wp-json\/wp\/v2\/comments?post=5215"}],"version-history":[{"count":6,"href":"https:\/\/scf.se\/landsvag\/wp-json\/wp\/v2\/posts\/5215\/revisions"}],"predecessor-version":[{"id":5222,"href":"https:\/\/scf.se\/landsvag\/wp-json\/wp\/v2\/posts\/5215\/revisions\/5222"}],"wp:featuredmedia":[{"embeddable":true,"href":"https:\/\/scf.se\/landsvag\/wp-json\/wp\/v2\/media\/5218"}],"wp:attachment":[{"href":"https:\/\/scf.se\/landsvag\/wp-json\/wp\/v2\/media?parent=5215"}],"wp:term":[{"taxonomy":"category","embeddable":true,"href":"https:\/\/scf.se\/landsvag\/wp-json\/wp\/v2\/categories?post=5215"},{"taxonomy":"post_tag","embeddable":true,"href":"https:\/\/scf.se\/landsvag\/wp-json\/wp\/v2\/tags?post=5215"}],"curies":[{"name":"wp","href":"https:\/\/api.w.org\/{rel}","templated":true}]}}