
{"id":518,"date":"2016-03-31T21:43:37","date_gmt":"2016-03-31T19:43:37","guid":{"rendered":"http:\/\/scf.se\/landsvag\/?p=518"},"modified":"2016-03-31T21:47:32","modified_gmt":"2016-03-31T19:47:32","slug":"lucas-persson-ny-forbundskapten","status":"publish","type":"post","link":"https:\/\/scf.se\/landsvag\/lucas-persson-ny-forbundskapten\/","title":{"rendered":"Lucas Persson ny f\u00f6rbundskapten"},"content":{"rendered":"<p>Lucas Persson fr\u00e5n sk\u00e5nska Esl\u00f6v blir ny f\u00f6rbundskapten f\u00f6r Herr Juniorer och U23 landsv\u00e4g.\u00a0Lucas tar vid efter Glenn Magnusson, vars suver\u00e4na arbete lagt en bra grund f\u00f6r landslagsarbetet med herrjuniorer och U23.<\/p>\n<p>&#8221;Lucas har gedigen erfarenhet som t\u00e4vlingscyklist och ett stort kunnande inom internationell t\u00e4vlingsverksamhet. Han vet vad som kr\u00e4vs f\u00f6r att en junior och U23 cyklist ska lyckas.\u00a0Jag \u00e4r \u00f6vertygad om att Lucas \u00e4r ett bra f\u00f6rv\u00e4rv som b\u00e5de kommer att f\u00f6rvalta Glenns grundarbete v\u00e4l och \u00e4ven bidra till att sk\u00f6rda fortsatt framg\u00e5ng med de unga cyklisterna&#8221;, s\u00e4ger sportchefen Jonas Ljungblad.<\/p>\n<p>Lucas har varit en del av cykelsporten sedan han b\u00f6rjade cykla vid 9-\u00e5rs \u00e5lder. Han har k\u00f6rt som junior, U23 och i elitlandslaget och cyklat tio \u00e5r som continentalcyklist samt ett \u00e5r som proffs i Belgien. Under det senaste \u00e5ret har han\u00a0jobbat som sportdirekt\u00f6r i Danska Riwal cyclingteam.<\/p>\n<p>\u201dUnder mina elva \u00e5r som continental\/proffs cyklist har jag haft b\u00e5de motg\u00e5ngar och framg\u00e5ngar. Jag har alltid f\u00e5tt slita h\u00e5rt f\u00f6r att n\u00e5 resultat, vilket har utvecklat min taktiska f\u00f6rm\u00e5ga. Det \u00e4r n\u00e5got jag kan dela med mig av nu n\u00e4r jag ska jobba med alla unga svenska f\u00f6rm\u00e5gor. Jag \u00e4r supermotiverad och ser fram emot att jobba f\u00f6r svensk cykelsport&#8221;, f\u00f6rklarar Lucas Persson.<\/p>\n","protected":false},"excerpt":{"rendered":"<p>Lucas Persson fr\u00e5n sk\u00e5nska Esl\u00f6v blir ny f\u00f6rbundskapten f\u00f6r Herr Juniorer och U23 landsv\u00e4g.\u00a0Lucas tar vid efter Glenn Magnusson, vars suver\u00e4na arbete lagt en bra grund f\u00f6r landslagsarbetet med herrjuniorer och U23. &#8221;Lucas har gedigen erfarenhet som t\u00e4vlingscyklist och ett stort kunnande inom internationell t\u00e4vlingsverksamhet. Han vet vad som kr\u00e4vs f\u00f6r att en junior<a href=\"https:\/\/scf.se\/landsvag\/lucas-persson-ny-forbundskapten\/\" class=\"news-card__more\"> &#8230;<\/a><\/p>\n","protected":false},"author":2,"featured_media":0,"comment_status":"open","ping_status":"open","sticky":false,"template":"","format":"standard","meta":{"_acf_changed":false,"footnotes":""},"categories":[1],"tags":[],"class_list":["post-518","post","type-post","status-publish","format-standard","hentry","category-landsvag"],"acf":[],"_links":{"self":[{"href":"https:\/\/scf.se\/landsvag\/wp-json\/wp\/v2\/posts\/518","targetHints":{"allow":["GET"]}}],"collection":[{"href":"https:\/\/scf.se\/landsvag\/wp-json\/wp\/v2\/posts"}],"about":[{"href":"https:\/\/scf.se\/landsvag\/wp-json\/wp\/v2\/types\/post"}],"author":[{"embeddable":true,"href":"https:\/\/scf.se\/landsvag\/wp-json\/wp\/v2\/users\/2"}],"replies":[{"embeddable":true,"href":"https:\/\/scf.se\/landsvag\/wp-json\/wp\/v2\/comments?post=518"}],"version-history":[{"count":0,"href":"https:\/\/scf.se\/landsvag\/wp-json\/wp\/v2\/posts\/518\/revisions"}],"wp:attachment":[{"href":"https:\/\/scf.se\/landsvag\/wp-json\/wp\/v2\/media?parent=518"}],"wp:term":[{"taxonomy":"category","embeddable":true,"href":"https:\/\/scf.se\/landsvag\/wp-json\/wp\/v2\/categories?post=518"},{"taxonomy":"post_tag","embeddable":true,"href":"https:\/\/scf.se\/landsvag\/wp-json\/wp\/v2\/tags?post=518"}],"curies":[{"name":"wp","href":"https:\/\/api.w.org\/{rel}","templated":true}]}}