
{"id":5176,"date":"2024-05-06T09:00:12","date_gmt":"2024-05-06T07:00:12","guid":{"rendered":"https:\/\/scf.se\/landsvag\/?p=5176"},"modified":"2024-05-06T13:33:24","modified_gmt":"2024-05-06T11:33:24","slug":"tuff-start-pa-nations-cup-i-tjeckien-men-tre-svenska-juniorer-ar-bra-med","status":"publish","type":"post","link":"https:\/\/scf.se\/landsvag\/tuff-start-pa-nations-cup-i-tjeckien-men-tre-svenska-juniorer-ar-bra-med\/","title":{"rendered":"Juniorlag avslutade med topp fem-plats i Tjeckien genom Linus Larsson"},"content":{"rendered":"<p><strong>Det svenska herrjuniorlaget genomf\u00f6rde Junior Nations Cup-etapploppet Course De La Paix i Tjeckien 2\u20135 p\u00e5 ett fint s\u00e4tt. De fick ocks\u00e5 lovord av f\u00f6rbundskaptenen Lucas Persson. Det avslutades med en snygg femteplats p\u00e5 fj\u00e4rde etappen genom spurtstarke Linus Larsson. F\u00f6lj v\u00e5r rapportering, etapp f\u00f6r etapp, nedan!\u00a0 <\/strong><em>(Uppdaterad version m\u00e5ndag 09.00.)<\/em><\/p>\n<h3>Svenskarna i <strong>Course De La Paix<\/strong><\/h3>\n<ul>\n<li>79 <strong>Gustav Magnusson<\/strong>, J\u00f6nk\u00f6ping CK<\/li>\n<li>80 <strong>Linus Larsson<\/strong>, Staffanstorp CK\/ Willebrord Wil Vooruit<\/li>\n<li>81<strong> Teodor De Luca<\/strong>, CK Ringen\/ Willebrord Wil Vooruit<\/li>\n<li>82<strong> Vilgot Reinhold, <\/strong>CK Ringen\/ Willebrord Wil Vooruit<\/li>\n<li>83<strong> Vilmer Ekman<\/strong>, Falu CK<\/li>\n<li>84<strong> Joel Mellby<\/strong>, CK Master<\/li>\n<\/ul>\n<p>Det var extremt h\u00f6g klass p\u00e5 en sextett som gjorde upp om podieplatserna med den regerande juniorv\u00e4rldsm\u00e4staren och Europam\u00e4staren i tempo, Albert Philipsen, p\u00e5 andraplatsen bakom en tjeck. Det ska noteras att Philipsen redan har skrivit fyra\u00e5rskontrakt med Lidl-Treks World Tour-team f\u00f6r 2025 och fram\u00e5t.<\/p>\n<p>Det svenska laget hade tre cyklister med i den drygt 40 cyklister stora klungan 34 sekunder bakom, varav Joel Mellby var l\u00e5ngt framme. De andra var Teodor De Luca och Linus Larsson.<\/p>\n<p>S\u00e5 h\u00e4r s\u00e4ger Lucas Persson:<\/p>\n<blockquote><p>&#8221;Riktigt bra cyklat av de i t\u00e4ten. Men \u00e4ven bra av Joel Mellby att h\u00e5lla sig s\u00e5 l\u00e5ngt framme i gruppen bakom och han var n\u00f6jd med loppet. Godk\u00e4nt f\u00f6r hela laget f\u00f6r att vara f\u00f6rsta etappen och bra att vi \u00e4r ig\u00e5ng. Det var som sagt en tuff etapp med full kantvind de f\u00f6rsta fem kilometerna och det bl\u00e5ste n\u00e4rmare tio sekundmeter&#8221;, rapporterar Lucas Persson.<\/p><\/blockquote>\n<p>Efter 14,5 kilometer var det upp och ner hela tiden och n\u00e4r s\u00e5 en backe med kantvind kom med 30 kilometer kvar avgjordes det mesta denna etapp.<\/p>\n<blockquote><p>&#8221;Ja, vi hade pratat om den backen innan och det sprack ocks\u00e5 av mycket d\u00e4r i kantvinden. Vi tappade ett par cyklister som inte kom med i den fr\u00e4mre klungan&#8221;, konstaterar Lucas Persson.<\/p><\/blockquote>\n<a href=\"https:\/\/scf.se\/landsvag\/wp-content\/uploads\/sites\/5\/2024\/05\/Mellby.jpg\"><img loading=\"lazy\" decoding=\"async\" class=\"alignnone size-full wp-image-5180\" src=\"https:\/\/scf.se\/landsvag\/wp-content\/uploads\/sites\/5\/2024\/05\/Mellby.jpg\" alt=\"\" width=\"1160\" height=\"1225\" srcset=\"https:\/\/scf.se\/landsvag\/wp-content\/uploads\/sites\/5\/2024\/05\/Mellby.jpg 1160w, https:\/\/scf.se\/landsvag\/wp-content\/uploads\/sites\/5\/2024\/05\/Mellby-284x300.jpg 284w, https:\/\/scf.se\/landsvag\/wp-content\/uploads\/sites\/5\/2024\/05\/Mellby-970x1024.jpg 970w, https:\/\/scf.se\/landsvag\/wp-content\/uploads\/sites\/5\/2024\/05\/Mellby-768x811.jpg 768w\" sizes=\"auto, (max-width: 1160px) 100vw, 1160px\" \/><\/a>\n<h3>S\u00e5 gick det p\u00e5 f\u00f6rsta etappen<\/h3>\n<ul>\n<li>1 <strong>Pavel Sumpik<\/strong>, Tjeckien<\/li>\n<li>2 <strong>Albert Withen Philipsen<\/strong>, Danmark +0<\/li>\n<li>3 <strong>Felix \u00d6rn-Kristoff<\/strong>, Norge +0<\/li>\n<li>14 <strong>Joel Mellby<\/strong>, Sverige +0.34<\/li>\n<li>27 <strong>Teodor De Luca<\/strong>, Sverige +0.34<\/li>\n<li>34 <strong>Linus Larsson<\/strong>, Sverige\u00a00.34<\/li>\n<li>66<strong> Gustav Magnusson<\/strong>, Sverige\u00a0+2.01<\/li>\n<li>81 <strong>Vilmer Ekman<\/strong>, Sverige\u00a0+5.14<\/li>\n<li>85 <strong>Vilgot Reinhold<\/strong>, Sverige +5.14<\/li>\n<\/ul>\n<p>Under fredagen \u00e4r det b\u00e5de ett kort tempolopp och s\u00e5 ett inte helt sl\u00e4tt linjelopp p\u00e5 eftermiddagen; tuff start p\u00e5 detta Nations Cup-lopp f\u00f6r v\u00e4rldens vassaste juniorer.<\/p>\n<p>***<\/p>\n<h2><a href=\"https:\/\/scf.se\/landsvag\/wp-content\/uploads\/sites\/5\/2024\/05\/Juniorer11.jpg\"><img loading=\"lazy\" decoding=\"async\" class=\"alignnone size-full wp-image-5196\" src=\"https:\/\/scf.se\/landsvag\/wp-content\/uploads\/sites\/5\/2024\/05\/Juniorer11.jpg\" alt=\"\" width=\"1512\" height=\"1406\" srcset=\"https:\/\/scf.se\/landsvag\/wp-content\/uploads\/sites\/5\/2024\/05\/Juniorer11.jpg 1512w, https:\/\/scf.se\/landsvag\/wp-content\/uploads\/sites\/5\/2024\/05\/Juniorer11-300x279.jpg 300w, https:\/\/scf.se\/landsvag\/wp-content\/uploads\/sites\/5\/2024\/05\/Juniorer11-1024x952.jpg 1024w, https:\/\/scf.se\/landsvag\/wp-content\/uploads\/sites\/5\/2024\/05\/Juniorer11-768x714.jpg 768w\" sizes=\"auto, (max-width: 1512px) 100vw, 1512px\" \/><\/a><\/h2>\n<h2>Offensiv lagk\u00f6rning p\u00e5 andra dagen gav sp\u00e4nnande avslutning<\/h2>\n<p>P\u00e5 det 8,8 kilometer l\u00e5nga tempoloppet visade Albert Philipsen vad han kan och det \u00e4r r\u00e4tt mycket p\u00e5 en tempohoj med ett snitt p\u00e5 52 kilometer i timmen.<\/p>\n<p>Sveriges lag hade lite stolpe ut med en punktering redan efter 500 meter f\u00f6r Vilgot Reinhold och en v\u00e4xelhaveri f\u00f6r Vilmer Ekman s\u00e5 det blev till att k\u00f6ra loppet p\u00e5 vanlig racer f\u00f6r dem.<\/p>\n<p>Riktigt roligt att Teodor De Luca bara var 38 sekunder efter superdansken p\u00e5 en l\u00e5nad tempocykel. Det r\u00e4ckte till plats 19. Helt okej\u00a0 lopp \u00e4ven av de \u00f6vriga d\u00e4r Gustav Magnusson var 24:a och Gustav Magnusson p\u00e5 plats 30.<\/p>\n<h3>S\u00e5 gick det p\u00e5 etapp 2a<\/h3>\n<ul>\n<li>1 <strong>Albert Withen Philipsen<\/strong>, Danmark +0<\/li>\n<li>19 <strong>Teodor De Luca<\/strong>, Sverige +0.38<\/li>\n<li>24<strong> Gustav Magnusson<\/strong>, Sverige +0.43<\/li>\n<li>30 <strong>Linus Larsson<\/strong>, Sverige +0.46<\/li>\n<li>67 <strong>Joel Mellby<\/strong>, Sverige +1.07<\/li>\n<li>91 <strong>Vilmer Ekman<\/strong>, Sverige +1.26<\/li>\n<li>112 <strong>Vilgot Reinhold<\/strong>, Sverige +2.06<\/li>\n<\/ul>\n<p>Virtuellt ut p\u00e5 eftermiddagens korta linje var Teodor 15:e i totalen och Linus p\u00e5 p\u00e5 plats 20.<\/p>\n<p>Inget direkt flyt d\u00e5 s\u00e5v\u00e4l Joel Mellby och Teodor De Luca gick omkull. B\u00e5da reste sig och fullf\u00f6ljde etapp 2b.<\/p>\n<blockquote><p>&#8221;De k\u00f6r offensivt och vill mycket s\u00e5 det kommer bli n\u00e5got bra av det h\u00e4r med tiden, tror vi&#8221;, s\u00e4ger Lucas Persson.<\/p><\/blockquote>\n<p>Till sist orkade \u00e4nd\u00e5 laget, framf\u00f6r allt Gustav Magnusson som verkligen k\u00f6rde tufft fr\u00e5n tre kilometer kvar och har lagets spurtare Linus Larsson p\u00e5 rulle. Duon finns med kring tredjeplatsen in mot m\u00e5let. Men s\u00e5 blir det struligt i samband med en rondell med 500 meter kvar s\u00e5 ingen t\u00e4tk\u00e4nning i spurten, men \u00e4nd\u00e5 plats 16.<\/p>\n<blockquote><p>&#8221;Bra kort p\u00e5 en rolig etapp. Nu tar vi nya tag inf\u00f6r kungaetappen, en lite l\u00e4ngre och tuffare p\u00e5 l\u00f6rdagen&#8221;, s\u00e4ger Lucas Persson.<\/p><\/blockquote>\n<p>Teodor 15:e i totalen och Linus p\u00e5 p\u00e5 plats 20 stod sig \u00e4ven efter linjeloppet.<\/p>\n<h3>S\u00e5 gick det p\u00e5 etapp 2b<\/h3>\n<ul>\n<li>1 <b>Seth Dunwoody, <\/b>Irland<\/li>\n<li>16<strong> Linus Larsson<\/strong>, Sverige +0<\/li>\n<li>71 <strong>Teodor De Luca<\/strong>, Sverige +0<\/li>\n<li>32 <strong>Joel Mellby<\/strong>, Sverige +0<\/li>\n<li>104<strong> Gustav Magnusson<\/strong>, Sverige +0<\/li>\n<li>114 <strong>Vilmer Ekman<\/strong>, Sverige +0<\/li>\n<li>113 <strong>Vilgot Reinhold<\/strong>, Sverige +0<\/li>\n<\/ul>\n<h3><strong>***<\/strong><\/h3>\n<h2><a href=\"https:\/\/scf.se\/landsvag\/wp-content\/uploads\/sites\/5\/2024\/05\/Lordag1.jpg\"><img loading=\"lazy\" decoding=\"async\" class=\"alignnone size-full wp-image-5204\" src=\"https:\/\/scf.se\/landsvag\/wp-content\/uploads\/sites\/5\/2024\/05\/Lordag1.jpg\" alt=\"\" width=\"1512\" height=\"1578\" srcset=\"https:\/\/scf.se\/landsvag\/wp-content\/uploads\/sites\/5\/2024\/05\/Lordag1.jpg 1512w, https:\/\/scf.se\/landsvag\/wp-content\/uploads\/sites\/5\/2024\/05\/Lordag1-287x300.jpg 287w, https:\/\/scf.se\/landsvag\/wp-content\/uploads\/sites\/5\/2024\/05\/Lordag1-981x1024.jpg 981w, https:\/\/scf.se\/landsvag\/wp-content\/uploads\/sites\/5\/2024\/05\/Lordag1-768x802.jpg 768w, https:\/\/scf.se\/landsvag\/wp-content\/uploads\/sites\/5\/2024\/05\/Lordag1-1472x1536.jpg 1472w\" sizes=\"auto, (max-width: 1512px) 100vw, 1512px\" \/><\/a><\/h2>\n<h2>Bra k\u00f6rt p\u00e5 l\u00f6rdagens l\u00e5nga bergsetapp, inte minst av Gustav Magnusson<\/h2>\n<blockquote><p>\u201dV\u00e4ldigt bra k\u00f6rt att s\u00e5 m\u00e5nga \u00e4r med s\u00e5 l\u00e4nge p\u00e5 en s\u00e5 pass h\u00e5rd etapp. Det h\u00e4r b\u00f6rjar sakta men s\u00e4kert peka \u00e5t r\u00e4tt h\u00e5ll, s\u00e5 det tar vi med oss.\u201d<\/p><\/blockquote>\n<p>Det s\u00e4ger f\u00f6rbundskaptenen Lucas Persson efter l\u00f6rdagens \u201dkungaetapp\u201d p\u00e5 tuffa Junior Nation Cup-etapploppet i Tjeckien. Tre berg att passera och sammanlagt \u00f6ver 2500 h\u00f6jdmeter p\u00e5 de 135 kilometerna att ta s\u00e4ger det mesta. Inte bara tre bergspris utan ocks\u00e5 snabb och teknisk utf\u00f6rs\u00e5kning.<\/p>\n<p>Starkt d\u00e5 att Gustav Magnusson h\u00f6ll sig kvar i den allt mindre f\u00f6rstaklungan \u00e4nda in i m\u00e5l och Linus Larsson var tv\u00e5a i m\u00e5l i andraklungan som anl\u00e4nde 40 sekunder senare. D\u00e4r satt ocks\u00e5 Teodor De Luca och Joel Mellby med bra. K\u00e4mpastark laginsats var ordet!<\/p>\n<p>Juniorernas Course De La Paix avslutas p\u00e5 s\u00f6ndagen! Rapport p\u00e5 SCF.se senast m\u00e5ndag morgon!<\/p>\n<h3><strong>***<\/strong><\/h3>\n<h2>Linus Larsson femma i spurten p\u00e5 avslutande etappen<\/h2>\n<p>Det svenska laget hade satt upp som ett av de interna m\u00e5len inf\u00f6r juniorernas Course De La Paix att klara av en topp fem p\u00e5 n\u00e5gon av etapperna.<\/p>\n<p>Lagets vassaste spurtare, Linus Larsson, levererade det p\u00e5 avslutningsetappen.<\/p>\n<a href=\"https:\/\/scf.se\/landsvag\/wp-content\/uploads\/sites\/5\/2024\/05\/Sondag1.jpg\"><img loading=\"lazy\" decoding=\"async\" class=\"alignnone size-full wp-image-5203\" src=\"https:\/\/scf.se\/landsvag\/wp-content\/uploads\/sites\/5\/2024\/05\/Sondag1.jpg\" alt=\"\" width=\"1512\" height=\"1760\" srcset=\"https:\/\/scf.se\/landsvag\/wp-content\/uploads\/sites\/5\/2024\/05\/Sondag1.jpg 1512w, https:\/\/scf.se\/landsvag\/wp-content\/uploads\/sites\/5\/2024\/05\/Sondag1-258x300.jpg 258w, https:\/\/scf.se\/landsvag\/wp-content\/uploads\/sites\/5\/2024\/05\/Sondag1-880x1024.jpg 880w, https:\/\/scf.se\/landsvag\/wp-content\/uploads\/sites\/5\/2024\/05\/Sondag1-768x894.jpg 768w, https:\/\/scf.se\/landsvag\/wp-content\/uploads\/sites\/5\/2024\/05\/Sondag1-1320x1536.jpg 1320w\" sizes=\"auto, (max-width: 1512px) 100vw, 1512px\" \/><\/a>\n<blockquote><p>&#8221;Det var riktigt kul att se. Bra lagarbete och en bra spurt av Linus. Det kunde ha blivit \u00e4nnu b\u00e4ttre d\u00e5 han gick ut lite, lite f\u00f6r tidigt. Men nu fick han k\u00e4nna p\u00e5 den situationen s\u00e5 det tar vi med oss hem. Det b\u00f6rjar som sagt luta \u00e5t r\u00e4tt h\u00e5ll det h\u00e4r&#8221;, s\u00e4ger f\u00f6rbundskaptenen Lucas Persson.<\/p><\/blockquote>\n<p>Vann etappen gjorde hemmacyklisten Krystof Kral. Alla \u00f6vriga svenskar fanns med i den stora huvudklungan.<\/p>\n<p>I totalen slutade Linus Larsson 35:a. B\u00e4st placerad var Teodor de Luca p\u00e5 plats 31, dryga tv\u00e5 minuter fr\u00e5n den minst sagt starka segraren, dansken Albert Withen Philipsen.<\/p>\n<h3>S\u00e5 slutade Course De La Paix<\/h3>\n<ul>\n<li>1 <strong>Albert Withen Philipsen<\/strong>, Danmark<\/li>\n<li>2 <strong>Senna Remijn, Nederl\u00e4nderna +0.25<\/strong><\/li>\n<li>3<strong> Pavel Sumpik<\/strong>, Tjeckien +0.26<\/li>\n<li>31<strong> Teodor De Luca<\/strong>, Sverige +2.04<\/li>\n<li>35 <strong>Linus Larsson<\/strong>, Sverige +2.12<\/li>\n<li>50<strong> Joel Mellby<\/strong>, Sverige +2.33<\/li>\n<li>53<strong>\u00a0Gustav Magnusson<\/strong>, Sverige +2.59<\/li>\n<li>73 <strong>Vilgot Reinhold<\/strong>, Sverige +11.59<\/li>\n<li>80<strong>Vilmer Ekman<\/strong>, Sverige +20.29<\/li>\n<\/ul>\n<p><a href=\"https:\/\/procyclingstats.com\/race\/course-de-la-paix-junior\/2024\/stage-4\"><em><strong>Alla resultat fr\u00e5n juniorernas Course De La Paix h\u00e4r!<\/strong><\/em><\/a><\/p>\n<p><em>Text och foto: SCF<\/em><\/p>\n<hr \/>\n<p><em><strong>Svenska Cykelf\u00f6rbundet \u00e4r stolta \u00f6ver att presentera v\u00e5ra samarbetspartners. Tack vare dessa fantastiska f\u00f6retag kan v\u00e5ra cyklister oftare ta sig l\u00e4ngre ut i v\u00e4rlden.<\/strong><\/em><\/p>\n<h2><a href=\"https:\/\/scf.se\/forbundet\/sponsorer\/\"><img loading=\"lazy\" decoding=\"async\" class=\"alignnone size-full wp-image-3872\" src=\"https:\/\/scf.se\/landsvag\/wp-content\/uploads\/sites\/5\/2023\/02\/LiggandeBannerNyheterHemsida2023.png\" alt=\"\" width=\"1200\" height=\"200\" srcset=\"https:\/\/scf.se\/landsvag\/wp-content\/uploads\/sites\/5\/2023\/02\/LiggandeBannerNyheterHemsida2023.png 1200w, https:\/\/scf.se\/landsvag\/wp-content\/uploads\/sites\/5\/2023\/02\/LiggandeBannerNyheterHemsida2023-300x50.png 300w, https:\/\/scf.se\/landsvag\/wp-content\/uploads\/sites\/5\/2023\/02\/LiggandeBannerNyheterHemsida2023-1024x171.png 1024w, https:\/\/scf.se\/landsvag\/wp-content\/uploads\/sites\/5\/2023\/02\/LiggandeBannerNyheterHemsida2023-768x128.png 768w\" sizes=\"auto, (max-width: 1200px) 100vw, 1200px\" \/><\/a><\/h2>\n","protected":false},"excerpt":{"rendered":"<p>Det svenska herrjuniorlaget genomf\u00f6rde Junior Nations Cup-etapploppet Course De La Paix i Tjeckien 2\u20135 p\u00e5 ett fint s\u00e4tt. De fick ocks\u00e5 lovord av f\u00f6rbundskaptenen Lucas Persson. Det avslutades med en snygg femteplats p\u00e5 fj\u00e4rde etappen genom spurtstarke Linus Larsson. F\u00f6lj v\u00e5r rapportering, etapp f\u00f6r etapp, nedan!\u00a0 (Uppdaterad version m\u00e5ndag 09.00.) Svenskarna i Course De<a href=\"https:\/\/scf.se\/landsvag\/tuff-start-pa-nations-cup-i-tjeckien-men-tre-svenska-juniorer-ar-bra-med\/\" class=\"news-card__more\"> &#8230;<\/a><\/p>\n","protected":false},"author":41,"featured_media":5180,"comment_status":"open","ping_status":"open","sticky":false,"template":"","format":"standard","meta":{"_acf_changed":false,"footnotes":""},"categories":[1],"tags":[],"class_list":["post-5176","post","type-post","status-publish","format-standard","hentry","category-landsvag"],"acf":[],"_links":{"self":[{"href":"https:\/\/scf.se\/landsvag\/wp-json\/wp\/v2\/posts\/5176","targetHints":{"allow":["GET"]}}],"collection":[{"href":"https:\/\/scf.se\/landsvag\/wp-json\/wp\/v2\/posts"}],"about":[{"href":"https:\/\/scf.se\/landsvag\/wp-json\/wp\/v2\/types\/post"}],"author":[{"embeddable":true,"href":"https:\/\/scf.se\/landsvag\/wp-json\/wp\/v2\/users\/41"}],"replies":[{"embeddable":true,"href":"https:\/\/scf.se\/landsvag\/wp-json\/wp\/v2\/comments?post=5176"}],"version-history":[{"count":29,"href":"https:\/\/scf.se\/landsvag\/wp-json\/wp\/v2\/posts\/5176\/revisions"}],"predecessor-version":[{"id":5214,"href":"https:\/\/scf.se\/landsvag\/wp-json\/wp\/v2\/posts\/5176\/revisions\/5214"}],"wp:featuredmedia":[{"embeddable":true,"href":"https:\/\/scf.se\/landsvag\/wp-json\/wp\/v2\/media\/5180"}],"wp:attachment":[{"href":"https:\/\/scf.se\/landsvag\/wp-json\/wp\/v2\/media?parent=5176"}],"wp:term":[{"taxonomy":"category","embeddable":true,"href":"https:\/\/scf.se\/landsvag\/wp-json\/wp\/v2\/categories?post=5176"},{"taxonomy":"post_tag","embeddable":true,"href":"https:\/\/scf.se\/landsvag\/wp-json\/wp\/v2\/tags?post=5176"}],"curies":[{"name":"wp","href":"https:\/\/api.w.org\/{rel}","templated":true}]}}