
{"id":5167,"date":"2024-05-02T15:19:53","date_gmt":"2024-05-02T13:19:53","guid":{"rendered":"https:\/\/scf.se\/landsvag\/?p=5167"},"modified":"2024-05-02T15:24:42","modified_gmt":"2024-05-02T13:24:42","slug":"anmal-till-swe-cup-3-gladjande-flera-tavlingar-som-kors","status":"publish","type":"post","link":"https:\/\/scf.se\/landsvag\/anmal-till-swe-cup-3-gladjande-flera-tavlingar-som-kors\/","title":{"rendered":"Anm\u00e4l till SWE Cup #3 \u2013 gl\u00e4djande m\u00e5nga LVG-t\u00e4vlingar som k\u00f6rs i maj"},"content":{"rendered":"<p><strong>Det \u00e4r gl\u00e4djande nog en del st\u00f6rre nationella landsv\u00e4gslopp i maj. Vi laddar givetvis f\u00f6r\u00a0Giro Himledalen som \u00e4r SWE Cup #3 \u2013 k\u00f6rs s\u00f6ndag 19 maj enligt den nya ABC-modellen f\u00f6r att f\u00e5 mera givande klungk\u00f6rning. Redan till helgen det dubbla lopp i J\u00f6nk\u00f6ping \u2013 d\u00e4r Tobias Ludvigsson \u00e4r anm\u00e4ld i l\u00f6rdagens linje. Och s\u00e5 r\u00e4ddar Cogheart Cycle Club Bureloppet, som k\u00f6rs dagen innan SWE Cup.<\/strong><\/p>\n<blockquote><p>\u201dVi vill v\u00e4lkomma Cykelsverige till en ny upplaga av Giro Himledalen och SWE Cup. Det \u00e4r en omtyckt t\u00e4vling och hoppas att v\u00e5rv\u00e4rmen stannar i Sk\u00e4llinge. Som vanligt har vi en lite speciell bana med l\u00e5nga varv. Vi vill ha variation och vi tycker att Giro Himledalen har hittat sin profil med varierande landskap och med en banstr\u00e4ckning som ger deltagarna m\u00e5nga m\u00f6jligheter till att skapa n\u00e5got. Vi tror ocks\u00e5 att banan tilltalar m\u00e5nga olika styrkor hos en cyklist. En mix mellan uth\u00e5llighet och explosivitet\u201d, s\u00e4ger arrangerande Peter Larsson, Cancano Tours och Cogheart Cycle Club i Varberg.<\/p><\/blockquote>\n<a href=\"https:\/\/scf.se\/landsvag\/wp-content\/uploads\/sites\/5\/2024\/05\/IMG_3515.jpg\"><img loading=\"lazy\" decoding=\"async\" class=\"alignnone size-full wp-image-5169\" src=\"https:\/\/scf.se\/landsvag\/wp-content\/uploads\/sites\/5\/2024\/05\/IMG_3515.jpg\" alt=\"\" width=\"1250\" height=\"938\" srcset=\"https:\/\/scf.se\/landsvag\/wp-content\/uploads\/sites\/5\/2024\/05\/IMG_3515.jpg 1250w, https:\/\/scf.se\/landsvag\/wp-content\/uploads\/sites\/5\/2024\/05\/IMG_3515-300x225.jpg 300w, https:\/\/scf.se\/landsvag\/wp-content\/uploads\/sites\/5\/2024\/05\/IMG_3515-1024x768.jpg 1024w, https:\/\/scf.se\/landsvag\/wp-content\/uploads\/sites\/5\/2024\/05\/IMG_3515-768x576.jpg 768w\" sizes=\"auto, (max-width: 1250px) 100vw, 1250px\" \/><\/a>\n<h2>SWE Cup landsv\u00e4g 2024<\/h2>\n<ul>\n<li><strong>Delt\u00e4vling 1:\u00a0<\/strong> 20 april, Kinnekulle Energiloppet \/ Cykelklubben U6.<a href=\"https:\/\/www.sportstiming.se\/event\/13391\/results\"> <b><i>Resultat.<\/i><\/b><\/a><\/li>\n<li><strong>Delt\u00e4vling 2:<\/strong>\u00a0 27 april, Lyngbyloppet\/ Staffanstorps CK, CK Lunedi och CK Ringen. <em><strong><a href=\"https:\/\/www.sportstiming.se\/event\/14115\/results\">Resultat.<\/a><br \/>\n<a href=\"https:\/\/www.sportstiming.se\/event\/14115\/points\">Totalt efter tv\u00e5 delt\u00e4vlingar av SWE Cup landsv\u00e4g ABC.<\/a><\/strong><\/em><\/li>\n<li><strong>Delt\u00e4vling 3:\u00a0<\/strong> 19 maj, Giro Himledalen, Varberg \/ Cogheart Cycle Club Varberg. <a href=\"https:\/\/www.sportstiming.se\/event\/14184\"><em><strong>Anm\u00e4lan och info h\u00e4r!<\/strong><\/em><\/a><\/li>\n<li><strong>Delt\u00e4vling 4:\u00a0<\/strong> 6 juni, Nationaldagslinjet, Vallentuna \/ Stockholm Cykelklubb.<\/li>\n<li><strong>Delt\u00e4vling 5:<\/strong>\u00a0 17 augusti, Skandis Open, Uppsala \/ Upsala Cykelklubb<\/li>\n<li><strong>Delt\u00e4vling 6:<\/strong>\u00a0 8 september, S\u00f6der\u00e5sens linjelopp<\/li>\n<\/ul>\n<h2>SWE Cup ABC-uppl\u00e4gget<\/h2>\n<p>Det nya SWE Cup ABC-uppl\u00e4gget ers\u00e4tter allts\u00e5 helt gamla SWE Cup landsv\u00e4g. H\u00e4r \u00e4r de viktigaste anledningarna till omordningen:<\/p>\n<ul data-editing-info=\"{&quot;orderedStyleType&quot;:1,&quot;unorderedStyleType&quot;:1}\">\n<li>Tanken med denna klassindelning \u00e4r att locka fler cyklister och att g\u00f6ra det l\u00e4ttare f\u00f6r v\u00e5ra arrang\u00f6rer<\/li>\n<li>Med v\u00e5r nya klassindelning s\u00e5 hoppas vi p\u00e5 att locka fler masters dam och herr och fler ungdomar s\u00e5klart. Vi vill att insteget att b\u00f6rja t\u00e4vla ska bli l\u00e4ttare.<\/li>\n<li>St\u00f6rsta skillnaden blir att vi startar upp damer B och herrar C.<\/li>\n<li>Dam B \u00f6ppnar ocks\u00e5 upp f\u00f6r mer master och F15\u201316, herr C \u00f6ppnar upp f\u00f6r mer masters och P15\u201316. Det \u00e4r fritt f\u00f6r cyklister i F15\u201316 att v\u00e4lja mellan att starta i \u00a0i ungdomsklass eller damB och p\u00e5 samma s\u00e4tt P15\u201316 och herrar C.<\/li>\n<li>Ungdomarna startar tillsammans i tv\u00e5 klasser, men man kommer att f\u00e5 pris i sin \u00e5ldersklass.<\/li>\n<li>P\u00e5 sikt s\u00e5 hoppas vi p\u00e5 att vi f\u00e5r fler\u00a0startande.<\/li>\n<\/ul>\n<h3><a href=\"https:\/\/scf.se\/landsvag\/wp-content\/uploads\/sites\/5\/2024\/03\/Forutsattningar-och-instruktioner-SWE-Cup-ABC-Landsvag-2024.pdf\"><em>F\u00f6ruts\u00e4ttningar och instruktioner f\u00f6r SWE Cup landsv\u00e4g 2024, enligt det nya ABC-uppl\u00e4gget.<\/em><\/a><\/h3>\n<h2>Bureloppet r\u00e4ddas och det blir dubbelhelg<\/h2>\n<p><a href=\"https:\/\/www.sportstiming.se\/event\/14423\"><em><strong>Bureloppet<\/strong> <\/em><\/a>KOMMER att k\u00f6ras p\u00e5 l\u00f6rdagen den 18 Maj i Steninge Kyrkby, trots att CK Bure valde tyv\u00e4rr att dra sig ur sitt lopp.<\/p>\n<blockquote><p>&#8221;Vi i Cogheart har tagit \u00f6ver ansvaret och kommer genomf\u00f6ra t\u00e4vlingen. Vi k\u00e4nner att det finns en efterfr\u00e5gan till t\u00e4vlingar l\u00f6rdag och s\u00f6ndag n\u00e4r m\u00e5nga reser lite l\u00e4ngre. Dels det, men Bureloppet har en banstr\u00e4ckning som vi vet fungerar f\u00f6r cykelt\u00e4vling. Det har k\u00f6rts m\u00e5nga tr\u00e4ningst\u00e4vlingar i omr\u00e5det under flera \u00e5r och d\u00e4rf\u00f6r vet vi att det fungerar. Banstr\u00e4ckningen inneh\u00e5ller 3 km grusv\u00e4g p\u00e5 varvet som \u00e4r 13 km. Det kommer st\u00e4lla lite krav p\u00e5 cyklisterna, men som sagt, vi vet att denna v\u00e4g fungerar bra\u201d, s\u00e4ger Peter Larsson.<\/p><\/blockquote>\n<h2>Tobias Ludvigsson k\u00f6r J\u00f6nk\u00f6pings linjelopp p\u00e5 l\u00f6rdag<\/h2>\n<p>Vid J\u00f6nk\u00f6pings Linjelopp l\u00f6rdag 4 maj, d\u00e4r det g\u00e5r bra att <a href=\"https:\/\/www.sportstiming.se\/event\/13491\"><em><strong>efteranm\u00e4la sig<\/strong> <\/em><\/a>tills fredag 23.59, finns gl\u00e4djande nog Schweizproffset och IFHP-cyklisten Tobias Ludvigsson bland de 125 anm\u00e4lda. Dessutom finns det GP-lopp p\u00e5 s\u00f6ndagen f\u00f6r den som vill dubbla.<\/p>\n<p><em>Text och foto: SCF<\/em><\/p>\n<hr \/>\n<p><em><strong>Svenska Cykelf\u00f6rbundet \u00e4r stolta \u00f6ver att presentera v\u00e5ra samarbetspartners. Tack vare dessa fantastiska f\u00f6retag kan v\u00e5ra cyklister oftare ta sig l\u00e4ngre ut i v\u00e4rlden.<\/strong><\/em><\/p>\n<h2><a href=\"https:\/\/scf.se\/forbundet\/sponsorer\/\"><img loading=\"lazy\" decoding=\"async\" class=\"alignnone size-full wp-image-3872\" src=\"https:\/\/scf.se\/landsvag\/wp-content\/uploads\/sites\/5\/2023\/02\/LiggandeBannerNyheterHemsida2023.png\" alt=\"\" width=\"1200\" height=\"200\" srcset=\"https:\/\/scf.se\/landsvag\/wp-content\/uploads\/sites\/5\/2023\/02\/LiggandeBannerNyheterHemsida2023.png 1200w, https:\/\/scf.se\/landsvag\/wp-content\/uploads\/sites\/5\/2023\/02\/LiggandeBannerNyheterHemsida2023-300x50.png 300w, https:\/\/scf.se\/landsvag\/wp-content\/uploads\/sites\/5\/2023\/02\/LiggandeBannerNyheterHemsida2023-1024x171.png 1024w, https:\/\/scf.se\/landsvag\/wp-content\/uploads\/sites\/5\/2023\/02\/LiggandeBannerNyheterHemsida2023-768x128.png 768w\" sizes=\"auto, (max-width: 1200px) 100vw, 1200px\" \/><\/a><\/h2>\n","protected":false},"excerpt":{"rendered":"<p>Det \u00e4r gl\u00e4djande nog en del st\u00f6rre nationella landsv\u00e4gslopp i maj. Vi laddar givetvis f\u00f6r\u00a0Giro Himledalen som \u00e4r SWE Cup #3 \u2013 k\u00f6rs s\u00f6ndag 19 maj enligt den nya ABC-modellen f\u00f6r att f\u00e5 mera givande klungk\u00f6rning. Redan till helgen det dubbla lopp i J\u00f6nk\u00f6ping \u2013 d\u00e4r Tobias Ludvigsson \u00e4r anm\u00e4ld i l\u00f6rdagens linje. Och<a href=\"https:\/\/scf.se\/landsvag\/anmal-till-swe-cup-3-gladjande-flera-tavlingar-som-kors\/\" class=\"news-card__more\"> &#8230;<\/a><\/p>\n","protected":false},"author":41,"featured_media":5170,"comment_status":"open","ping_status":"open","sticky":false,"template":"","format":"standard","meta":{"_acf_changed":false,"footnotes":""},"categories":[1],"tags":[],"class_list":["post-5167","post","type-post","status-publish","format-standard","hentry","category-landsvag"],"acf":[],"_links":{"self":[{"href":"https:\/\/scf.se\/landsvag\/wp-json\/wp\/v2\/posts\/5167","targetHints":{"allow":["GET"]}}],"collection":[{"href":"https:\/\/scf.se\/landsvag\/wp-json\/wp\/v2\/posts"}],"about":[{"href":"https:\/\/scf.se\/landsvag\/wp-json\/wp\/v2\/types\/post"}],"author":[{"embeddable":true,"href":"https:\/\/scf.se\/landsvag\/wp-json\/wp\/v2\/users\/41"}],"replies":[{"embeddable":true,"href":"https:\/\/scf.se\/landsvag\/wp-json\/wp\/v2\/comments?post=5167"}],"version-history":[{"count":4,"href":"https:\/\/scf.se\/landsvag\/wp-json\/wp\/v2\/posts\/5167\/revisions"}],"predecessor-version":[{"id":5174,"href":"https:\/\/scf.se\/landsvag\/wp-json\/wp\/v2\/posts\/5167\/revisions\/5174"}],"wp:featuredmedia":[{"embeddable":true,"href":"https:\/\/scf.se\/landsvag\/wp-json\/wp\/v2\/media\/5170"}],"wp:attachment":[{"href":"https:\/\/scf.se\/landsvag\/wp-json\/wp\/v2\/media?parent=5167"}],"wp:term":[{"taxonomy":"category","embeddable":true,"href":"https:\/\/scf.se\/landsvag\/wp-json\/wp\/v2\/categories?post=5167"},{"taxonomy":"post_tag","embeddable":true,"href":"https:\/\/scf.se\/landsvag\/wp-json\/wp\/v2\/tags?post=5167"}],"curies":[{"name":"wp","href":"https:\/\/api.w.org\/{rel}","templated":true}]}}