
{"id":5076,"date":"2024-04-26T17:35:44","date_gmt":"2024-04-26T15:35:44","guid":{"rendered":"https:\/\/scf.se\/landsvag\/?p=5076"},"modified":"2024-04-28T11:16:16","modified_gmt":"2024-04-28T09:16:16","slug":"bra-tempolopp-av-ebba-och-mika-i-sen-soloutbrytning-i-gracia-orlova-tour","status":"publish","type":"post","link":"https:\/\/scf.se\/landsvag\/bra-tempolopp-av-ebba-och-mika-i-sen-soloutbrytning-i-gracia-orlova-tour\/","title":{"rendered":"Bra tempolopp av Ebba och Mika i sen soloutbrytning p\u00e5 dubbeletapp"},"content":{"rendered":"<p><strong>L\u00f6rdagen i Gracia Orlov\u00e1 Tour inneh\u00f6ll tv\u00e5 etapper och kommer sannolikt ocks\u00e5 bli mycket avg\u00f6rande n\u00e4r vi summerar det tjeckiska etapploppet. Chanserna till en svensk topp fem-placering minskade radikalt efter morgonens korta tempolopp. Nu gjorde Mika S\u00f6derstr\u00f6m ett mycket bra f\u00f6rs\u00f6k att f\u00e5 tillbaka det d\u00e4r l\u00e4get efter en sen soloutbrytning p\u00e5 den efterf\u00f6ljande etappen.<\/strong><\/p>\n<a href=\"https:\/\/scf.se\/landsvag\/wp-content\/uploads\/sites\/5\/2024\/04\/wSON02973.jpg\"><img loading=\"lazy\" decoding=\"async\" class=\"alignnone size-full wp-image-5108\" src=\"https:\/\/scf.se\/landsvag\/wp-content\/uploads\/sites\/5\/2024\/04\/wSON02973.jpg\" alt=\"\" width=\"2100\" height=\"1401\" srcset=\"https:\/\/scf.se\/landsvag\/wp-content\/uploads\/sites\/5\/2024\/04\/wSON02973.jpg 2100w, https:\/\/scf.se\/landsvag\/wp-content\/uploads\/sites\/5\/2024\/04\/wSON02973-300x200.jpg 300w, https:\/\/scf.se\/landsvag\/wp-content\/uploads\/sites\/5\/2024\/04\/wSON02973-1024x683.jpg 1024w, https:\/\/scf.se\/landsvag\/wp-content\/uploads\/sites\/5\/2024\/04\/wSON02973-768x512.jpg 768w, https:\/\/scf.se\/landsvag\/wp-content\/uploads\/sites\/5\/2024\/04\/wSON02973-1536x1025.jpg 1536w, https:\/\/scf.se\/landsvag\/wp-content\/uploads\/sites\/5\/2024\/04\/wSON02973-2048x1366.jpg 2048w\" sizes=\"auto, (max-width: 2100px) 100vw, 2100px\" \/><\/a>\n<p>Ebba Granqvist var n\u00e4sta svenska p\u00e5 det inledande 13,5 kilometer l\u00e5nga tempoloppet. Karin S\u00f6derqvist k\u00f6rde helt okej men sj\u00f6nk fr\u00e5n plats 6 till 17 i totalen.<\/p>\n<a href=\"https:\/\/scf.se\/landsvag\/wp-content\/uploads\/sites\/5\/2024\/04\/wSON03485.jpg\"><img loading=\"lazy\" decoding=\"async\" class=\"alignnone size-full wp-image-5107\" src=\"https:\/\/scf.se\/landsvag\/wp-content\/uploads\/sites\/5\/2024\/04\/wSON03485.jpg\" alt=\"\" width=\"2100\" height=\"1401\" srcset=\"https:\/\/scf.se\/landsvag\/wp-content\/uploads\/sites\/5\/2024\/04\/wSON03485.jpg 2100w, https:\/\/scf.se\/landsvag\/wp-content\/uploads\/sites\/5\/2024\/04\/wSON03485-300x200.jpg 300w, https:\/\/scf.se\/landsvag\/wp-content\/uploads\/sites\/5\/2024\/04\/wSON03485-1024x683.jpg 1024w, https:\/\/scf.se\/landsvag\/wp-content\/uploads\/sites\/5\/2024\/04\/wSON03485-768x512.jpg 768w, https:\/\/scf.se\/landsvag\/wp-content\/uploads\/sites\/5\/2024\/04\/wSON03485-1536x1025.jpg 1536w, https:\/\/scf.se\/landsvag\/wp-content\/uploads\/sites\/5\/2024\/04\/wSON03485-2048x1366.jpg 2048w\" sizes=\"auto, (max-width: 2100px) 100vw, 2100px\" \/><\/a>\n<blockquote><p>&#8221;Starkt tempo av Ebba. Karin var inte\u00a0 alls n\u00f6jd med sitt lopp efter\u00e5t men vissa dagar p\u00e5 etapplopphar man inte benen&#8221;, inflikar assisterande f\u00f6rbundskaptenen Alexander Wetterhall.<\/p><\/blockquote>\n<p>I eftermiddagens GP-lopp gick Mika S\u00f6derstr\u00f6m (\u00f6versta bilden), so k\u00f6rde tempot p\u00e5 sin vanliga racerhoj, loss solo med 6 kilometer kvar. Knappa fyra kilometer senare var hon inh\u00e4mtad av klungan. Det \u00e4r givetvis rej\u00e4lt sv\u00e5rt att g\u00e5 hem med en s\u00e5dan utbrytning med samlad klunga d\u00e4r lagen med toppkandidater vill \u00e5t bonussekunderna i spurten.<\/p>\n<blockquote><p>&#8221;Mika k\u00e4nde sig stark och testade. Det var ett riktigt bra f\u00f6rs\u00f6k och visar att laget hela tiden vill vara med och t\u00e4vla. Sedan \u00e4r det inget att s\u00e4ga om att det inte h\u00f6ll hela v\u00e4gen&#8221;, s\u00e4ger Wetterhall.<\/p><\/blockquote>\n<a href=\"https:\/\/scf.se\/landsvag\/wp-content\/uploads\/sites\/5\/2024\/04\/wSON03968.jpg\"><img loading=\"lazy\" decoding=\"async\" class=\"alignnone size-full wp-image-5109\" src=\"https:\/\/scf.se\/landsvag\/wp-content\/uploads\/sites\/5\/2024\/04\/wSON03968.jpg\" alt=\"\" width=\"2100\" height=\"1401\" srcset=\"https:\/\/scf.se\/landsvag\/wp-content\/uploads\/sites\/5\/2024\/04\/wSON03968.jpg 2100w, https:\/\/scf.se\/landsvag\/wp-content\/uploads\/sites\/5\/2024\/04\/wSON03968-300x200.jpg 300w, https:\/\/scf.se\/landsvag\/wp-content\/uploads\/sites\/5\/2024\/04\/wSON03968-1024x683.jpg 1024w, https:\/\/scf.se\/landsvag\/wp-content\/uploads\/sites\/5\/2024\/04\/wSON03968-768x512.jpg 768w, https:\/\/scf.se\/landsvag\/wp-content\/uploads\/sites\/5\/2024\/04\/wSON03968-1536x1025.jpg 1536w, https:\/\/scf.se\/landsvag\/wp-content\/uploads\/sites\/5\/2024\/04\/wSON03968-2048x1366.jpg 2048w\" sizes=\"auto, (max-width: 2100px) 100vw, 2100px\" \/><\/a>\n<p>Alla de kvarvarande svenska cyklisterna gick i m\u00e5l med klungan och Ella Wahlstr\u00f6m var b\u00e4st placerad f\u00f6r dagen, plats 44 n\u00e4rmare best\u00e4mt.<\/p>\n<a href=\"https:\/\/scf.se\/landsvag\/wp-content\/uploads\/sites\/5\/2024\/04\/wSON03913.jpg\"><img loading=\"lazy\" decoding=\"async\" class=\"alignnone size-full wp-image-5110\" src=\"https:\/\/scf.se\/landsvag\/wp-content\/uploads\/sites\/5\/2024\/04\/wSON03913.jpg\" alt=\"\" width=\"2100\" height=\"1401\" srcset=\"https:\/\/scf.se\/landsvag\/wp-content\/uploads\/sites\/5\/2024\/04\/wSON03913.jpg 2100w, https:\/\/scf.se\/landsvag\/wp-content\/uploads\/sites\/5\/2024\/04\/wSON03913-300x200.jpg 300w, https:\/\/scf.se\/landsvag\/wp-content\/uploads\/sites\/5\/2024\/04\/wSON03913-1024x683.jpg 1024w, https:\/\/scf.se\/landsvag\/wp-content\/uploads\/sites\/5\/2024\/04\/wSON03913-768x512.jpg 768w, https:\/\/scf.se\/landsvag\/wp-content\/uploads\/sites\/5\/2024\/04\/wSON03913-1536x1025.jpg 1536w, https:\/\/scf.se\/landsvag\/wp-content\/uploads\/sites\/5\/2024\/04\/wSON03913-2048x1366.jpg 2048w\" sizes=\"auto, (max-width: 2100px) 100vw, 2100px\" \/><\/a>\n<p>Stabilt GP-lopp, men stolpe ut sett till denna l\u00f6rdag f\u00f6r det mestadels unga och r\u00e4tt oerfarna laget som f\u00e5r mycket l\u00e4ropengar av att befinna sig i de h\u00e4r situationerna.<\/p>\n<a href=\"https:\/\/scf.se\/landsvag\/wp-content\/uploads\/sites\/5\/2024\/04\/wSON03990.jpg\"><img loading=\"lazy\" decoding=\"async\" class=\"alignnone size-full wp-image-5106\" src=\"https:\/\/scf.se\/landsvag\/wp-content\/uploads\/sites\/5\/2024\/04\/wSON03990.jpg\" alt=\"\" width=\"2100\" height=\"1401\" srcset=\"https:\/\/scf.se\/landsvag\/wp-content\/uploads\/sites\/5\/2024\/04\/wSON03990.jpg 2100w, https:\/\/scf.se\/landsvag\/wp-content\/uploads\/sites\/5\/2024\/04\/wSON03990-300x200.jpg 300w, https:\/\/scf.se\/landsvag\/wp-content\/uploads\/sites\/5\/2024\/04\/wSON03990-1024x683.jpg 1024w, https:\/\/scf.se\/landsvag\/wp-content\/uploads\/sites\/5\/2024\/04\/wSON03990-768x512.jpg 768w, https:\/\/scf.se\/landsvag\/wp-content\/uploads\/sites\/5\/2024\/04\/wSON03990-1536x1025.jpg 1536w, https:\/\/scf.se\/landsvag\/wp-content\/uploads\/sites\/5\/2024\/04\/wSON03990-2048x1366.jpg 2048w\" sizes=\"auto, (max-width: 2100px) 100vw, 2100px\" \/><\/a>\n<p>Nya f\u00f6rs\u00f6k att g\u00f6ra n\u00e5got att v\u00e4nta under s\u00f6ndagen d\u00e4r vi har Karin S\u00f6derqvist som fortsatt nummer 17 med 1.40 upp till t\u00e4t i totalen, Ebba Granqvist upp p\u00e5 plats 40 och Mika S\u00f6derstr\u00f6m 43:a. De \u00e4r tre minuter efter tyskan Corinna Lechner, som snodde den gula ledartr\u00f6jan av starka spurtaren Mirre Knaven fr\u00e5n Nederl\u00e4nderna under tempot.<\/p>\n<h3>Gracia Orlov\u00e1 tour tredje etappen<\/h3>\n<ul>\n<li>1 <strong>Tabea Huys,<\/strong> \u00d6sterrike<\/li>\n<li>2<strong> Corinna Lechner,<\/strong> Tyskland +0.20<\/li>\n<li>12<strong> Ebba Granqvist,<\/strong> Sverige +0.42<\/li>\n<li>40<strong> Karin S\u00f6derqvist,<\/strong> Sverige +1.37<\/li>\n<li>51 <strong>Anna S\u00f6derqvist<\/strong>, Sverige +1.53<\/li>\n<li>52 <strong>Ella Wahlstr\u00f6m,<\/strong> Sverige\u00a0+1.53<\/li>\n<li>61 <strong>Mika S\u00f6derstr\u00f6m<\/strong>, Sverige +2.03<\/li>\n<li>107<strong>\u00a0Matilda Frantzich<\/strong>, Sydbank BACH Advokater +3.20<\/li>\n<\/ul>\n<a href=\"https:\/\/scf.se\/landsvag\/wp-content\/uploads\/sites\/5\/2024\/04\/wSON03970.jpg\"><img loading=\"lazy\" decoding=\"async\" class=\"alignnone size-full wp-image-5112\" src=\"https:\/\/scf.se\/landsvag\/wp-content\/uploads\/sites\/5\/2024\/04\/wSON03970.jpg\" alt=\"\" width=\"2100\" height=\"1401\" srcset=\"https:\/\/scf.se\/landsvag\/wp-content\/uploads\/sites\/5\/2024\/04\/wSON03970.jpg 2100w, https:\/\/scf.se\/landsvag\/wp-content\/uploads\/sites\/5\/2024\/04\/wSON03970-300x200.jpg 300w, https:\/\/scf.se\/landsvag\/wp-content\/uploads\/sites\/5\/2024\/04\/wSON03970-1024x683.jpg 1024w, https:\/\/scf.se\/landsvag\/wp-content\/uploads\/sites\/5\/2024\/04\/wSON03970-768x512.jpg 768w, https:\/\/scf.se\/landsvag\/wp-content\/uploads\/sites\/5\/2024\/04\/wSON03970-1536x1025.jpg 1536w, https:\/\/scf.se\/landsvag\/wp-content\/uploads\/sites\/5\/2024\/04\/wSON03970-2048x1366.jpg 2048w\" sizes=\"auto, (max-width: 2100px) 100vw, 2100px\" \/><\/a> <a href=\"https:\/\/scf.se\/landsvag\/wp-content\/uploads\/sites\/5\/2024\/04\/wSON03966.jpg\"><img loading=\"lazy\" decoding=\"async\" class=\"alignnone size-full wp-image-5113\" src=\"https:\/\/scf.se\/landsvag\/wp-content\/uploads\/sites\/5\/2024\/04\/wSON03966.jpg\" alt=\"\" width=\"2100\" height=\"1401\" srcset=\"https:\/\/scf.se\/landsvag\/wp-content\/uploads\/sites\/5\/2024\/04\/wSON03966.jpg 2100w, https:\/\/scf.se\/landsvag\/wp-content\/uploads\/sites\/5\/2024\/04\/wSON03966-300x200.jpg 300w, https:\/\/scf.se\/landsvag\/wp-content\/uploads\/sites\/5\/2024\/04\/wSON03966-1024x683.jpg 1024w, https:\/\/scf.se\/landsvag\/wp-content\/uploads\/sites\/5\/2024\/04\/wSON03966-768x512.jpg 768w, https:\/\/scf.se\/landsvag\/wp-content\/uploads\/sites\/5\/2024\/04\/wSON03966-1536x1025.jpg 1536w, https:\/\/scf.se\/landsvag\/wp-content\/uploads\/sites\/5\/2024\/04\/wSON03966-2048x1366.jpg 2048w\" sizes=\"auto, (max-width: 2100px) 100vw, 2100px\" \/><\/a> <a href=\"https:\/\/scf.se\/landsvag\/wp-content\/uploads\/sites\/5\/2024\/04\/wSON03816.jpg\"><img loading=\"lazy\" decoding=\"async\" class=\"alignnone size-full wp-image-5114\" src=\"https:\/\/scf.se\/landsvag\/wp-content\/uploads\/sites\/5\/2024\/04\/wSON03816.jpg\" alt=\"\" width=\"2100\" height=\"1401\" srcset=\"https:\/\/scf.se\/landsvag\/wp-content\/uploads\/sites\/5\/2024\/04\/wSON03816.jpg 2100w, https:\/\/scf.se\/landsvag\/wp-content\/uploads\/sites\/5\/2024\/04\/wSON03816-300x200.jpg 300w, https:\/\/scf.se\/landsvag\/wp-content\/uploads\/sites\/5\/2024\/04\/wSON03816-1024x683.jpg 1024w, https:\/\/scf.se\/landsvag\/wp-content\/uploads\/sites\/5\/2024\/04\/wSON03816-768x512.jpg 768w, https:\/\/scf.se\/landsvag\/wp-content\/uploads\/sites\/5\/2024\/04\/wSON03816-1536x1025.jpg 1536w, https:\/\/scf.se\/landsvag\/wp-content\/uploads\/sites\/5\/2024\/04\/wSON03816-2048x1366.jpg 2048w\" sizes=\"auto, (max-width: 2100px) 100vw, 2100px\" \/><\/a> <a href=\"https:\/\/scf.se\/landsvag\/wp-content\/uploads\/sites\/5\/2024\/04\/wSON03762.jpg\"><img loading=\"lazy\" decoding=\"async\" class=\"alignnone size-full wp-image-5115\" src=\"https:\/\/scf.se\/landsvag\/wp-content\/uploads\/sites\/5\/2024\/04\/wSON03762.jpg\" alt=\"\" width=\"2100\" height=\"1401\" srcset=\"https:\/\/scf.se\/landsvag\/wp-content\/uploads\/sites\/5\/2024\/04\/wSON03762.jpg 2100w, https:\/\/scf.se\/landsvag\/wp-content\/uploads\/sites\/5\/2024\/04\/wSON03762-300x200.jpg 300w, https:\/\/scf.se\/landsvag\/wp-content\/uploads\/sites\/5\/2024\/04\/wSON03762-1024x683.jpg 1024w, https:\/\/scf.se\/landsvag\/wp-content\/uploads\/sites\/5\/2024\/04\/wSON03762-768x512.jpg 768w, https:\/\/scf.se\/landsvag\/wp-content\/uploads\/sites\/5\/2024\/04\/wSON03762-1536x1025.jpg 1536w, https:\/\/scf.se\/landsvag\/wp-content\/uploads\/sites\/5\/2024\/04\/wSON03762-2048x1366.jpg 2048w\" sizes=\"auto, (max-width: 2100px) 100vw, 2100px\" \/><\/a> <a href=\"https:\/\/scf.se\/landsvag\/wp-content\/uploads\/sites\/5\/2024\/04\/wDSC01392.jpg\"><img loading=\"lazy\" decoding=\"async\" class=\"alignnone size-full wp-image-5116\" src=\"https:\/\/scf.se\/landsvag\/wp-content\/uploads\/sites\/5\/2024\/04\/wDSC01392.jpg\" alt=\"\" width=\"2100\" height=\"1400\" srcset=\"https:\/\/scf.se\/landsvag\/wp-content\/uploads\/sites\/5\/2024\/04\/wDSC01392.jpg 2100w, https:\/\/scf.se\/landsvag\/wp-content\/uploads\/sites\/5\/2024\/04\/wDSC01392-300x200.jpg 300w, https:\/\/scf.se\/landsvag\/wp-content\/uploads\/sites\/5\/2024\/04\/wDSC01392-1024x683.jpg 1024w, https:\/\/scf.se\/landsvag\/wp-content\/uploads\/sites\/5\/2024\/04\/wDSC01392-768x512.jpg 768w, https:\/\/scf.se\/landsvag\/wp-content\/uploads\/sites\/5\/2024\/04\/wDSC01392-1536x1024.jpg 1536w, https:\/\/scf.se\/landsvag\/wp-content\/uploads\/sites\/5\/2024\/04\/wDSC01392-2048x1365.jpg 2048w\" sizes=\"auto, (max-width: 2100px) 100vw, 2100px\" \/><\/a>\n<h3>Gracia Orlov\u00e1 tour fj\u00e4rde etappen<\/h3>\n<ul>\n<li>1 <strong>Emma Jeffers<\/strong>, Storbritannien<\/li>\n<li>2 <strong>Mirre Knaven<\/strong>, Nederl\u00e4nderna +0<\/li>\n<li>44 <strong>Ella Wahlstr\u00f6m,<\/strong> Sverige +0<\/li>\n<li>58<strong> Karin S\u00f6derqvist,<\/strong> Sverige +0<\/li>\n<li>68 <strong>Anna S\u00f6derqvist<\/strong>, Sverige +7.30<\/li>\n<li>89 <strong>Mika S\u00f6derstr\u00f6m<\/strong>, Sverige +0<\/li>\n<li>94<strong> Ebba Granqvist,<\/strong> Sverige +0<\/li>\n<li>DNF<strong> Matilda Frantzich<\/strong>, Sydbank BACH Advokater<\/li>\n<\/ul>\n<div class=\"top-cont\">\n<div id=\"r89-desktop-takeover-0-wrapper\">\n<div data-google-query-id=\"CMPo9dyR4IUDFefuOwIdAgoMzQ\"><em>Text: SCF<\/em><\/div>\n<div id=\"r89-desktop-takeover-0\" data-google-query-id=\"CMPo9dyR4IUDFefuOwIdAgoMzQ\"><em>Foto: Dalibor Val\u00e9k<\/em><\/div>\n<\/div>\n<\/div>\n<h3>* * *<\/h3>\n<h2>Nytt ambiti\u00f6st lagjobb p\u00e5 andra etappen och Karin S\u00f6derqvist sexa d\u00e5<\/h2>\n<p><strong>Det mestadels unga svenska laget var fortfarande med och t\u00e4vlade bra med en cyklist med t\u00e4tk\u00e4nning efter andra etappen av Gracia Orlov\u00e1 tour. Karin S\u00f6derqvist <\/strong><strong>gick i m\u00e5l med gruppen som g\u00f6r upp om totalsegern, \u00e5tta p\u00e5 etappen \u2013 och sexa i totalen.<\/strong><em>\u00a0<\/em><\/p>\n<p>D\u00e4rmed \u00e4r Karin S\u00f6derqvist sexa i totalen och fyra i ungdomst\u00e4vlingen inf\u00f6r l\u00f6rdagens dubbeletapp. Mika S\u00f6derstr\u00f6m, som var med och satte upp Karin i utbrytningen \u00f6ver bergsetappens andra stigning, finns tidsm\u00e4ssigt hyfsat med sj\u00e4lv ocks\u00e5 med 1.29 upp till t\u00e4ten.<\/p>\n<a href=\"https:\/\/scf.se\/landsvag\/wp-content\/uploads\/sites\/5\/2024\/04\/wSON02462.jpg\"><img loading=\"lazy\" decoding=\"async\" class=\"alignnone size-full wp-image-5096\" src=\"https:\/\/scf.se\/landsvag\/wp-content\/uploads\/sites\/5\/2024\/04\/wSON02462.jpg\" alt=\"\" width=\"1401\" height=\"2100\" srcset=\"https:\/\/scf.se\/landsvag\/wp-content\/uploads\/sites\/5\/2024\/04\/wSON02462.jpg 1401w, https:\/\/scf.se\/landsvag\/wp-content\/uploads\/sites\/5\/2024\/04\/wSON02462-200x300.jpg 200w, https:\/\/scf.se\/landsvag\/wp-content\/uploads\/sites\/5\/2024\/04\/wSON02462-683x1024.jpg 683w, https:\/\/scf.se\/landsvag\/wp-content\/uploads\/sites\/5\/2024\/04\/wSON02462-768x1151.jpg 768w, https:\/\/scf.se\/landsvag\/wp-content\/uploads\/sites\/5\/2024\/04\/wSON02462-1025x1536.jpg 1025w, https:\/\/scf.se\/landsvag\/wp-content\/uploads\/sites\/5\/2024\/04\/wSON02462-1366x2048.jpg 1366w\" sizes=\"auto, (max-width: 1401px) 100vw, 1401px\" \/><\/a>\n<blockquote><p>&#8221;Den h\u00f6gsta toppen var det f\u00f6r mycket sn\u00f6 p\u00e5 s\u00e5 de fick tyv\u00e4rr dra om banan. Vi hade som taktik att s\u00e4tta h\u00e5rt tryck p\u00e5 de andra lagen i den andra stigningen och den taktiken lyckades ocks\u00e5 s\u00e5 till vida att Karin, som k\u00f6rde med gl\u00e4djande bra sj\u00e4lvf\u00f6rtroende efter g\u00e5rdagens fina etapp, gick med \u00f6ver toppen i en grupp om 14 cyklister&#8221;, s\u00e4ger assisterande f\u00f6rbundskaptenen Alexander Wetterhall.<\/p><\/blockquote>\n<p>Gruppen lyckades skapa en lucka p\u00e5 21 sekunder till huvudklungan. Positivt f\u00f6r Karin som kunde g\u00e5 i m\u00e5l med denna f\u00f6rstagrupp. Mirre Knaven, som vann etappen, lyckades ocks\u00e5 samla ihop extra bonussekunder under loppet vilket st\u00e4rkte hennes totala ledning.<\/p>\n<p>Karin tappade tv\u00e5 placeringar i sammandraget, men \u00e4r fortfarande med i kampen om podieplatserna, \u00e5tta sekunder upp till Ur\u0161ka Pntar p\u00e5 tredjeplatsen. Slovenskan var hela tiden bra framme p\u00e5 denna etapp, passerade S\u00f6derqvist i sammandraget och blir att r\u00e4kna med.<\/p>\n<h3>Gracia Orlov\u00e1 tour andra etappen<\/h3>\n<ul>\n<li>1 <strong>Mirre Knaven<\/strong>, Nederl\u00e4nderna 2.43.20<\/li>\n<li>2 <strong>Xaydee van Sinaey,<\/strong> Belgien +0<\/li>\n<li>3 <strong>Corinna Lechner,<\/strong> Tyskland +0<\/li>\n<li>8<strong> Karin S\u00f6derqvist,<\/strong> Sverige +0<\/li>\n<li>41 <strong>Mika S\u00f6derstr\u00f6m<\/strong>, Sverige +0.21<\/li>\n<li>56 <strong>Ebba Granqvist,<\/strong> Sverige +1.16<\/li>\n<li>100 <strong>Anna S\u00f6derqvist<\/strong>, Sverige +7.30<\/li>\n<li>102 <strong>Ella Wahlstr\u00f6m,<\/strong> Sverige +3.47<\/li>\n<li>110<strong>\u00a0Matilda Frantzich<\/strong>, Team Sydbank BACH Advokater +9.43<\/li>\n<li>DNF <strong>Tilde Hammarstr\u00f6m<\/strong>, Sverige (sjuk med hosta under etapp)<\/li>\n<\/ul>\n<a href=\"https:\/\/scf.se\/landsvag\/wp-content\/uploads\/sites\/5\/2024\/04\/wSON02266.jpg\"><img loading=\"lazy\" decoding=\"async\" class=\"alignnone size-full wp-image-5095\" src=\"https:\/\/scf.se\/landsvag\/wp-content\/uploads\/sites\/5\/2024\/04\/wSON02266.jpg\" alt=\"\" width=\"2100\" height=\"1401\" srcset=\"https:\/\/scf.se\/landsvag\/wp-content\/uploads\/sites\/5\/2024\/04\/wSON02266.jpg 2100w, https:\/\/scf.se\/landsvag\/wp-content\/uploads\/sites\/5\/2024\/04\/wSON02266-300x200.jpg 300w, https:\/\/scf.se\/landsvag\/wp-content\/uploads\/sites\/5\/2024\/04\/wSON02266-1024x683.jpg 1024w, https:\/\/scf.se\/landsvag\/wp-content\/uploads\/sites\/5\/2024\/04\/wSON02266-768x512.jpg 768w, https:\/\/scf.se\/landsvag\/wp-content\/uploads\/sites\/5\/2024\/04\/wSON02266-1536x1025.jpg 1536w, https:\/\/scf.se\/landsvag\/wp-content\/uploads\/sites\/5\/2024\/04\/wSON02266-2048x1366.jpg 2048w\" sizes=\"auto, (max-width: 2100px) 100vw, 2100px\" \/><\/a>\n<h3>Gracia Orlov\u00e1 tour efter andra etappen<\/h3>\n<ul>\n<li>1 <strong>Corinna Lechner,<\/strong> Tyskland<\/li>\n<li>2 <strong>Lore de Schepper<\/strong>, Belgien +0.13<\/li>\n<li>3 <strong>Ur\u0161ka Pntar<\/strong>, Solvenien +0.15<\/li>\n<li>6<strong> Karin S\u00f6derqvist,<\/strong> Sverige +0.23<\/li>\n<li>42 <strong>Mika S\u00f6derstr\u00f6m<\/strong>, Sverige +1.29<\/li>\n<li>52 <strong>Ebba Granqvist,<\/strong> Sverige +2.39<\/li>\n<li>102 <strong>Ella Wahlstr\u00f6m,<\/strong> Sverige +11:36<\/li>\n<li>107<strong> Matilda Frantzich<\/strong>, Team Sydbank BACH Advokater +13.12<\/li>\n<li>110 <strong>Anna S\u00f6derqvist<\/strong>, Sverige +13.42<\/li>\n<li>DNF <strong>Tilde Hammarstr\u00f6m<\/strong>, Sverige<\/li>\n<\/ul>\n<div class=\"top-cont\">\n<div id=\"r89-desktop-takeover-0-wrapper\">\n<div id=\"r89-desktop-takeover-0\" data-google-query-id=\"CMPo9dyR4IUDFefuOwIdAgoMzQ\"><em>Text: SCF<\/em><br \/>\n<em>Foto: Dalibor Val\u00e9k<\/em><\/div>\n<\/div>\n<\/div>\n<div class=\"page-content page-object default \" data-no_menu=\"1\">\n<div class=\"w100 \">\n<div class=\"w68 left mb_w100\"><\/div>\n<\/div>\n<\/div>\n<h3>* * *<\/h3>\n<h2><a href=\"https:\/\/scf.se\/landsvag\/wp-content\/uploads\/sites\/5\/2024\/04\/wDSC01246.jpg\"><img loading=\"lazy\" decoding=\"async\" class=\"alignnone size-full wp-image-5083\" src=\"https:\/\/scf.se\/landsvag\/wp-content\/uploads\/sites\/5\/2024\/04\/wDSC01246.jpg\" alt=\"\" width=\"2100\" height=\"1400\" srcset=\"https:\/\/scf.se\/landsvag\/wp-content\/uploads\/sites\/5\/2024\/04\/wDSC01246.jpg 2100w, https:\/\/scf.se\/landsvag\/wp-content\/uploads\/sites\/5\/2024\/04\/wDSC01246-300x200.jpg 300w, https:\/\/scf.se\/landsvag\/wp-content\/uploads\/sites\/5\/2024\/04\/wDSC01246-1024x683.jpg 1024w, https:\/\/scf.se\/landsvag\/wp-content\/uploads\/sites\/5\/2024\/04\/wDSC01246-768x512.jpg 768w, https:\/\/scf.se\/landsvag\/wp-content\/uploads\/sites\/5\/2024\/04\/wDSC01246-1536x1024.jpg 1536w, https:\/\/scf.se\/landsvag\/wp-content\/uploads\/sites\/5\/2024\/04\/wDSC01246-2048x1365.jpg 2048w\" sizes=\"auto, (max-width: 2100px) 100vw, 2100px\" \/><\/a><\/h2>\n<h2>Karin S\u00f6derqvist fyra p\u00e5 f\u00f6rsta etappen efter snyggt lagarbete<\/h2>\n<blockquote><p>&#8221;Tjejerna hittade varandra j\u00e4ttebra med tanke p\u00e5 att det \u00e4r ett ungt lag och hur lite de har k\u00f6rt tillsammans. De lyckades ocks\u00e5 med huvuduppgiften: s\u00e4tta upp Karin S\u00f6derqvist i ett bra l\u00e4ge inf\u00f6r finalen. Kul d\u00e5 ocks\u00e5 att Karin levererade en fj\u00e4rdeplats. Riktigt kul att se.&#8221;<\/p><\/blockquote>\n<p>S\u00e5 sammanfattar assisterande f\u00f6rbundskaptenen Alexander Wetterhall f\u00f6rsta etappen av Gracia Orlov\u00e1 tour.<\/p>\n<p>Karin S\u00f6derqvist var fyra i m\u00e5l i f\u00f6rsta etappen d\u00e4r det var m\u00e5lg\u00e5ng uppf\u00f6r och hela tiden nya tider. Sedan satte laget upp henne i bra position igen<\/p>\n<a href=\"https:\/\/scf.se\/landsvag\/wp-content\/uploads\/sites\/5\/2024\/04\/wSON020201.jpg\"><img loading=\"lazy\" decoding=\"async\" class=\"alignnone size-full wp-image-5088\" src=\"https:\/\/scf.se\/landsvag\/wp-content\/uploads\/sites\/5\/2024\/04\/wSON020201.jpg\" alt=\"\" width=\"2100\" height=\"1401\" srcset=\"https:\/\/scf.se\/landsvag\/wp-content\/uploads\/sites\/5\/2024\/04\/wSON020201.jpg 2100w, https:\/\/scf.se\/landsvag\/wp-content\/uploads\/sites\/5\/2024\/04\/wSON020201-300x200.jpg 300w, https:\/\/scf.se\/landsvag\/wp-content\/uploads\/sites\/5\/2024\/04\/wSON020201-1024x683.jpg 1024w, https:\/\/scf.se\/landsvag\/wp-content\/uploads\/sites\/5\/2024\/04\/wSON020201-768x512.jpg 768w, https:\/\/scf.se\/landsvag\/wp-content\/uploads\/sites\/5\/2024\/04\/wSON020201-1536x1025.jpg 1536w, https:\/\/scf.se\/landsvag\/wp-content\/uploads\/sites\/5\/2024\/04\/wSON020201-2048x1366.jpg 2048w\" sizes=\"auto, (max-width: 2100px) 100vw, 2100px\" \/><\/a>\n<p>Inom minuten bakom Karin \u2013 med nummer ett p\u00e5 cykeln efter Jenny Rissveds fjol\u00e5rsseger \u2013 fanns ocks\u00e5 lagkompisarna i tur och ordning Mika S\u00f6derstr\u00f6m, Tilde Hammarstr\u00f6m och Ebba Granqvist.<\/p>\n<p>Det blir m\u00e5nga nya erfarenheter in p\u00e5 kontot f\u00f6r det h\u00e4r laget d\u00e4r Karin S\u00f6derqvist dessutom \u00e4r tv\u00e5a i ungdomst\u00e4vlingen efter f\u00f6rsta etappen.<\/p>\n<p>Fem etapper p\u00e5 fyra dagar ska avverkas. Det \u00e4r ganska korta men \u00e4nd\u00e5 tuffa etapper i Gracia Orlov\u00e1. F\u00f6rsta linjeloppet mellan Orlov\u00e1 till Stramberk var hela tiden sm\u00e5kuperat; m\u00e4tte 104 kilometer med 1300 h\u00f6jdmeter att ta.<\/p>\n<a href=\"https:\/\/scf.se\/landsvag\/wp-content\/uploads\/sites\/5\/2024\/04\/wSON02169.jpg\"><img loading=\"lazy\" decoding=\"async\" class=\"alignnone size-full wp-image-5082\" src=\"https:\/\/scf.se\/landsvag\/wp-content\/uploads\/sites\/5\/2024\/04\/wSON02169.jpg\" alt=\"\" width=\"2100\" height=\"1401\" srcset=\"https:\/\/scf.se\/landsvag\/wp-content\/uploads\/sites\/5\/2024\/04\/wSON02169.jpg 2100w, https:\/\/scf.se\/landsvag\/wp-content\/uploads\/sites\/5\/2024\/04\/wSON02169-300x200.jpg 300w, https:\/\/scf.se\/landsvag\/wp-content\/uploads\/sites\/5\/2024\/04\/wSON02169-1024x683.jpg 1024w, https:\/\/scf.se\/landsvag\/wp-content\/uploads\/sites\/5\/2024\/04\/wSON02169-768x512.jpg 768w, https:\/\/scf.se\/landsvag\/wp-content\/uploads\/sites\/5\/2024\/04\/wSON02169-1536x1025.jpg 1536w, https:\/\/scf.se\/landsvag\/wp-content\/uploads\/sites\/5\/2024\/04\/wSON02169-2048x1366.jpg 2048w\" sizes=\"auto, (max-width: 2100px) 100vw, 2100px\" \/><\/a> <a href=\"https:\/\/scf.se\/landsvag\/wp-content\/uploads\/sites\/5\/2024\/04\/wSON02173.jpg\"><img loading=\"lazy\" decoding=\"async\" class=\"alignnone size-full wp-image-5081\" src=\"https:\/\/scf.se\/landsvag\/wp-content\/uploads\/sites\/5\/2024\/04\/wSON02173.jpg\" alt=\"\" width=\"2100\" height=\"1401\" srcset=\"https:\/\/scf.se\/landsvag\/wp-content\/uploads\/sites\/5\/2024\/04\/wSON02173.jpg 2100w, https:\/\/scf.se\/landsvag\/wp-content\/uploads\/sites\/5\/2024\/04\/wSON02173-300x200.jpg 300w, https:\/\/scf.se\/landsvag\/wp-content\/uploads\/sites\/5\/2024\/04\/wSON02173-1024x683.jpg 1024w, https:\/\/scf.se\/landsvag\/wp-content\/uploads\/sites\/5\/2024\/04\/wSON02173-768x512.jpg 768w, https:\/\/scf.se\/landsvag\/wp-content\/uploads\/sites\/5\/2024\/04\/wSON02173-1536x1025.jpg 1536w, https:\/\/scf.se\/landsvag\/wp-content\/uploads\/sites\/5\/2024\/04\/wSON02173-2048x1366.jpg 2048w\" sizes=\"auto, (max-width: 2100px) 100vw, 2100px\" \/><\/a> <a href=\"https:\/\/scf.se\/landsvag\/wp-content\/uploads\/sites\/5\/2024\/04\/wSON02145.jpg\"><img loading=\"lazy\" decoding=\"async\" class=\"alignnone size-full wp-image-5080\" src=\"https:\/\/scf.se\/landsvag\/wp-content\/uploads\/sites\/5\/2024\/04\/wSON02145.jpg\" alt=\"\" width=\"2100\" height=\"1401\" srcset=\"https:\/\/scf.se\/landsvag\/wp-content\/uploads\/sites\/5\/2024\/04\/wSON02145.jpg 2100w, https:\/\/scf.se\/landsvag\/wp-content\/uploads\/sites\/5\/2024\/04\/wSON02145-300x200.jpg 300w, https:\/\/scf.se\/landsvag\/wp-content\/uploads\/sites\/5\/2024\/04\/wSON02145-1024x683.jpg 1024w, https:\/\/scf.se\/landsvag\/wp-content\/uploads\/sites\/5\/2024\/04\/wSON02145-768x512.jpg 768w, https:\/\/scf.se\/landsvag\/wp-content\/uploads\/sites\/5\/2024\/04\/wSON02145-1536x1025.jpg 1536w, https:\/\/scf.se\/landsvag\/wp-content\/uploads\/sites\/5\/2024\/04\/wSON02145-2048x1366.jpg 2048w\" sizes=\"auto, (max-width: 2100px) 100vw, 2100px\" \/><\/a> <a href=\"https:\/\/scf.se\/landsvag\/wp-content\/uploads\/sites\/5\/2024\/04\/wSON02071.jpg\"><img loading=\"lazy\" decoding=\"async\" class=\"alignnone size-full wp-image-5079\" src=\"https:\/\/scf.se\/landsvag\/wp-content\/uploads\/sites\/5\/2024\/04\/wSON02071.jpg\" alt=\"\" width=\"1401\" height=\"2100\" srcset=\"https:\/\/scf.se\/landsvag\/wp-content\/uploads\/sites\/5\/2024\/04\/wSON02071.jpg 1401w, https:\/\/scf.se\/landsvag\/wp-content\/uploads\/sites\/5\/2024\/04\/wSON02071-200x300.jpg 200w, https:\/\/scf.se\/landsvag\/wp-content\/uploads\/sites\/5\/2024\/04\/wSON02071-683x1024.jpg 683w, https:\/\/scf.se\/landsvag\/wp-content\/uploads\/sites\/5\/2024\/04\/wSON02071-768x1151.jpg 768w, https:\/\/scf.se\/landsvag\/wp-content\/uploads\/sites\/5\/2024\/04\/wSON02071-1025x1536.jpg 1025w, https:\/\/scf.se\/landsvag\/wp-content\/uploads\/sites\/5\/2024\/04\/wSON02071-1366x2048.jpg 1366w\" sizes=\"auto, (max-width: 1401px) 100vw, 1401px\" \/><\/a> <a href=\"https:\/\/scf.se\/landsvag\/wp-content\/uploads\/sites\/5\/2024\/04\/wSON02091.jpg\"><img loading=\"lazy\" decoding=\"async\" class=\"alignnone size-full wp-image-5078\" src=\"https:\/\/scf.se\/landsvag\/wp-content\/uploads\/sites\/5\/2024\/04\/wSON02091.jpg\" alt=\"\" width=\"2100\" height=\"1401\" srcset=\"https:\/\/scf.se\/landsvag\/wp-content\/uploads\/sites\/5\/2024\/04\/wSON02091.jpg 2100w, https:\/\/scf.se\/landsvag\/wp-content\/uploads\/sites\/5\/2024\/04\/wSON02091-300x200.jpg 300w, https:\/\/scf.se\/landsvag\/wp-content\/uploads\/sites\/5\/2024\/04\/wSON02091-1024x683.jpg 1024w, https:\/\/scf.se\/landsvag\/wp-content\/uploads\/sites\/5\/2024\/04\/wSON02091-768x512.jpg 768w, https:\/\/scf.se\/landsvag\/wp-content\/uploads\/sites\/5\/2024\/04\/wSON02091-1536x1025.jpg 1536w, https:\/\/scf.se\/landsvag\/wp-content\/uploads\/sites\/5\/2024\/04\/wSON02091-2048x1366.jpg 2048w\" sizes=\"auto, (max-width: 2100px) 100vw, 2100px\" \/><\/a> <a href=\"https:\/\/scf.se\/landsvag\/wp-content\/uploads\/sites\/5\/2024\/04\/wSON02140.jpg\"><img loading=\"lazy\" decoding=\"async\" class=\"alignnone size-full wp-image-5077\" src=\"https:\/\/scf.se\/landsvag\/wp-content\/uploads\/sites\/5\/2024\/04\/wSON02140.jpg\" alt=\"\" width=\"2100\" height=\"1401\" srcset=\"https:\/\/scf.se\/landsvag\/wp-content\/uploads\/sites\/5\/2024\/04\/wSON02140.jpg 2100w, https:\/\/scf.se\/landsvag\/wp-content\/uploads\/sites\/5\/2024\/04\/wSON02140-300x200.jpg 300w, https:\/\/scf.se\/landsvag\/wp-content\/uploads\/sites\/5\/2024\/04\/wSON02140-1024x683.jpg 1024w, https:\/\/scf.se\/landsvag\/wp-content\/uploads\/sites\/5\/2024\/04\/wSON02140-768x512.jpg 768w, https:\/\/scf.se\/landsvag\/wp-content\/uploads\/sites\/5\/2024\/04\/wSON02140-1536x1025.jpg 1536w, https:\/\/scf.se\/landsvag\/wp-content\/uploads\/sites\/5\/2024\/04\/wSON02140-2048x1366.jpg 2048w\" sizes=\"auto, (max-width: 2100px) 100vw, 2100px\" \/><\/a>\n<blockquote><p>&#8221;I morgon ska vi \u00e5ka \u00e4nnu mera berg om det nu kan sm\u00e4lta p\u00e5 toppen p\u00e5 det f\u00f6rsta. De sa p\u00e5 lagledarm\u00f6tet att det \u00e4r sn\u00f6t\u00e4ckt p\u00e5 f\u00f6rsta stora bergspriset p\u00e5 andra etappen. Det handlar om om de kommer \u00e4ndra om rutten eller om sn\u00f6n sm\u00e4lter s\u00e5 pass att vi kan k\u00f6ra som t\u00e4nkt. Men oavsett en ny dag att se fram emot&#8221;, s\u00e4ger Wetterhall.<\/p><\/blockquote>\n<h3>Gracia Orlov\u00e1 tour f\u00f6rsta etappen<\/h3>\n<ul>\n<li>1 <strong>Corinna Lechner,<\/strong> Tyskland<\/li>\n<li>2 <strong>Lore de Schepper<\/strong>, Belgien +0<\/li>\n<li>3 <strong>Ur\u0161ka Pntar<\/strong>, Solvenien +0<\/li>\n<li>4 <strong>Karin S\u00f6derqvist,<\/strong> Sverige +0.04<\/li>\n<li>51 <strong>Mika S\u00f6derstr\u00f6m<\/strong>, Sverige 0.49<\/li>\n<li>55 <strong>Tilde Hammarstr\u00f6m<\/strong>, Sverige +0.59<\/li>\n<li>57 <strong>Ebba Granqvist,<\/strong> Sverige +1.04<\/li>\n<li>97<strong> Matilda Frantzich<\/strong>, Team Sydbank BACH Advokater +3.10<\/li>\n<li>109 <strong>Ella Wahlstr\u00f6m,<\/strong> Sverige +3.47<\/li>\n<li>118 <strong>Anna S\u00f6derqvist<\/strong>, Sverige +5.53<\/li>\n<\/ul>\n<p><a href=\"https:\/\/www.procyclingstats.com\/race\/gracia\/2024\/stage-1\"><em><strong>F\u00f6lj resultatutvecklingen i Gracia Orlov\u00e1 tour h\u00e4r!<\/strong><\/em><\/a><\/p>\n<p><em>Text: SCF<\/em><br \/>\n<em>Foto: Dalibor V\u00e1lek\u00a0<\/em><\/p>\n<hr \/>\n<p><em><strong>Svenska Cykelf\u00f6rbundet \u00e4r stolta \u00f6ver att presentera v\u00e5ra samarbetspartners. Tack vare dessa fantastiska f\u00f6retag kan v\u00e5ra cyklister oftare ta sig l\u00e4ngre ut i v\u00e4rlden.<\/strong><\/em><\/p>\n<h2><a href=\"https:\/\/scf.se\/forbundet\/sponsorer\/\"><img loading=\"lazy\" decoding=\"async\" class=\"alignnone size-full wp-image-3872\" src=\"https:\/\/scf.se\/landsvag\/wp-content\/uploads\/sites\/5\/2023\/02\/LiggandeBannerNyheterHemsida2023.png\" alt=\"\" width=\"1200\" height=\"200\" srcset=\"https:\/\/scf.se\/landsvag\/wp-content\/uploads\/sites\/5\/2023\/02\/LiggandeBannerNyheterHemsida2023.png 1200w, https:\/\/scf.se\/landsvag\/wp-content\/uploads\/sites\/5\/2023\/02\/LiggandeBannerNyheterHemsida2023-300x50.png 300w, https:\/\/scf.se\/landsvag\/wp-content\/uploads\/sites\/5\/2023\/02\/LiggandeBannerNyheterHemsida2023-1024x171.png 1024w, https:\/\/scf.se\/landsvag\/wp-content\/uploads\/sites\/5\/2023\/02\/LiggandeBannerNyheterHemsida2023-768x128.png 768w\" sizes=\"auto, (max-width: 1200px) 100vw, 1200px\" \/><\/a><\/h2>\n","protected":false},"excerpt":{"rendered":"<p>L\u00f6rdagen i Gracia Orlov\u00e1 Tour inneh\u00f6ll tv\u00e5 etapper och kommer sannolikt ocks\u00e5 bli mycket avg\u00f6rande n\u00e4r vi summerar det tjeckiska etapploppet. Chanserna till en svensk topp fem-placering minskade radikalt efter morgonens korta tempolopp. Nu gjorde Mika S\u00f6derstr\u00f6m ett mycket bra f\u00f6rs\u00f6k att f\u00e5 tillbaka det d\u00e4r l\u00e4get efter en sen soloutbrytning p\u00e5 den efterf\u00f6ljande<a href=\"https:\/\/scf.se\/landsvag\/bra-tempolopp-av-ebba-och-mika-i-sen-soloutbrytning-i-gracia-orlova-tour\/\" class=\"news-card__more\"> &#8230;<\/a><\/p>\n","protected":false},"author":41,"featured_media":5083,"comment_status":"open","ping_status":"open","sticky":false,"template":"","format":"standard","meta":{"_acf_changed":false,"footnotes":""},"categories":[1],"tags":[],"class_list":["post-5076","post","type-post","status-publish","format-standard","hentry","category-landsvag"],"acf":[],"_links":{"self":[{"href":"https:\/\/scf.se\/landsvag\/wp-json\/wp\/v2\/posts\/5076","targetHints":{"allow":["GET"]}}],"collection":[{"href":"https:\/\/scf.se\/landsvag\/wp-json\/wp\/v2\/posts"}],"about":[{"href":"https:\/\/scf.se\/landsvag\/wp-json\/wp\/v2\/types\/post"}],"author":[{"embeddable":true,"href":"https:\/\/scf.se\/landsvag\/wp-json\/wp\/v2\/users\/41"}],"replies":[{"embeddable":true,"href":"https:\/\/scf.se\/landsvag\/wp-json\/wp\/v2\/comments?post=5076"}],"version-history":[{"count":18,"href":"https:\/\/scf.se\/landsvag\/wp-json\/wp\/v2\/posts\/5076\/revisions"}],"predecessor-version":[{"id":5118,"href":"https:\/\/scf.se\/landsvag\/wp-json\/wp\/v2\/posts\/5076\/revisions\/5118"}],"wp:featuredmedia":[{"embeddable":true,"href":"https:\/\/scf.se\/landsvag\/wp-json\/wp\/v2\/media\/5083"}],"wp:attachment":[{"href":"https:\/\/scf.se\/landsvag\/wp-json\/wp\/v2\/media?parent=5076"}],"wp:term":[{"taxonomy":"category","embeddable":true,"href":"https:\/\/scf.se\/landsvag\/wp-json\/wp\/v2\/categories?post=5076"},{"taxonomy":"post_tag","embeddable":true,"href":"https:\/\/scf.se\/landsvag\/wp-json\/wp\/v2\/tags?post=5076"}],"curies":[{"name":"wp","href":"https:\/\/api.w.org\/{rel}","templated":true}]}}