
{"id":5068,"date":"2024-04-25T12:07:19","date_gmt":"2024-04-25T10:07:19","guid":{"rendered":"https:\/\/scf.se\/landsvag\/?p=5068"},"modified":"2024-04-25T12:28:41","modified_gmt":"2024-04-25T10:28:41","slug":"nu-startar-ungt-och-intressant-svenskt-lag-gracia-orlova-tour","status":"publish","type":"post","link":"https:\/\/scf.se\/landsvag\/nu-startar-ungt-och-intressant-svenskt-lag-gracia-orlova-tour\/","title":{"rendered":"I dag startar ungt och intressant svenskt lag i Gracia Orlov\u00e1 tour"},"content":{"rendered":"<p><strong>Ett yngre lag med mindre erfarenhet \u00e4n n\u00e4r Jenny Rissveds vann f\u00f6rra \u00e5ret men med lika stor entusiasm st\u00e5r redo att m\u00f6ta utmaningarna<\/strong><strong> i \u00e5rets Gracia Orlov\u00e1 tour. Fem etapper p\u00e5 fyra dagar ska avverkas med b\u00f6rjan efter lunch nu p\u00e5 torsdagen.<\/strong><\/p>\n<p>Den sp\u00e4nda f\u00f6rv\u00e4ntan i Tjeckien \u00e4r p\u00e5taglig p\u00e5 morgonen innan str\u00e4ckan Orlov\u00e1 till Stramberk ska avverkas. Det \u00e4r ganska korta men \u00e4nd\u00e5 tuffa etapper i Gracia Orlov\u00e1; f\u00f6rsta linjeloppet \u00e4r sm\u00e5kuperat och m\u00f6ter 104 kilometer med 1300 h\u00f6jdmeter att ta.<\/p>\n<blockquote><p>&#8221;Det \u00e4r fint i Tjeckien, lite kallt ig\u00e5r men torsdagen ska ha tio plusgrader och sol&#8221;, inleder en p\u00e5tagligt optimistisk Alexander Wetterhall, assisterande f\u00f6rbundskapten och coach i Tjeckien.<\/p><\/blockquote>\n<blockquote><p>&#8221;Tjejerna \u00e4r taggade p\u00e5 uppgiften och vi \u00e4r redo att knyta ihop det h\u00e4r \u00e5p f\u00f6rsta str\u00e4ckan. Lagets m\u00e5l att inte bara bevara men \u00e4ven att skapa tidsmarginaler mot de v\u00e4rsta konkurrenterna. Men det \u00e4r ocks\u00e5 h\u00e5rd konkurrens med flera bra utvecklingslag till WWT-team, ett riktigt starkt polskt lag som k\u00f6r bra h\u00e4r och s\u00e5 ett belgiskt landslag med n\u00e5gon vass tjej.&#8221;<\/p><\/blockquote>\n<p>Med startnummer 1 till 6 efter fjol\u00e5rssegern och en avslutningsbacke som lovar en h\u00e5rd final, \u00e4r strategin klar.<\/p>\n<blockquote><p>&#8221;Karin S\u00f6derqvist (i mitten n\u00e4rmast kameran p\u00e5 \u00f6versta bilden) kan k\u00f6ra bra totalt sett h\u00e4r. Det ska bli kul att se exempelvis Mika S\u00f6derstr\u00f6m, som ocks\u00e5 ser stark ut \u2013 men \u00e4nnu inte har erfarenhet av den h\u00e4r typen av lopp. Vi kommer fokusera p\u00e5 att inte tappa n\u00e5gon tid fram till den tuffa finalen. Den avslutande kl\u00e4ttringen \u00e4r dagens pr\u00f6vning, en tv\u00e5 kilometer l\u00e5ng backe som kan avg\u00f6ra mycket&#8221;, s\u00e4ger Wetterhall.<\/p><\/blockquote>\n<a href=\"https:\/\/scf.se\/landsvag\/wp-content\/uploads\/sites\/5\/2024\/04\/GraciaO3.jpg\"><img loading=\"lazy\" decoding=\"async\" class=\"alignnone size-full wp-image-5071\" src=\"https:\/\/scf.se\/landsvag\/wp-content\/uploads\/sites\/5\/2024\/04\/GraciaO3.jpg\" alt=\"\" width=\"1280\" height=\"1183\" srcset=\"https:\/\/scf.se\/landsvag\/wp-content\/uploads\/sites\/5\/2024\/04\/GraciaO3.jpg 1280w, https:\/\/scf.se\/landsvag\/wp-content\/uploads\/sites\/5\/2024\/04\/GraciaO3-300x277.jpg 300w, https:\/\/scf.se\/landsvag\/wp-content\/uploads\/sites\/5\/2024\/04\/GraciaO3-1024x946.jpg 1024w, https:\/\/scf.se\/landsvag\/wp-content\/uploads\/sites\/5\/2024\/04\/GraciaO3-768x710.jpg 768w\" sizes=\"auto, (max-width: 1280px) 100vw, 1280px\" \/><\/a>\n<p>De \u00f6vriga tjejerna i detta mestadels unga men intressanta lag \u00e4r Ebba Granqvist, Ella Wahlstr\u00f6m, Tilde Hammarstr\u00f6m och Anna S\u00f6derqvist.<\/p>\n<ul>\n<li><a href=\"https:\/\/www.procyclingstats.com\/race\/gracia\/2024\/stage-1\"><em><strong>F\u00f6lj resultatutvecklingen i Gracia Orlov\u00e1 tour h\u00e4r!<\/strong><\/em><\/a><\/li>\n<li>F\u00f6rra \u00e5ret var icke geoblockad streaming minst sagt v\u00e4ldigt lynnigt med mycket spam. Vi \u00e5terkommer om det finns n\u00e5got bra s\u00e4tt att f\u00f6lja loppet via tv-bilder, tipsa g\u00e4rna till tomas.larsson@scf.se!<\/li>\n<\/ul>\n<p><em>Text och foto: SCF<\/em><\/p>\n<hr \/>\n<p><em><strong>Svenska Cykelf\u00f6rbundet \u00e4r stolta \u00f6ver att presentera v\u00e5ra samarbetspartners. Tack vare dessa fantastiska f\u00f6retag kan v\u00e5ra cyklister oftare ta sig l\u00e4ngre ut i v\u00e4rlden.<\/strong><\/em><\/p>\n<h2><a href=\"https:\/\/scf.se\/forbundet\/sponsorer\/\"><img loading=\"lazy\" decoding=\"async\" class=\"alignnone size-full wp-image-3872\" src=\"https:\/\/scf.se\/landsvag\/wp-content\/uploads\/sites\/5\/2023\/02\/LiggandeBannerNyheterHemsida2023.png\" alt=\"\" width=\"1200\" height=\"200\" srcset=\"https:\/\/scf.se\/landsvag\/wp-content\/uploads\/sites\/5\/2023\/02\/LiggandeBannerNyheterHemsida2023.png 1200w, https:\/\/scf.se\/landsvag\/wp-content\/uploads\/sites\/5\/2023\/02\/LiggandeBannerNyheterHemsida2023-300x50.png 300w, https:\/\/scf.se\/landsvag\/wp-content\/uploads\/sites\/5\/2023\/02\/LiggandeBannerNyheterHemsida2023-1024x171.png 1024w, https:\/\/scf.se\/landsvag\/wp-content\/uploads\/sites\/5\/2023\/02\/LiggandeBannerNyheterHemsida2023-768x128.png 768w\" sizes=\"auto, (max-width: 1200px) 100vw, 1200px\" \/><\/a><\/h2>\n","protected":false},"excerpt":{"rendered":"<p>Ett yngre lag med mindre erfarenhet \u00e4n n\u00e4r Jenny Rissveds vann f\u00f6rra \u00e5ret men med lika stor entusiasm st\u00e5r redo att m\u00f6ta utmaningarna i \u00e5rets Gracia Orlov\u00e1 tour. Fem etapper p\u00e5 fyra dagar ska avverkas med b\u00f6rjan efter lunch nu p\u00e5 torsdagen. Den sp\u00e4nda f\u00f6rv\u00e4ntan i Tjeckien \u00e4r p\u00e5taglig p\u00e5 morgonen innan str\u00e4ckan Orlov\u00e1<a href=\"https:\/\/scf.se\/landsvag\/nu-startar-ungt-och-intressant-svenskt-lag-gracia-orlova-tour\/\" class=\"news-card__more\"> &#8230;<\/a><\/p>\n","protected":false},"author":41,"featured_media":5070,"comment_status":"open","ping_status":"open","sticky":false,"template":"","format":"standard","meta":{"_acf_changed":false,"footnotes":""},"categories":[1],"tags":[],"class_list":["post-5068","post","type-post","status-publish","format-standard","hentry","category-landsvag"],"acf":[],"_links":{"self":[{"href":"https:\/\/scf.se\/landsvag\/wp-json\/wp\/v2\/posts\/5068","targetHints":{"allow":["GET"]}}],"collection":[{"href":"https:\/\/scf.se\/landsvag\/wp-json\/wp\/v2\/posts"}],"about":[{"href":"https:\/\/scf.se\/landsvag\/wp-json\/wp\/v2\/types\/post"}],"author":[{"embeddable":true,"href":"https:\/\/scf.se\/landsvag\/wp-json\/wp\/v2\/users\/41"}],"replies":[{"embeddable":true,"href":"https:\/\/scf.se\/landsvag\/wp-json\/wp\/v2\/comments?post=5068"}],"version-history":[{"count":4,"href":"https:\/\/scf.se\/landsvag\/wp-json\/wp\/v2\/posts\/5068\/revisions"}],"predecessor-version":[{"id":5075,"href":"https:\/\/scf.se\/landsvag\/wp-json\/wp\/v2\/posts\/5068\/revisions\/5075"}],"wp:featuredmedia":[{"embeddable":true,"href":"https:\/\/scf.se\/landsvag\/wp-json\/wp\/v2\/media\/5070"}],"wp:attachment":[{"href":"https:\/\/scf.se\/landsvag\/wp-json\/wp\/v2\/media?parent=5068"}],"wp:term":[{"taxonomy":"category","embeddable":true,"href":"https:\/\/scf.se\/landsvag\/wp-json\/wp\/v2\/categories?post=5068"},{"taxonomy":"post_tag","embeddable":true,"href":"https:\/\/scf.se\/landsvag\/wp-json\/wp\/v2\/tags?post=5068"}],"curies":[{"name":"wp","href":"https:\/\/api.w.org\/{rel}","templated":true}]}}