
{"id":5061,"date":"2024-04-23T09:00:48","date_gmt":"2024-04-23T07:00:48","guid":{"rendered":"https:\/\/scf.se\/landsvag\/?p=5061"},"modified":"2024-04-23T09:00:48","modified_gmt":"2024-04-23T07:00:48","slug":"bade-mika-och-ebba-far-chansen-i-tjeckien-efter-starka-swe-cup-lopp","status":"publish","type":"post","link":"https:\/\/scf.se\/landsvag\/bade-mika-och-ebba-far-chansen-i-tjeckien-efter-starka-swe-cup-lopp\/","title":{"rendered":"Mika och Ebba f\u00e5r chansen i Tjeckien efter starka SWE Cup-lopp"},"content":{"rendered":"<p><strong>N\u00e4r truppen till ett av de roligaste etapploppen f\u00f6r svensk del de senaste \u00e5ren, Gracia Orlov\u00e1 tour i Tjeckien, presenteras finns ettan och tv\u00e5an i damernas SWE Cup p\u00e5 Kinnekulle med i laget. Det handlar om tv\u00e5 intressanta cyklister: Mika S\u00f6derstr\u00f6m och Ebba Granqvist. Den unga kvartetten Karin S\u00f6derqvist, Anna S\u00f6derqvist, Ella Wahlstr\u00f6m och Tilde Hammarstr\u00f6m var klar redan innan helgen.<\/strong><\/p>\n<p>En \u00f6ppen plats inf\u00f6r SWE Cup-helgen p\u00e5 Kinnekulle blev tv\u00e5 d\u00e5 f\u00f6rhandsuttagna Hanna Nilsson nu \u00e4r sjuk och inte kan k\u00f6ra Gracia. Det fanns helt enkelt tv\u00e5 cyklister i damernas A-klass p\u00e5 SWE Cup #1 som visade egenskaper som gjorde att de blev uttagna.<\/p>\n<p>F\u00f6rra s\u00e4songen hade Sverige ett favorittippat lag som ocks\u00e5\u00a0 levererade i form av Jenny Rissveds som vann. Emilia Fahlin jobbade h\u00e5rt f\u00f6r laget och var \u00e4ven trea i totalen sj\u00e4lv p\u00e5 k\u00f6pet.<\/p>\n<blockquote><p>&#8221;F\u00f6rra \u00e5ret var det kul att f\u00f6lja Jenny som ville testa landsv\u00e4g. Ett OS-\u00e5r har vi all f\u00f6rst\u00e5else f\u00f6r att hon inte k\u00f6r landsv\u00e4g. Sedan passade inte loppet in i planeringen f\u00f6r cyklister som Emilia Fahlin, Caroline Andersson eller Julia Borgstr\u00f6m&#8221;, s\u00e4ger f\u00f6rbundskaptenen Lucas Persson,\u00a0f\u00f6rbundskapten landsv\u00e4g.<\/p>\n<p>&#8221;Vi har f\u00e5tt t\u00e4nka om litegrann. Men har Karin S\u00f6derqvist; en framtidscyklist som vi tro p\u00e5 och k\u00f6r f\u00f6r initialt denna g\u00e5ng.&#8221;<\/p><\/blockquote>\n<p>Anna S\u00f6derqvist \u00e4r ocks\u00e5 en sp\u00e4nnande andra\u00e5rs damjunior.<\/p>\n<blockquote><p>&#8221;S\u00e5 n\u00e4r damjuniorerna fick sitt f\u00f6rsta internationella lopp inst\u00e4llt ville vi g\u00e4rna testa Anna i detta lopp i st\u00e4llet. Ella Wahlstr\u00f6m g\u00f6r f\u00f6rsta \u00e5ret som senior och k\u00e4nns ocks\u00e5 sp\u00e4nnande att testa p\u00e5 det h\u00e4r&#8221;, s\u00e4ger Lucas Persson.<\/p><\/blockquote>\n<p>Mika S\u00f6derstr\u00f6m, som kommer fr\u00e5n friidrotten, och \u00e4r en v\u00e4rldsstj\u00e4rna i E-cycling, g\u00f6r landslagsdebut p\u00e5 landsv\u00e4g.<\/p>\n<blockquote><p>&#8221;Mika har varit sugen tidigare p\u00e5 att testa p\u00e5 att k\u00f6ra i landslaget. Hon \u00e4r v\u00e4ldigt stark vilket hon har visat i E-cycling, men har inte k\u00f6rt s\u00e5 mycket landsv\u00e4g p\u00e5 den h\u00e4r niv\u00e5n &#8211; s\u00e5 det ska bli v\u00e4ldigt intressant att se henne testa p\u00e5 det h\u00e4r. Samma sak med Ebba. Visst, vi k\u00f6r ett ungt lag i \u00e5r men det finns intressanta cyklister med. Vi skulle kunna g\u00e5 hem med en topp tre-placeringen efter ett tidigt bryt eller en topp fem i totalen genom Karin S\u00f6derqvist.\u00a0 Klarar vi s\u00e5dana m\u00e5l \u00e4r jag helt klart n\u00f6jd efter\u00e5t.&#8221;<\/p><\/blockquote>\n<h3>Svenska laget till Gracia Orlov\u00e1 tour<\/h3>\n<ul>\n<li><strong>Karin S\u00f6derqvist<\/strong><\/li>\n<li><strong>Anna S\u00f6derqvist<\/strong><\/li>\n<li><strong>Mika S\u00f6derstr\u00f6m<\/strong><\/li>\n<li><strong>Ebba Granqvist<\/strong><\/li>\n<li><strong>Ella Wahlstr\u00f6m<\/strong><\/li>\n<li><strong>Tilde Hammarstr\u00f6m<\/strong><\/li>\n<\/ul>\n<p><em>Text och foto: SCF<\/em><\/p>\n<hr \/>\n<p><em><strong>Svenska Cykelf\u00f6rbundet \u00e4r stolta \u00f6ver att presentera v\u00e5ra samarbetspartners. Tack vare dessa fantastiska f\u00f6retag kan v\u00e5ra cyklister oftare ta sig l\u00e4ngre ut i v\u00e4rlden.<\/strong><\/em><\/p>\n<h2><a href=\"https:\/\/scf.se\/forbundet\/sponsorer\/\"><img loading=\"lazy\" decoding=\"async\" class=\"alignnone size-full wp-image-3872\" src=\"https:\/\/scf.se\/landsvag\/wp-content\/uploads\/sites\/5\/2023\/02\/LiggandeBannerNyheterHemsida2023.png\" alt=\"\" width=\"1200\" height=\"200\" srcset=\"https:\/\/scf.se\/landsvag\/wp-content\/uploads\/sites\/5\/2023\/02\/LiggandeBannerNyheterHemsida2023.png 1200w, https:\/\/scf.se\/landsvag\/wp-content\/uploads\/sites\/5\/2023\/02\/LiggandeBannerNyheterHemsida2023-300x50.png 300w, https:\/\/scf.se\/landsvag\/wp-content\/uploads\/sites\/5\/2023\/02\/LiggandeBannerNyheterHemsida2023-1024x171.png 1024w, https:\/\/scf.se\/landsvag\/wp-content\/uploads\/sites\/5\/2023\/02\/LiggandeBannerNyheterHemsida2023-768x128.png 768w\" sizes=\"auto, (max-width: 1200px) 100vw, 1200px\" \/><\/a><\/h2>\n","protected":false},"excerpt":{"rendered":"<p>N\u00e4r truppen till ett av de roligaste etapploppen f\u00f6r svensk del de senaste \u00e5ren, Gracia Orlov\u00e1 tour i Tjeckien, presenteras finns ettan och tv\u00e5an i damernas SWE Cup p\u00e5 Kinnekulle med i laget. Det handlar om tv\u00e5 intressanta cyklister: Mika S\u00f6derstr\u00f6m och Ebba Granqvist. Den unga kvartetten Karin S\u00f6derqvist, Anna S\u00f6derqvist, Ella Wahlstr\u00f6m och<a href=\"https:\/\/scf.se\/landsvag\/bade-mika-och-ebba-far-chansen-i-tjeckien-efter-starka-swe-cup-lopp\/\" class=\"news-card__more\"> &#8230;<\/a><\/p>\n","protected":false},"author":41,"featured_media":5046,"comment_status":"open","ping_status":"open","sticky":false,"template":"","format":"standard","meta":{"_acf_changed":false,"footnotes":""},"categories":[1],"tags":[],"class_list":["post-5061","post","type-post","status-publish","format-standard","hentry","category-landsvag"],"acf":[],"_links":{"self":[{"href":"https:\/\/scf.se\/landsvag\/wp-json\/wp\/v2\/posts\/5061","targetHints":{"allow":["GET"]}}],"collection":[{"href":"https:\/\/scf.se\/landsvag\/wp-json\/wp\/v2\/posts"}],"about":[{"href":"https:\/\/scf.se\/landsvag\/wp-json\/wp\/v2\/types\/post"}],"author":[{"embeddable":true,"href":"https:\/\/scf.se\/landsvag\/wp-json\/wp\/v2\/users\/41"}],"replies":[{"embeddable":true,"href":"https:\/\/scf.se\/landsvag\/wp-json\/wp\/v2\/comments?post=5061"}],"version-history":[{"count":6,"href":"https:\/\/scf.se\/landsvag\/wp-json\/wp\/v2\/posts\/5061\/revisions"}],"predecessor-version":[{"id":5067,"href":"https:\/\/scf.se\/landsvag\/wp-json\/wp\/v2\/posts\/5061\/revisions\/5067"}],"wp:featuredmedia":[{"embeddable":true,"href":"https:\/\/scf.se\/landsvag\/wp-json\/wp\/v2\/media\/5046"}],"wp:attachment":[{"href":"https:\/\/scf.se\/landsvag\/wp-json\/wp\/v2\/media?parent=5061"}],"wp:term":[{"taxonomy":"category","embeddable":true,"href":"https:\/\/scf.se\/landsvag\/wp-json\/wp\/v2\/categories?post=5061"},{"taxonomy":"post_tag","embeddable":true,"href":"https:\/\/scf.se\/landsvag\/wp-json\/wp\/v2\/tags?post=5061"}],"curies":[{"name":"wp","href":"https:\/\/api.w.org\/{rel}","templated":true}]}}