
{"id":5041,"date":"2024-04-22T20:18:01","date_gmt":"2024-04-22T18:18:01","guid":{"rendered":"https:\/\/scf.se\/landsvag\/?p=5041"},"modified":"2024-04-22T23:50:04","modified_gmt":"2024-04-22T21:50:04","slug":"fina-tavlingar-nar-abc-systemet-testades-pa-swe-cup-landsvag","status":"publish","type":"post","link":"https:\/\/scf.se\/landsvag\/fina-tavlingar-nar-abc-systemet-testades-pa-swe-cup-landsvag\/","title":{"rendered":"Fina t\u00e4vlingar n\u00e4r ABC-systemet testades i SWE Cup p\u00e5 Kinnekulle"},"content":{"rendered":"<p><strong>SWE Cup-premi\u00e4ren Kinnekulle Energi-loppet blev en kylig historia, inte minst f\u00f6r de som k\u00f6rde p\u00e5 morgonkvisten. Men det blev riktigt bra cykel\u00e5kning i A-klasserna och herrarnas B-klass. Kul d\u00e5 det var premi\u00e4r f\u00f6r det nya ABC-systemet.<\/strong><\/p>\n<p>Om vi b\u00f6rja med herrarnas B-klass. N\u00e4r en tidig utrytning blev inh\u00e4mtad efter halva loppet fick flera av de juniorer som testades i Paris Roubaix tampas med Nils Johansson, som cyklar MTB f\u00f6r IKHP och har inlett den tidiga s\u00e4songen str\u00e5lande.<\/p>\n<blockquote><p>&#8221;Roligt att Nils Johansson g\u00e4stspelar fr\u00e5n MTB. Det gjorde Filip Pantzare. Ett kul och bra lopp att f\u00f6lja, v\u00e4ldigt, v\u00e4ldigt bra&#8221;, s\u00e4ger assisterande f\u00f6rbundskaptenen Alexander Wetterhall.<\/p><\/blockquote>\n<p>Johansson visade sig vara vassast \u00e4ven n\u00e4r det g\u00e4ller landsv\u00e4g och hade inget emot den tuffa banstr\u00e4ckningen med m\u00e5lg\u00e5ng p\u00e5 H\u00f6gkullen. Nu var Johansson, som k\u00f6r landsv\u00e4g i starka ungdomsklubben J\u00f6nk\u00f6pings CK, SM-bronsmedalj\u00f6r trots en rej\u00e4l vurpa i\u00a0 utbrytning p\u00e5 en bana platt som en pannkaka s\u00e5 visst \u00e4r han \u00e5kstark \u00e4ven p\u00e5 sl\u00e4tan p\u00e5 LVG-hojen.<\/p>\n<p>Linus Larsson \u00e4r en vass spurtare men fick ge sig med knapp marginal vid en l\u00e5ng seg spurt och m\u00e5lg\u00e5ng uppf\u00f6r. Trea var Gustav Magnusson. Sedan f\u00f6ljde Teodor De Luca, CK Ringen, Filip Pantzare, Bor\u00e5s CA, och CK Masters Joel Mellby.<\/p>\n<a href=\"https:\/\/scf.se\/landsvag\/wp-content\/uploads\/sites\/5\/2024\/04\/SCup3.jpg\"><img loading=\"lazy\" decoding=\"async\" class=\"alignnone size-full wp-image-5046\" src=\"https:\/\/scf.se\/landsvag\/wp-content\/uploads\/sites\/5\/2024\/04\/SCup3.jpg\" alt=\"\" width=\"1316\" height=\"836\" srcset=\"https:\/\/scf.se\/landsvag\/wp-content\/uploads\/sites\/5\/2024\/04\/SCup3.jpg 1316w, https:\/\/scf.se\/landsvag\/wp-content\/uploads\/sites\/5\/2024\/04\/SCup3-300x191.jpg 300w, https:\/\/scf.se\/landsvag\/wp-content\/uploads\/sites\/5\/2024\/04\/SCup3-1024x651.jpg 1024w, https:\/\/scf.se\/landsvag\/wp-content\/uploads\/sites\/5\/2024\/04\/SCup3-768x488.jpg 768w\" sizes=\"auto, (max-width: 1316px) 100vw, 1316px\" \/><\/a>\n<p>I damernas A-klass gjorde Mika S\u00f6derstr\u00f6m en intressant start d\u00e5 hon har varit en av de v\u00e4rldsledande i E-cycling under vintern och kunde t\u00e4nkas vara i tidig v\u00e5rform. S\u00e5 var det ocks\u00e5. Hon vann till sist en duell mot r\u00e5starka Ebba Granqvist, som brukar k\u00f6ra v\u00e4ldigt bra p\u00e5 Kinnekulle.<\/p>\n<blockquote><p>Wetterhall ber\u00e4ttar om hur han upplevde\u00a0 loppet i damer A d\u00e4r seniorer och juniorer samlades:<\/p>\n<p>&#8221;P\u00e5 andra varvet kom det loss en sex cykister stor grupp loss. Sedan br\u00f6t sig Ebba Granqvist och Mika S\u00f6derstr\u00f6m loss. I avg\u00f6randet s\u00e5 var det f\u00f6rst Ebb som st\u00f6tte. D\u00e4r s\u00e5g det ut som att Mika satt med p\u00e5 hjulet ganska enkelt. Med 300-400 meter kvar st\u00e4llde sig Mika p\u00e5 pedalerna och fick en ganska bra lucka. Bra t\u00e4vlingar d\u00e4r ocks\u00e5.&#8221;<\/p><\/blockquote>\n<p>I herrar A var det v\u00e4ldigt offensiv k\u00f6rning d\u00e4r de stora teamen tog ansvar, av de svenska fr\u00e4mst Motala. N\u00e4r det sedan skulle g\u00f6ras upp om segern var det f\u00f6rra \u00e5rets Motalacyklist Carl Kagevi som var n\u00e4rmast att utmana segraren Karl Emil Kjeldsand, fr\u00e5n norska Team Kjekkas. T\u00e4t finish d\u00e4r.<\/p>\n<blockquote><p>&#8221;Jag tycker att alla deltagare bj\u00f6d till och skapade ett v\u00e4ldigt bra race. Det var v\u00e4ldigt fin cykel\u00e5kning i dag. Det var ju f\u00f6rsta g\u00e5ngen som vi provade ABC-konceptet och jag tror det kan bli bra t\u00e4vlingar av det fram\u00f6ver&#8221;, s\u00e4ger Wetterhall.<\/p><\/blockquote>\n<p>Astrid L\u00f6fwing segrade i damer B d\u00e4r vi v\u00e4ldigt g\u00e4rna ser fler deltagare. I herrarnas C-klass var det en j\u00e4mn topp tre-kamp d\u00e4r Elias Augustsson W\u00e4ndel var allra starkast.<\/p>\n<p>De 220 deltagarna kunde ha blivit n\u00e5gra till med mera gynnsam v\u00e4derlek.<\/p>\n<a href=\"https:\/\/scf.se\/landsvag\/wp-content\/uploads\/sites\/5\/2024\/04\/SCup6.jpg\"><img loading=\"lazy\" decoding=\"async\" class=\"alignnone size-full wp-image-5043\" src=\"https:\/\/scf.se\/landsvag\/wp-content\/uploads\/sites\/5\/2024\/04\/SCup6.jpg\" alt=\"\" width=\"1280\" height=\"816\" srcset=\"https:\/\/scf.se\/landsvag\/wp-content\/uploads\/sites\/5\/2024\/04\/SCup6.jpg 1280w, https:\/\/scf.se\/landsvag\/wp-content\/uploads\/sites\/5\/2024\/04\/SCup6-300x191.jpg 300w, https:\/\/scf.se\/landsvag\/wp-content\/uploads\/sites\/5\/2024\/04\/SCup6-1024x653.jpg 1024w, https:\/\/scf.se\/landsvag\/wp-content\/uploads\/sites\/5\/2024\/04\/SCup6-768x490.jpg 768w\" sizes=\"auto, (max-width: 1280px) 100vw, 1280px\" \/><\/a> <a href=\"https:\/\/scf.se\/landsvag\/wp-content\/uploads\/sites\/5\/2024\/04\/SCup5.jpg\"><img loading=\"lazy\" decoding=\"async\" class=\"alignnone size-full wp-image-5044\" src=\"https:\/\/scf.se\/landsvag\/wp-content\/uploads\/sites\/5\/2024\/04\/SCup5.jpg\" alt=\"\" width=\"1280\" height=\"1085\" srcset=\"https:\/\/scf.se\/landsvag\/wp-content\/uploads\/sites\/5\/2024\/04\/SCup5.jpg 1280w, https:\/\/scf.se\/landsvag\/wp-content\/uploads\/sites\/5\/2024\/04\/SCup5-300x254.jpg 300w, https:\/\/scf.se\/landsvag\/wp-content\/uploads\/sites\/5\/2024\/04\/SCup5-1024x868.jpg 1024w, https:\/\/scf.se\/landsvag\/wp-content\/uploads\/sites\/5\/2024\/04\/SCup5-768x651.jpg 768w\" sizes=\"auto, (max-width: 1280px) 100vw, 1280px\" \/><\/a> <a href=\"https:\/\/scf.se\/landsvag\/wp-content\/uploads\/sites\/5\/2024\/04\/SCup7.jpg\"><img loading=\"lazy\" decoding=\"async\" class=\"alignnone size-full wp-image-5042\" src=\"https:\/\/scf.se\/landsvag\/wp-content\/uploads\/sites\/5\/2024\/04\/SCup7.jpg\" alt=\"\" width=\"1280\" height=\"1135\" srcset=\"https:\/\/scf.se\/landsvag\/wp-content\/uploads\/sites\/5\/2024\/04\/SCup7.jpg 1280w, https:\/\/scf.se\/landsvag\/wp-content\/uploads\/sites\/5\/2024\/04\/SCup7-300x266.jpg 300w, https:\/\/scf.se\/landsvag\/wp-content\/uploads\/sites\/5\/2024\/04\/SCup7-1024x908.jpg 1024w, https:\/\/scf.se\/landsvag\/wp-content\/uploads\/sites\/5\/2024\/04\/SCup7-768x681.jpg 768w\" sizes=\"auto, (max-width: 1280px) 100vw, 1280px\" \/><\/a> <a href=\"https:\/\/scf.se\/landsvag\/wp-content\/uploads\/sites\/5\/2024\/04\/SCup2.jpg\"><img loading=\"lazy\" decoding=\"async\" class=\"alignnone size-full wp-image-5047\" src=\"https:\/\/scf.se\/landsvag\/wp-content\/uploads\/sites\/5\/2024\/04\/SCup2.jpg\" alt=\"\" width=\"1094\" height=\"1314\" srcset=\"https:\/\/scf.se\/landsvag\/wp-content\/uploads\/sites\/5\/2024\/04\/SCup2.jpg 1094w, https:\/\/scf.se\/landsvag\/wp-content\/uploads\/sites\/5\/2024\/04\/SCup2-250x300.jpg 250w, https:\/\/scf.se\/landsvag\/wp-content\/uploads\/sites\/5\/2024\/04\/SCup2-853x1024.jpg 853w, https:\/\/scf.se\/landsvag\/wp-content\/uploads\/sites\/5\/2024\/04\/SCup2-768x922.jpg 768w\" sizes=\"auto, (max-width: 1094px) 100vw, 1094px\" \/><\/a> <a href=\"https:\/\/scf.se\/landsvag\/wp-content\/uploads\/sites\/5\/2024\/04\/SCup1.jpg\"><img loading=\"lazy\" decoding=\"async\" class=\"alignnone size-full wp-image-5048\" src=\"https:\/\/scf.se\/landsvag\/wp-content\/uploads\/sites\/5\/2024\/04\/SCup1.jpg\" alt=\"\" width=\"1280\" height=\"1208\" srcset=\"https:\/\/scf.se\/landsvag\/wp-content\/uploads\/sites\/5\/2024\/04\/SCup1.jpg 1280w, https:\/\/scf.se\/landsvag\/wp-content\/uploads\/sites\/5\/2024\/04\/SCup1-300x283.jpg 300w, https:\/\/scf.se\/landsvag\/wp-content\/uploads\/sites\/5\/2024\/04\/SCup1-1024x966.jpg 1024w, https:\/\/scf.se\/landsvag\/wp-content\/uploads\/sites\/5\/2024\/04\/SCup1-768x725.jpg 768w\" sizes=\"auto, (max-width: 1280px) 100vw, 1280px\" \/><\/a>\n<h2>SWE Cup #1 landsv\u00e4g<\/h2>\n<h3>Herrar A<\/h3>\n<ol>\n<li><strong>Karl Emil Kjeldsand,<\/strong> Team Kjekkas 4.08.37<\/li>\n<li><strong>Carl Kagevi,<\/strong> Team IBT-Tripeak +0<\/li>\n<li><strong>Eric Pedersen,<\/strong> Motala AIF Serneke Allebike +0.01<\/li>\n<li><strong>Marcus Wehlin,<\/strong> CK Hymer +0.10<\/li>\n<li><strong>Jonathan Ahlsson<\/strong>, Motala AIF Serneke Allebike +0.17<\/li>\n<li><strong>Kristoffer M Skjerping<\/strong>, Team Kjekkas +0.19<\/li>\n<\/ol>\n<h3>Damer A<\/h3>\n<ol>\n<li><strong>Mika S\u00f6derstr\u00f6m<\/strong>, Stockholm CK 2.30.02<\/li>\n<li><strong>Ebba Granqvist<\/strong>, Falu CK +0.03<\/li>\n<li><strong>Maja Johansson,<\/strong> Stockholm CK +1.12<\/li>\n<li><strong> Karin Pettersson,<\/strong> J\u00f6nk\u00f6pings CK +1.18<\/li>\n<li><strong>Caroline Sj\u00f6str\u00f6m<\/strong>, Herrljunga CK +1.34<\/li>\n<li><strong>Martina Nilsson<\/strong>, Bistro CC +6.46<\/li>\n<\/ol>\n<h3>Herrar B<\/h3>\n<ol>\n<li><strong>Nils Johansson<\/strong>, J\u00f6nk\u00f6pings CK 2.35.49<\/li>\n<li><strong>Linus Larsson<\/strong>, Staffanstorp CK +0.01<\/li>\n<li><strong>Gustav Magnusson<\/strong>, J\u00f6nk\u00f6pings CK +0.05<\/li>\n<\/ol>\n<h3>Damer B<\/h3>\n<ol>\n<li><strong>Astrid L\u00f6fwing<\/strong>, Falk\u00f6pings CK 1.32.56<\/li>\n<li><strong>Linda Tufvesson<\/strong>, Borl\u00e4nge CK +4.53<\/li>\n<li><strong>Emillia Gustafsson<\/strong>, CK W\u00e4nershof +19.08<\/li>\n<\/ol>\n<h3>Herrar C<\/h3>\n<ol>\n<li><strong>Elias Augustsson W\u00e4ndel<\/strong>, Uddevalla CK 1.39.13<\/li>\n<li><strong>Olof Staaf,<\/strong> Str\u00e4ngn\u00e4s CK 1:39:16<\/li>\n<li><strong>Oliver Andersen<\/strong>, MTB T\u00e4by 1:39:24<\/li>\n<\/ol>\n<h2>SWE Cup landsv\u00e4g 2024<\/h2>\n<ul>\n<li><strong>Delt\u00e4vling 1:\u00a0<\/strong> 20 april, Kinnekulle Energiloppet \/ Cykelklubben U6. <a href=\"https:\/\/www.sportstiming.se\/event\/13391\"><em><strong>Anm\u00e4lan och info h\u00e4r!<\/strong><\/em><\/a><\/li>\n<li><strong>Delt\u00e4vling 2:<\/strong>\u00a0 27 april, Lyngbyloppet\/ Staffanstorps CK, CK Lunedi och CK Ringen. <a href=\"https:\/\/www.sportstiming.se\/event\/14115\"><strong><em>Anm\u00e4lan och info h\u00e4r!<\/em><\/strong><\/a><\/li>\n<li><strong>Delt\u00e4vling 3:\u00a0<\/strong> 19 maj, Giro Himledalen, Varberg \/ Cogheart Cycle Club Varberg. <a href=\"https:\/\/www.sportstiming.se\/event\/14184\"><em><strong>Anm\u00e4lan och info h\u00e4r!<\/strong><\/em><\/a><\/li>\n<li><strong>Delt\u00e4vling 4:\u00a0<\/strong> 6 juni, Nationaldagslinjet, Vallentuna \/ Stockholm Cykelklubb.<\/li>\n<li><strong>Delt\u00e4vling 5:<\/strong>\u00a0 17 augusti, Skandis Open, Uppsala \/ Upsala Cykelklubb<\/li>\n<li><strong>Delt\u00e4vling 6:<\/strong>\u00a0 8 september, S\u00f6der\u00e5sens linjelopp<\/li>\n<\/ul>\n<h2>SWE Cup ABC-uppl\u00e4gget<\/h2>\n<p>Det nya SWE Cup ABC-uppl\u00e4gget ers\u00e4tter allts\u00e5 helt gamla SWE Cup landsv\u00e4g. H\u00e4r \u00e4r de viktigaste anledningarna till omordningen:<\/p>\n<ul data-editing-info=\"{&quot;orderedStyleType&quot;:1,&quot;unorderedStyleType&quot;:1}\">\n<li>Tanken med denna klassindelning \u00e4r att locka fler cyklister och att g\u00f6ra det l\u00e4ttare f\u00f6r v\u00e5ra arrang\u00f6rer<\/li>\n<li>Med v\u00e5r nya klassindelning s\u00e5 hoppas vi p\u00e5 att locka fler masters dam och herr och fler ungdomar s\u00e5klart. Vi vill att insteget att b\u00f6rja t\u00e4vla ska bli l\u00e4ttare.<\/li>\n<li>St\u00f6rsta skillnaden blir att vi startar upp damer B och herrar C.<\/li>\n<li>Dam B \u00f6ppnar ocks\u00e5 upp f\u00f6r mer master och F15\u201316, herr C \u00f6ppnar upp f\u00f6r mer masters och P15\u201316. Det \u00e4r fritt f\u00f6r cyklister i F15\u201316 att v\u00e4lja mellan att starta i \u00a0i ungdomsklass eller damB och p\u00e5 samma s\u00e4tt P15\u201316 och herrar C.<\/li>\n<li>Ungdomarna startar tillsammans i tv\u00e5 klasser, men man kommer att f\u00e5 pris i sin \u00e5ldersklass.<\/li>\n<li>P\u00e5 sikt s\u00e5 hoppas vi p\u00e5 att vi f\u00e5r fler\u00a0startande.<\/li>\n<\/ul>\n<h2>Klasser och klassindelning<\/h2>\n<h3>Damer<u><\/u><\/h3>\n<ul>\n<li><strong>A: <\/strong>\u00d6ppen f\u00f6r cyklister som innehar licens Junior Women, Elit Women, U23 Women, Master Women.<\/li>\n<li><strong>B: <\/strong>\u00d6ppen f\u00f6r cyklister som innehar licens Junior Women, Elit Women, U23 Women, Master Women, F15\u201316.<\/li>\n<\/ul>\n<h3>Herrar<\/h3>\n<ul>\n<li><strong>A:<\/strong> Endast \u00f6ppen f\u00f6r cyklister som innehar U23 Men licens eller Elit Men licens.<\/li>\n<li><strong>B:<\/strong> \u00d6ppen f\u00f6r cyklister som innehar licens Junior Men, Elit Men, U23 Men, Master Men.<\/li>\n<li><strong>C: <\/strong>\u00d6ppen f\u00f6r cyklister som innehar licens Junior Men, Elit Men, U23 Men, Master Men, P15\u201316.<\/li>\n<\/ul>\n<p><em>Text och foto: SCF<\/em><\/p>\n<hr \/>\n<p><em><strong>Svenska Cykelf\u00f6rbundet \u00e4r stolta \u00f6ver att presentera v\u00e5ra samarbetspartners. Tack vare dessa fantastiska f\u00f6retag kan v\u00e5ra cyklister oftare ta sig l\u00e4ngre ut i v\u00e4rlden.<\/strong><\/em><\/p>\n<h2><a href=\"https:\/\/scf.se\/forbundet\/sponsorer\/\"><img loading=\"lazy\" decoding=\"async\" class=\"alignnone size-full wp-image-3872\" src=\"https:\/\/scf.se\/landsvag\/wp-content\/uploads\/sites\/5\/2023\/02\/LiggandeBannerNyheterHemsida2023.png\" alt=\"\" width=\"1200\" height=\"200\" srcset=\"https:\/\/scf.se\/landsvag\/wp-content\/uploads\/sites\/5\/2023\/02\/LiggandeBannerNyheterHemsida2023.png 1200w, https:\/\/scf.se\/landsvag\/wp-content\/uploads\/sites\/5\/2023\/02\/LiggandeBannerNyheterHemsida2023-300x50.png 300w, https:\/\/scf.se\/landsvag\/wp-content\/uploads\/sites\/5\/2023\/02\/LiggandeBannerNyheterHemsida2023-1024x171.png 1024w, https:\/\/scf.se\/landsvag\/wp-content\/uploads\/sites\/5\/2023\/02\/LiggandeBannerNyheterHemsida2023-768x128.png 768w\" sizes=\"auto, (max-width: 1200px) 100vw, 1200px\" \/><\/a><\/h2>\n","protected":false},"excerpt":{"rendered":"<p>SWE Cup-premi\u00e4ren Kinnekulle Energi-loppet blev en kylig historia, inte minst f\u00f6r de som k\u00f6rde p\u00e5 morgonkvisten. Men det blev riktigt bra cykel\u00e5kning i A-klasserna och herrarnas B-klass. Kul d\u00e5 det var premi\u00e4r f\u00f6r det nya ABC-systemet. Om vi b\u00f6rja med herrarnas B-klass. N\u00e4r en tidig utrytning blev inh\u00e4mtad efter halva loppet fick flera av<a href=\"https:\/\/scf.se\/landsvag\/fina-tavlingar-nar-abc-systemet-testades-pa-swe-cup-landsvag\/\" class=\"news-card__more\"> &#8230;<\/a><\/p>\n","protected":false},"author":41,"featured_media":5045,"comment_status":"open","ping_status":"open","sticky":false,"template":"","format":"standard","meta":{"_acf_changed":false,"footnotes":""},"categories":[1],"tags":[],"class_list":["post-5041","post","type-post","status-publish","format-standard","hentry","category-landsvag"],"acf":[],"_links":{"self":[{"href":"https:\/\/scf.se\/landsvag\/wp-json\/wp\/v2\/posts\/5041","targetHints":{"allow":["GET"]}}],"collection":[{"href":"https:\/\/scf.se\/landsvag\/wp-json\/wp\/v2\/posts"}],"about":[{"href":"https:\/\/scf.se\/landsvag\/wp-json\/wp\/v2\/types\/post"}],"author":[{"embeddable":true,"href":"https:\/\/scf.se\/landsvag\/wp-json\/wp\/v2\/users\/41"}],"replies":[{"embeddable":true,"href":"https:\/\/scf.se\/landsvag\/wp-json\/wp\/v2\/comments?post=5041"}],"version-history":[{"count":12,"href":"https:\/\/scf.se\/landsvag\/wp-json\/wp\/v2\/posts\/5041\/revisions"}],"predecessor-version":[{"id":5060,"href":"https:\/\/scf.se\/landsvag\/wp-json\/wp\/v2\/posts\/5041\/revisions\/5060"}],"wp:featuredmedia":[{"embeddable":true,"href":"https:\/\/scf.se\/landsvag\/wp-json\/wp\/v2\/media\/5045"}],"wp:attachment":[{"href":"https:\/\/scf.se\/landsvag\/wp-json\/wp\/v2\/media?parent=5041"}],"wp:term":[{"taxonomy":"category","embeddable":true,"href":"https:\/\/scf.se\/landsvag\/wp-json\/wp\/v2\/categories?post=5041"},{"taxonomy":"post_tag","embeddable":true,"href":"https:\/\/scf.se\/landsvag\/wp-json\/wp\/v2\/tags?post=5041"}],"curies":[{"name":"wp","href":"https:\/\/api.w.org\/{rel}","templated":true}]}}