
{"id":5010,"date":"2024-04-14T18:39:47","date_gmt":"2024-04-14T16:39:47","guid":{"rendered":"https:\/\/scf.se\/landsvag\/?p=5010"},"modified":"2024-04-14T19:06:53","modified_gmt":"2024-04-14T17:06:53","slug":"fantastisk-kampainsats-men-laget-fick-noja-sig-med-plats-5-och-7","status":"publish","type":"post","link":"https:\/\/scf.se\/landsvag\/fantastisk-kampainsats-men-laget-fick-noja-sig-med-plats-5-och-7\/","title":{"rendered":"Helt grym k\u00e4mpainsats men U23-laget fick n\u00f6ja sig med plats 5 och 7"},"content":{"rendered":"<p><strong>Det svenska U23-landslaget gjorde en fantastisk k\u00e4mpainsats i l\u00f6rdags i Tour du Loir-et-Cher och lyckades beh\u00e5lla b\u00e5de den gula ledartr\u00f6jan med Edvin Lovidius och bl\u00e5 ungdomstr\u00f6jan som Jakob S\u00f6derqvist l\u00e5nade. P\u00e5 s\u00f6ndagen var det i st\u00e4llet stolpe ut d\u00e4r ingen svensk fanns med i sjumannagruppen d\u00e4r totalsegern delades ut. Lovidius femma i totalen och S\u00f6derqvist sjua.<\/strong><\/p>\n<a href=\"https:\/\/scf.se\/landsvag\/wp-content\/uploads\/sites\/5\/2024\/04\/Loir3.jpg\"><img loading=\"lazy\" decoding=\"async\" class=\"alignnone size-full wp-image-5017\" src=\"https:\/\/scf.se\/landsvag\/wp-content\/uploads\/sites\/5\/2024\/04\/Loir3.jpg\" alt=\"\" width=\"1170\" height=\"1674\" srcset=\"https:\/\/scf.se\/landsvag\/wp-content\/uploads\/sites\/5\/2024\/04\/Loir3.jpg 1170w, https:\/\/scf.se\/landsvag\/wp-content\/uploads\/sites\/5\/2024\/04\/Loir3-210x300.jpg 210w, https:\/\/scf.se\/landsvag\/wp-content\/uploads\/sites\/5\/2024\/04\/Loir3-716x1024.jpg 716w, https:\/\/scf.se\/landsvag\/wp-content\/uploads\/sites\/5\/2024\/04\/Loir3-768x1099.jpg 768w, https:\/\/scf.se\/landsvag\/wp-content\/uploads\/sites\/5\/2024\/04\/Loir3-1074x1536.jpg 1074w\" sizes=\"auto, (max-width: 1170px) 100vw, 1170px\" \/><\/a>\n<blockquote><p>&#8221;Vi \u00e4r lite tomma just nu. satsade p\u00e5 att VINNA detta. Vi siktade inte p\u00e5 en andra- eller tredjeplats. Vi gick all in. Och det r\u00e4ckte inte hela v\u00e4gen denna g\u00e5ngen. Jag \u00e4r \u00e4nd\u00e5 v\u00e4ldigt stolt \u00f6ver grabbarna. De har gjort precis allt vad de kan f\u00f6r att vinna hela skiten. De har verkligen k\u00e4mpat, har gjort sitt absolut yttersta&#8221;, s\u00e4ger f\u00f6rbundskaptenen Lucas Persson.<\/p><\/blockquote>\n<p>Om vi b\u00f6rjar med l\u00f6rdagen s\u00e5 blev en v\u00e4ldigt tuff fj\u00e4rde dag f\u00f6r hela det svenska U23-laget som k\u00f6rde s\u00e5 sensationellt starkt och taktiskt n\u00e4rmast full\u00e4ndat p\u00e5 kungsetappen p\u00e5 \u00f6ver 20 mil i fredags. MEN de lyckades \u00e4nd\u00e5 f\u00f6rsvara b\u00e5de Edvin Lovidius ledning med sekunden fler en holl\u00e4ndare och \u00e4ven Jakob S\u00f6derqvists tredjeplats ytterligare en sekund efter i dramat i Tour du Loir-et-Cher i centrala Frankrike.<\/p>\n<p>Det var f\u00f6rst hyfsat lugnt och kontroll med f\u00f6rvisso mycket attacker men snart nog fyra cyklister som var ofarliga i sammandraget loss. Sedan hettade det till.<\/p>\n<div id=\"attachment_5020\" class=\"wp-caption alignnone\" ><a href=\"https:\/\/scf.se\/landsvag\/wp-content\/uploads\/sites\/5\/2024\/04\/ddd.jpg\"><img loading=\"lazy\" decoding=\"async\" class=\"size-full wp-image-5020\" src=\"https:\/\/scf.se\/landsvag\/wp-content\/uploads\/sites\/5\/2024\/04\/ddd.jpg\" alt=\"\" width=\"1461\" height=\"1503\" srcset=\"https:\/\/scf.se\/landsvag\/wp-content\/uploads\/sites\/5\/2024\/04\/ddd.jpg 1461w, https:\/\/scf.se\/landsvag\/wp-content\/uploads\/sites\/5\/2024\/04\/ddd-292x300.jpg 292w, https:\/\/scf.se\/landsvag\/wp-content\/uploads\/sites\/5\/2024\/04\/ddd-995x1024.jpg 995w, https:\/\/scf.se\/landsvag\/wp-content\/uploads\/sites\/5\/2024\/04\/ddd-768x790.jpg 768w\" sizes=\"auto, (max-width: 1461px) 100vw, 1461px\" \/><\/a><p class=\"wp-caption-text\"><em>Edvin Lovidius och Sveriges s\u00e5 starka U23-landslag hade den gula ledartr\u00f6jan p\u00e5 l\u00f6rdagskv\u00e4llen&#8230;<\/em><\/p><\/div>\n<blockquote><p>\u201dDet var 29 man loss i en utbrytning d\u00e4r de verkligen ville g\u00f6ra det surt f\u00f6r oss. Jakob gjorde ett j\u00e4ttejobb i det l\u00e4get. Edvin var ocks\u00e5 uppe och k\u00f6rde i gula tr\u00f6jan, ja hela laget slet verkligen &#8211; och vi lyckades k\u00f6ra in utbrytningen. Det gick \u00e5t riktigt mycket energi f\u00f6r alla &#8211; men s\u00e5 sk\u00f6nt att killarna lyckades beh\u00e5lla v\u00e5rt fina l\u00e4ge\u201d, sa Lucas Persson p\u00e5 l\u00f6rdagskv\u00e4llen.<\/p><\/blockquote>\n<p>Sista etappen p\u00e5 s\u00f6ndagseftermiddagen var lika med ett GP-lopp \u00f6ver nio mil med m\u00e5nga knixiga kurvor en brant och tuff backe p\u00e5 varvet inne i Loir. Det svenska U23-landslaget hade dominerat under fyra etapper i allm\u00e4nhet och den helt igenom grymma tredje i synnerhet och tv\u00e5 topp sju i totalen och lika m\u00e5nga topp tre i ungdomst\u00e4vlingen \u00e4r givetvis starkt, men en \u00e4nd\u00e5 en sur avslutning.<\/p>\n<div id=\"attachment_5019\" class=\"wp-caption alignnone\" ><a href=\"https:\/\/scf.se\/landsvag\/wp-content\/uploads\/sites\/5\/2024\/04\/Loir1.jpg\"><img loading=\"lazy\" decoding=\"async\" class=\"size-full wp-image-5019\" src=\"https:\/\/scf.se\/landsvag\/wp-content\/uploads\/sites\/5\/2024\/04\/Loir1.jpg\" alt=\"\" width=\"1170\" height=\"1157\" srcset=\"https:\/\/scf.se\/landsvag\/wp-content\/uploads\/sites\/5\/2024\/04\/Loir1.jpg 1170w, https:\/\/scf.se\/landsvag\/wp-content\/uploads\/sites\/5\/2024\/04\/Loir1-300x297.jpg 300w, https:\/\/scf.se\/landsvag\/wp-content\/uploads\/sites\/5\/2024\/04\/Loir1-1024x1013.jpg 1024w, https:\/\/scf.se\/landsvag\/wp-content\/uploads\/sites\/5\/2024\/04\/Loir1-768x759.jpg 768w\" sizes=\"auto, (max-width: 1170px) 100vw, 1170px\" \/><\/a><p class=\"wp-caption-text\"><em>&#8230;men f\u00f6rlorade den p\u00e5 s\u00f6ndagen.<\/em><\/p><\/div>\n<blockquote><p>&#8221;Det var tv\u00e5 holl\u00e4ndska lag som gick ihop och k\u00f6rde stenh\u00e5rt p\u00e5 bonusspurterna. De v\u00e4xeldrog p\u00e5 tolv man och och k\u00f6rde j\u00e4vligt h\u00e5rt f\u00f6rsta timmen. De var f\u00f6rst p\u00e5 de f\u00f6rsta tv\u00e5 spurterna. Sedan sl\u00e4ppte de iv\u00e4g en grupp med sju man d\u00e4r avst\u00e5ndet v\u00e4xte till upp\u00e5t minuten. De h\u00e5ller hela v\u00e4gen och bl\u00e5ser oss p\u00e5 segerchanserna, men s\u00e5 \u00e4r det \u2013 ibland vinner man och ibland f\u00f6rlorar man&#8221;, sammanfattar Lucas Persson p\u00e5 s\u00f6ndagskv\u00e4llen.<\/p><\/blockquote>\n<p>Sveriges lag offrade precis allt som de hade. Carl Kagevi, som l\u00e5g 16:e i sammandraget, br\u00f6t sista etappen och d\u00e4rmed hela Tour du Loir-et-Cher. Samma sak f\u00f6r Eric Pedersen och Acke Dahlblom, men som de hade krigat f\u00f6r laget.<\/p>\n<blockquote><p>&#8221;N\u00e4r lagen gick ihop i dag blev det lite f\u00f6r mycket. Det har kostat mycket under veckan att h\u00e5lla ihop det f\u00f6r grabbarna s\u00e5 det var lite sura ben i dag.<\/p><\/blockquote>\n<p>Dansken Emil Toudal i Team ColoQuick har inte synts till speciellt mycket men fanns i gruppen med sju cyklister som hade 27 sekunders avst\u00e5nd till n\u00e4sta man och det r\u00e4ckte till seger i det s\u00e5 j\u00e4mna etapploppet.<\/p>\n<p>I den klungan fanns b\u00e5de Edvin Lovidius i gula ledartr\u00f6jan och Jakob S\u00f6derqvist i ungdomstr\u00f6jan i egenskap av tv\u00e5a i den t\u00e4vlingen efter S\u00f6dert\u00e4ljecyklisten. L\u00e4tta att h\u00e5lla koll p\u00e5 f\u00f6r resten av f\u00e4ltet med andra ord. De slutade p\u00e5 plats 59 respektive 57 denna s\u00f6ndagseftermiddag.<\/p>\n<h3>Totalst\u00e4llningen i Tour du Loir-et-Cher<\/h3>\n<ul>\n<li>1<strong> Emil Toudal<\/strong>, Danmark<\/li>\n<li>2<strong> Steffen de Schuyteneer<\/strong>, Belgien<\/li>\n<li>3 <strong>Axel van der Tuuk<\/strong>, Nederl\u00e4nderna<\/li>\n<li>5<strong> Edvin Lovidius<\/strong>, Sverige +0.21<\/li>\n<li>7 <strong>Jakob S\u00f6derqvist,<\/strong> Sverige +0.23<\/li>\n<li>99<strong> Lukas Vernersson<\/strong>, Sverige +4.20<\/li>\n<li>DNF<strong>\u00a0Acke Dahlblom<\/strong>, Sverige<\/li>\n<li>DNF<strong>\u00a0Eric Pedersen<\/strong>, Sverige<\/li>\n<li>DNF <strong>Carl Kagevi<\/strong>, Sverige<\/li>\n<\/ul>\n<p>I ungdomst\u00e4vlingen tappade svenskarna sin dubbelledning. I st\u00e4llet hamnade Lovidius tv\u00e5a och S\u00f6derqvist trea \u2013 fina men sura placeringar.<\/p>\n<a href=\"https:\/\/scf.se\/landsvag\/wp-content\/uploads\/sites\/5\/2024\/04\/Loir2.jpg\"><img loading=\"lazy\" decoding=\"async\" class=\"alignnone size-full wp-image-5018\" src=\"https:\/\/scf.se\/landsvag\/wp-content\/uploads\/sites\/5\/2024\/04\/Loir2.jpg\" alt=\"\" width=\"1168\" height=\"1156\" srcset=\"https:\/\/scf.se\/landsvag\/wp-content\/uploads\/sites\/5\/2024\/04\/Loir2.jpg 1168w, https:\/\/scf.se\/landsvag\/wp-content\/uploads\/sites\/5\/2024\/04\/Loir2-300x297.jpg 300w, https:\/\/scf.se\/landsvag\/wp-content\/uploads\/sites\/5\/2024\/04\/Loir2-1024x1013.jpg 1024w, https:\/\/scf.se\/landsvag\/wp-content\/uploads\/sites\/5\/2024\/04\/Loir2-768x760.jpg 768w\" sizes=\"auto, (max-width: 1168px) 100vw, 1168px\" \/><\/a>\n<p>S\u00f6derqvist var \u00e4ven sjua i po\u00e4ngt\u00e4vlingen. OCH Sverige var faktiskt bara fem ynka sekunder fr\u00e5n att vinna lagt\u00e4vlingen. Starkt var ordet.<\/p>\n<ul>\n<li><a href=\"https:\/\/www.procyclingstats.com\/race\/tour-du-loir-et-cher\/2024\/stage-5\"><em><strong>Alla resultat fr\u00e5n Tour du Loir-et-Cher 2024 h\u00e4r!<\/strong><\/em><\/a><\/li>\n<li><em><strong>Missa inte att kolla n\u00e4rvaron p\u00e5 @swecycling_lvg p\u00e5 Instagram.<\/strong><\/em><\/li>\n<\/ul>\n<p><em>Text och foto: SCF<\/em><\/p>\n<hr \/>\n<p><em><strong>Svenska Cykelf\u00f6rbundet \u00e4r stolta \u00f6ver att presentera v\u00e5ra samarbetspartners. Tack var dessa f\u00f6retag kan v\u00e5ra cyklister oftare t\u00e4vla internationellt i olika landslag.\u00a0<\/strong><\/em><\/p>\n<a href=\"https:\/\/scf.se\/forbundet\/sponsorer\/\"><img loading=\"lazy\" decoding=\"async\" class=\"alignnone size-full wp-image-3872\" src=\"https:\/\/scf.se\/landsvag\/wp-content\/uploads\/sites\/5\/2023\/02\/LiggandeBannerNyheterHemsida2023.png\" alt=\"\" width=\"1200\" height=\"200\" srcset=\"https:\/\/scf.se\/landsvag\/wp-content\/uploads\/sites\/5\/2023\/02\/LiggandeBannerNyheterHemsida2023.png 1200w, https:\/\/scf.se\/landsvag\/wp-content\/uploads\/sites\/5\/2023\/02\/LiggandeBannerNyheterHemsida2023-300x50.png 300w, https:\/\/scf.se\/landsvag\/wp-content\/uploads\/sites\/5\/2023\/02\/LiggandeBannerNyheterHemsida2023-1024x171.png 1024w, https:\/\/scf.se\/landsvag\/wp-content\/uploads\/sites\/5\/2023\/02\/LiggandeBannerNyheterHemsida2023-768x128.png 768w\" sizes=\"auto, (max-width: 1200px) 100vw, 1200px\" \/><\/a>\n<p>&nbsp;<\/p>\n<p>&nbsp;<\/p>\n","protected":false},"excerpt":{"rendered":"<p>Det svenska U23-landslaget gjorde en fantastisk k\u00e4mpainsats i l\u00f6rdags i Tour du Loir-et-Cher och lyckades beh\u00e5lla b\u00e5de den gula ledartr\u00f6jan med Edvin Lovidius och bl\u00e5 ungdomstr\u00f6jan som Jakob S\u00f6derqvist l\u00e5nade. P\u00e5 s\u00f6ndagen var det i st\u00e4llet stolpe ut d\u00e4r ingen svensk fanns med i sjumannagruppen d\u00e4r totalsegern delades ut. Lovidius femma i totalen och<a href=\"https:\/\/scf.se\/landsvag\/fantastisk-kampainsats-men-laget-fick-noja-sig-med-plats-5-och-7\/\" class=\"news-card__more\"> &#8230;<\/a><\/p>\n","protected":false},"author":41,"featured_media":4961,"comment_status":"open","ping_status":"open","sticky":false,"template":"","format":"standard","meta":{"_acf_changed":false,"footnotes":""},"categories":[1],"tags":[],"class_list":["post-5010","post","type-post","status-publish","format-standard","hentry","category-landsvag"],"acf":[],"_links":{"self":[{"href":"https:\/\/scf.se\/landsvag\/wp-json\/wp\/v2\/posts\/5010","targetHints":{"allow":["GET"]}}],"collection":[{"href":"https:\/\/scf.se\/landsvag\/wp-json\/wp\/v2\/posts"}],"about":[{"href":"https:\/\/scf.se\/landsvag\/wp-json\/wp\/v2\/types\/post"}],"author":[{"embeddable":true,"href":"https:\/\/scf.se\/landsvag\/wp-json\/wp\/v2\/users\/41"}],"replies":[{"embeddable":true,"href":"https:\/\/scf.se\/landsvag\/wp-json\/wp\/v2\/comments?post=5010"}],"version-history":[{"count":10,"href":"https:\/\/scf.se\/landsvag\/wp-json\/wp\/v2\/posts\/5010\/revisions"}],"predecessor-version":[{"id":5024,"href":"https:\/\/scf.se\/landsvag\/wp-json\/wp\/v2\/posts\/5010\/revisions\/5024"}],"wp:featuredmedia":[{"embeddable":true,"href":"https:\/\/scf.se\/landsvag\/wp-json\/wp\/v2\/media\/4961"}],"wp:attachment":[{"href":"https:\/\/scf.se\/landsvag\/wp-json\/wp\/v2\/media?parent=5010"}],"wp:term":[{"taxonomy":"category","embeddable":true,"href":"https:\/\/scf.se\/landsvag\/wp-json\/wp\/v2\/categories?post=5010"},{"taxonomy":"post_tag","embeddable":true,"href":"https:\/\/scf.se\/landsvag\/wp-json\/wp\/v2\/tags?post=5010"}],"curies":[{"name":"wp","href":"https:\/\/api.w.org\/{rel}","templated":true}]}}