
{"id":4995,"date":"2024-04-12T18:36:30","date_gmt":"2024-04-12T16:36:30","guid":{"rendered":"https:\/\/scf.se\/landsvag\/?p=4995"},"modified":"2024-04-12T18:37:50","modified_gmt":"2024-04-12T16:37:50","slug":"lovidius-tog-over-ledartrojan-efter-klockren-svensk-laginsats","status":"publish","type":"post","link":"https:\/\/scf.se\/landsvag\/lovidius-tog-over-ledartrojan-efter-klockren-svensk-laginsats\/","title":{"rendered":"Edvin Lovidius tog \u00f6ver ledartr\u00f6jan efter en fantastisk svensk laginsats!"},"content":{"rendered":"<p><strong>Edvin Lovidius tog \u00f6ver den gula ledartr\u00f6jan efter en lika tuff som sp\u00e4nnande tredje etapp i Tour du Loir-et-Cher. Jakob S\u00f6derqvist var tv\u00e5a och ligger trea i totalen, bara tv\u00e5 sekunder efter Edvin. Stor succ\u00e9 f\u00f6r Sveriges starka U23-lag i franska etapploppet \u00e4r bara f\u00f6rnamnet.\u00a0<\/strong><\/p>\n<a href=\"https:\/\/scf.se\/landsvag\/wp-content\/uploads\/sites\/5\/2024\/04\/EdvinL2.jpg\"><img loading=\"lazy\" decoding=\"async\" class=\"alignnone size-full wp-image-5004\" src=\"https:\/\/scf.se\/landsvag\/wp-content\/uploads\/sites\/5\/2024\/04\/EdvinL2.jpg\" alt=\"\" width=\"1024\" height=\"1280\" srcset=\"https:\/\/scf.se\/landsvag\/wp-content\/uploads\/sites\/5\/2024\/04\/EdvinL2.jpg 1024w, https:\/\/scf.se\/landsvag\/wp-content\/uploads\/sites\/5\/2024\/04\/EdvinL2-240x300.jpg 240w, https:\/\/scf.se\/landsvag\/wp-content\/uploads\/sites\/5\/2024\/04\/EdvinL2-819x1024.jpg 819w, https:\/\/scf.se\/landsvag\/wp-content\/uploads\/sites\/5\/2024\/04\/EdvinL2-768x960.jpg 768w\" sizes=\"auto, (max-width: 1024px) 100vw, 1024px\" \/><\/a>\n<blockquote><p>&#8221;Vilken j\u00e4kla dag! S\u00e5 roligt&#8221;, utbrister f\u00f6rbundskaptenen Lucas Persson spontant efter\u00e5t.<\/p><\/blockquote>\n<p>Det var ungef\u00e4r samma str\u00e4ckning mellan Fr\u00e9teval och Vend\u00f4me som f\u00f6rra \u00e5ret d\u00e5 Jakob S\u00f6derqvist vann efter en soloutbrytning med sex kilometer kvar. Och snacka om att den svenska succ\u00e9n upprepade sig, men nu med tv\u00e5 cyklister med uppe i toppen i totalen.<\/p>\n<p>Det mesta avl\u00f6pte i det n\u00e4rmaste perfekt f\u00f6r det svenska laget. Det b\u00f6rjade med att Calle Kagevi kom med i en tidig utbrytning. Sedan \u00e4r det lagk\u00f6rning n\u00e4r den \u00e4r som b\u00e4st i en backe efter 127 kilometer som g\u00e4nget hade snackat om innan att attackera i. H\u00e4r offrar sig Lukas Vernersson, Eric Pedersen och Acke Dahlblom stenh\u00e5rt f\u00f6r laget.<\/p>\n<blockquote><p>&#8221;Ja, de g\u00e5r upp alla tre och k\u00f6r J\u00c4RNET i den backen s\u00e5 att de kan s\u00e4tta b\u00e5de Jakob och Edvin i en bra position. Resultatet blir att b\u00e5de S\u00f6derqvist och Lovidius kommer iv\u00e4g i en grupp med sex cyklister som sedan kan brygga ikapp utbrytningen&#8221;, s\u00e4ger Lucas Persson.<\/p><\/blockquote>\n<p>Det uppst\u00e5r panik i klungan d\u00e5 flera av toppcyklisterna inte finns med d\u00e4r framme och exempelvis Sverige sitter i ett v\u00e4ldigt, v\u00e4ldigt bra l\u00e4ge med d\u00e5 17 cyklister loss med minuten. Avst\u00e5ndet g\u00e5r ner mot 25\u201330 sekunder med tv\u00e5 mil kvar.<\/p>\n<a href=\"https:\/\/scf.se\/landsvag\/wp-content\/uploads\/sites\/5\/2024\/04\/EdvinL3.jpg\"><img loading=\"lazy\" decoding=\"async\" class=\"alignnone size-full wp-image-5003\" src=\"https:\/\/scf.se\/landsvag\/wp-content\/uploads\/sites\/5\/2024\/04\/EdvinL3.jpg\" alt=\"\" width=\"1280\" height=\"1002\" srcset=\"https:\/\/scf.se\/landsvag\/wp-content\/uploads\/sites\/5\/2024\/04\/EdvinL3.jpg 1280w, https:\/\/scf.se\/landsvag\/wp-content\/uploads\/sites\/5\/2024\/04\/EdvinL3-300x235.jpg 300w, https:\/\/scf.se\/landsvag\/wp-content\/uploads\/sites\/5\/2024\/04\/EdvinL3-1024x802.jpg 1024w, https:\/\/scf.se\/landsvag\/wp-content\/uploads\/sites\/5\/2024\/04\/EdvinL3-768x601.jpg 768w\" sizes=\"auto, (max-width: 1280px) 100vw, 1280px\" \/><\/a>\n<blockquote><p>&#8221;D\u00e4r \u00e4r det ett spurtpris med tre bonussekunder, som Edvin tar \u2013 och det \u00e4r vad han beh\u00f6ver f\u00f6r att precis ta \u00f6ver totalen&#8221;, myser Lucas.<\/p><\/blockquote>\n<p>D\u00e5 Edvin Lovidius fanns med som nummer 14 i den gruppen toppar han i sammandraget! Det \u00e4r f\u00f6rvisso oerh\u00f6rt j\u00e4mnt i toppen men Sverige har inte bara gula ledartr\u00f6jan och d\u00e4rmed f\u00f6rst\u00e5s den vita ungdomstr\u00f6jan, utan Jakob S\u00f6derqvist som ett andra kort att spela ut p\u00e5 helgens avslutande etapper; tv\u00e5 sekunder och tv\u00e5 placeringar efter Lovidius.<\/p>\n<p>S\u00f6derqvist d\u00f6mdes till sist som tv\u00e5a i en spurt mellan 15 cyklister n\u00e4rmast f\u00f6re vassa 19-\u00e5rige norrmannen Storm Ingebrigtsen, som f\u00f6rst hade den placeringen, s\u00e5 Jakob snodde ocks\u00e5 \u00e5t sig n\u00e5gra sk\u00f6na bonussekunder. S\u00f6derqvist har dessutom slagl\u00e4ge p\u00e5 den gr\u00f6na po\u00e4ngtr\u00f6jan nu.<\/p>\n<blockquote><p>&#8221;Det \u00e4r ocks\u00e5 fantastiskt bra att Jakob lyckas bli tv\u00e5a p\u00e5 etappen. Vi k\u00f6rde ruggigt offensivt och anv\u00e4nde precis hela laget och s\u00e5 h\u00f6ll det hela v\u00e4gen. Det har varit en V\u00c4LDIGT rolig dag. Och vi \u00e4r extremt n\u00f6jda h\u00e4r nere&#8221;, s\u00e4ger Lucas Persson.<\/p><\/blockquote>\n<p>Det svenska laget k\u00f6rde n\u00e4stan osannolikt bra med 200 kilometer och tuff avslutning direkt efter tv\u00e5 mastiga 18-milslopp. Det var ett rej\u00e4lt h\u00e5rt jobb som g\u00e4llde. Carl Kagevi var ocks\u00e5 med h\u00f6gt upp, finns med som nummer 16 i totalen och Sverige \u00e4r solklar tv\u00e5a i lagt\u00e4vlingen med 35 sekunder ner till trean. Ni h\u00f6r!<\/p>\n<h3>S\u00e5 slutade tredje etappen av Tour du Loir-et-Cher<\/h3>\n<ul>\n<li>1<strong> Jelte Krijnsen<\/strong>, Nederl\u00e4nderna\/ Parkhotel<\/li>\n<li>2\u00a0<strong>Jakob S\u00f6derqvist,<\/strong> Sverige +0<\/li>\n<li>3 <strong>Storm Ingebrigtsen<\/strong>, Norge\/ Team Coop &#8211; Repsol<\/li>\n<li>14<strong> Edvin Lovidius<\/strong>, Sverige +0<\/li>\n<li>16 <strong>Carl Kagevi<\/strong>, Sverige +0.12<\/li>\n<li>73<strong>\u00a0Lukas Vernersson<\/strong>, Sverige +0.26<\/li>\n<li>99 <strong>Eric Pedersen<\/strong>, Sverige\u00a0+0.26<\/li>\n<li>117<strong>\u00a0Acke Dahlblom<\/strong>, Sverige +0.43<\/li>\n<\/ul>\n<a href=\"https:\/\/scf.se\/landsvag\/wp-content\/uploads\/sites\/5\/2024\/04\/EdvinL4.jpg\"><img loading=\"lazy\" decoding=\"async\" class=\"alignnone size-full wp-image-5002\" src=\"https:\/\/scf.se\/landsvag\/wp-content\/uploads\/sites\/5\/2024\/04\/EdvinL4.jpg\" alt=\"\" width=\"1512\" height=\"1562\" srcset=\"https:\/\/scf.se\/landsvag\/wp-content\/uploads\/sites\/5\/2024\/04\/EdvinL4.jpg 1512w, https:\/\/scf.se\/landsvag\/wp-content\/uploads\/sites\/5\/2024\/04\/EdvinL4-290x300.jpg 290w, https:\/\/scf.se\/landsvag\/wp-content\/uploads\/sites\/5\/2024\/04\/EdvinL4-991x1024.jpg 991w, https:\/\/scf.se\/landsvag\/wp-content\/uploads\/sites\/5\/2024\/04\/EdvinL4-768x793.jpg 768w, https:\/\/scf.se\/landsvag\/wp-content\/uploads\/sites\/5\/2024\/04\/EdvinL4-1487x1536.jpg 1487w\" sizes=\"auto, (max-width: 1512px) 100vw, 1512px\" \/><\/a>\n<h3>Totalst\u00e4llningen<\/h3>\n<ul>\n<li>1<strong>\u00a0Edvin Lovidius<\/strong>, Sverige<\/li>\n<li>2<strong> Stijn Daemen<\/strong>, Nederl\u00e4nderna +0.01<\/li>\n<li>3 <strong>Jakob S\u00f6derqvist,<\/strong> Sverige +0.02<\/li>\n<li>16 <strong>Carl Kagevi<\/strong>, Sverige +0.28<\/li>\n<li>68<strong>\u00a0Lukas Vernersson<\/strong>, Sverige +0.42<\/li>\n<li>75<strong> Eric Pedersen<\/strong>, Sverige +0.42<\/li>\n<li>88<strong> Acke Dahlblom<\/strong>, Sverige +0.59<\/li>\n<\/ul>\n<p>I helgen avslutas Tour du Loir-et-Cher med med f\u00f6rst ett kortare och lite l\u00e4ttar linjelopp \u00f6ver 121 kilometer med start och m\u00e5l i Salbris och sedan tolv varvs GP-lopp \u00f6ver 90 kilometer i Blois med en rej\u00e4l kn\u00e4ppa och i \u00f6vrigt platt som en pannkaka.<\/p>\n<ul>\n<li><a href=\"https:\/\/www.procyclingstats.com\/race\/tour-du-loir-et-cher\/2024\/stage-3\"><em><strong>Alla resultat fr\u00e5n tredje etappen och i totalt\u00e4vlingarna hittar ni h\u00e4r, \u00e4ven resultatrapportering fr\u00e5n helgens<\/strong><\/em><\/a><a href=\"https:\/\/www.procyclingstats.com\/race\/tour-du-loir-et-cher\/2024\/stage-2\"> <em><strong>Tour du Loir-et-Cher.<\/strong><\/em><\/a><\/li>\n<li><em><strong>Missa inte heller att kolla in @swecycling_lvg p\u00e5 Instagram under etapploppet!<\/strong><\/em><\/li>\n<\/ul>\n<p><em>Text och foto: SCF<br \/>\n<\/em><\/p>\n<hr \/>\n<p><em><strong>Svenska Cykelf\u00f6rbundet \u00e4r stolta \u00f6ver att presentera v\u00e5ra samarbetspartners.\u00a0<\/strong><\/em><\/p>\n<a href=\"https:\/\/scf.se\/forbundet\/sponsorer\/\"><img loading=\"lazy\" decoding=\"async\" class=\"alignnone size-full wp-image-3872\" src=\"https:\/\/scf.se\/landsvag\/wp-content\/uploads\/sites\/5\/2023\/02\/LiggandeBannerNyheterHemsida2023.png\" alt=\"\" width=\"1200\" height=\"200\" srcset=\"https:\/\/scf.se\/landsvag\/wp-content\/uploads\/sites\/5\/2023\/02\/LiggandeBannerNyheterHemsida2023.png 1200w, https:\/\/scf.se\/landsvag\/wp-content\/uploads\/sites\/5\/2023\/02\/LiggandeBannerNyheterHemsida2023-300x50.png 300w, https:\/\/scf.se\/landsvag\/wp-content\/uploads\/sites\/5\/2023\/02\/LiggandeBannerNyheterHemsida2023-1024x171.png 1024w, https:\/\/scf.se\/landsvag\/wp-content\/uploads\/sites\/5\/2023\/02\/LiggandeBannerNyheterHemsida2023-768x128.png 768w\" sizes=\"auto, (max-width: 1200px) 100vw, 1200px\" \/><\/a>\n","protected":false},"excerpt":{"rendered":"<p>Edvin Lovidius tog \u00f6ver den gula ledartr\u00f6jan efter en lika tuff som sp\u00e4nnande tredje etapp i Tour du Loir-et-Cher. Jakob S\u00f6derqvist var tv\u00e5a och ligger trea i totalen, bara tv\u00e5 sekunder efter Edvin. Stor succ\u00e9 f\u00f6r Sveriges starka U23-lag i franska etapploppet \u00e4r bara f\u00f6rnamnet.\u00a0 &#8221;Vilken j\u00e4kla dag! S\u00e5 roligt&#8221;, utbrister f\u00f6rbundskaptenen Lucas Persson<a href=\"https:\/\/scf.se\/landsvag\/lovidius-tog-over-ledartrojan-efter-klockren-svensk-laginsats\/\" class=\"news-card__more\"> &#8230;<\/a><\/p>\n","protected":false},"author":41,"featured_media":5005,"comment_status":"open","ping_status":"open","sticky":false,"template":"","format":"standard","meta":{"_acf_changed":false,"footnotes":""},"categories":[1],"tags":[],"class_list":["post-4995","post","type-post","status-publish","format-standard","hentry","category-landsvag"],"acf":[],"_links":{"self":[{"href":"https:\/\/scf.se\/landsvag\/wp-json\/wp\/v2\/posts\/4995","targetHints":{"allow":["GET"]}}],"collection":[{"href":"https:\/\/scf.se\/landsvag\/wp-json\/wp\/v2\/posts"}],"about":[{"href":"https:\/\/scf.se\/landsvag\/wp-json\/wp\/v2\/types\/post"}],"author":[{"embeddable":true,"href":"https:\/\/scf.se\/landsvag\/wp-json\/wp\/v2\/users\/41"}],"replies":[{"embeddable":true,"href":"https:\/\/scf.se\/landsvag\/wp-json\/wp\/v2\/comments?post=4995"}],"version-history":[{"count":10,"href":"https:\/\/scf.se\/landsvag\/wp-json\/wp\/v2\/posts\/4995\/revisions"}],"predecessor-version":[{"id":5009,"href":"https:\/\/scf.se\/landsvag\/wp-json\/wp\/v2\/posts\/4995\/revisions\/5009"}],"wp:featuredmedia":[{"embeddable":true,"href":"https:\/\/scf.se\/landsvag\/wp-json\/wp\/v2\/media\/5005"}],"wp:attachment":[{"href":"https:\/\/scf.se\/landsvag\/wp-json\/wp\/v2\/media?parent=4995"}],"wp:term":[{"taxonomy":"category","embeddable":true,"href":"https:\/\/scf.se\/landsvag\/wp-json\/wp\/v2\/categories?post=4995"},{"taxonomy":"post_tag","embeddable":true,"href":"https:\/\/scf.se\/landsvag\/wp-json\/wp\/v2\/tags?post=4995"}],"curies":[{"name":"wp","href":"https:\/\/api.w.org\/{rel}","templated":true}]}}