
{"id":498,"date":"2016-03-03T13:41:33","date_gmt":"2016-03-03T12:41:33","guid":{"rendered":"http:\/\/scf.se\/landsvag\/?p=498"},"modified":"2016-03-06T09:17:50","modified_gmt":"2016-03-06T08:17:50","slug":"emma-johansson-tvaa-i-world-tour-genrep","status":"publish","type":"post","link":"https:\/\/scf.se\/landsvag\/emma-johansson-tvaa-i-world-tour-genrep\/","title":{"rendered":"Emma Johansson p\u00e5  pallen i tour-premi\u00e4r"},"content":{"rendered":"<p>Emma Johansson fick en dr\u00f6mstart i damcykelns nya World Tour. Svenskan fick kliva upp p\u00e5 prispallen efter tredjeplatsen i premi\u00e4rt\u00e4vlingen Strade Bianche.<\/p>\n<p>\u2013 Jag k\u00e4nde mig stark och formen \u00e4r absolut p\u00e5 g\u00e5ng.\u00a0 De flesta detaljer \u00e4r p\u00e5 v\u00e4g att hamna p\u00e5 r\u00e4tt plats, s\u00e4ger Emma Johansson till worldcupvargarda.se.<\/p>\n<p>I regn och h\u00e5rd vind tillh\u00f6rde Emma Johansson en trio som ryckte loss fr\u00e5n klungan under de sista milen av det 121 kilometer l\u00e5nga loppet med start och m\u00e5l italienska Siena. Men i den sista uppf\u00f6rsk\u00f6rningen orkade inte svenskan h\u00e4nga p\u00e5 regerande v\u00e4rldsm\u00e4staren, brittiskan Lizzie Armitstead.<\/p>\n<p>\u2013 Det \u00e4r den d\u00e4r sista explosiviteten som saknas just nu. Men jag \u00e4r s\u00e4ker p\u00e5 att ocks\u00e5 den delen kommer snart. Jag har kommit in i mitt nya lag p\u00e5 riktigt nu och f\u00e5tt ordning p\u00e5 b\u00e5de material och sj\u00e4lvf\u00f6rtroende, s\u00e4ger Emma Johansson.<\/p>\n<p>Polskan Katarzyna Niewiadoma tog andraplatsen.<\/p>\n<p>Women\u00b4s World Tour forts\u00e4tter om en vecka med Ronde van Drenthe i Holland.<\/p>\n<p><span style=\"line-height: 1.5;\">Text och bild: V\u00e5rg\u00e5rda CK<\/span><\/p>\n","protected":false},"excerpt":{"rendered":"<p>Emma Johansson fick en dr\u00f6mstart i damcykelns nya World Tour. Svenskan fick kliva upp p\u00e5 prispallen efter tredjeplatsen i premi\u00e4rt\u00e4vlingen Strade Bianche. \u2013 Jag k\u00e4nde mig stark och formen \u00e4r absolut p\u00e5 g\u00e5ng.\u00a0 De flesta detaljer \u00e4r p\u00e5 v\u00e4g att hamna p\u00e5 r\u00e4tt plats, s\u00e4ger Emma Johansson till worldcupvargarda.se. I regn och h\u00e5rd vind<a href=\"https:\/\/scf.se\/landsvag\/emma-johansson-tvaa-i-world-tour-genrep\/\" class=\"news-card__more\"> &#8230;<\/a><\/p>\n","protected":false},"author":2,"featured_media":0,"comment_status":"open","ping_status":"open","sticky":false,"template":"","format":"standard","meta":{"_acf_changed":false,"footnotes":""},"categories":[1],"tags":[],"class_list":["post-498","post","type-post","status-publish","format-standard","hentry","category-landsvag"],"acf":[],"_links":{"self":[{"href":"https:\/\/scf.se\/landsvag\/wp-json\/wp\/v2\/posts\/498","targetHints":{"allow":["GET"]}}],"collection":[{"href":"https:\/\/scf.se\/landsvag\/wp-json\/wp\/v2\/posts"}],"about":[{"href":"https:\/\/scf.se\/landsvag\/wp-json\/wp\/v2\/types\/post"}],"author":[{"embeddable":true,"href":"https:\/\/scf.se\/landsvag\/wp-json\/wp\/v2\/users\/2"}],"replies":[{"embeddable":true,"href":"https:\/\/scf.se\/landsvag\/wp-json\/wp\/v2\/comments?post=498"}],"version-history":[{"count":0,"href":"https:\/\/scf.se\/landsvag\/wp-json\/wp\/v2\/posts\/498\/revisions"}],"wp:attachment":[{"href":"https:\/\/scf.se\/landsvag\/wp-json\/wp\/v2\/media?parent=498"}],"wp:term":[{"taxonomy":"category","embeddable":true,"href":"https:\/\/scf.se\/landsvag\/wp-json\/wp\/v2\/categories?post=498"},{"taxonomy":"post_tag","embeddable":true,"href":"https:\/\/scf.se\/landsvag\/wp-json\/wp\/v2\/tags?post=498"}],"curies":[{"name":"wp","href":"https:\/\/api.w.org\/{rel}","templated":true}]}}