
{"id":4979,"date":"2024-04-12T08:35:10","date_gmt":"2024-04-12T06:35:10","guid":{"rendered":"https:\/\/scf.se\/landsvag\/?p=4979"},"modified":"2024-04-12T11:09:38","modified_gmt":"2024-04-12T09:09:38","slug":"ny-stark-svensk-etapp-soderqvist-var-femma-i-dramatisk-avslutning","status":"publish","type":"post","link":"https:\/\/scf.se\/landsvag\/ny-stark-svensk-etapp-soderqvist-var-femma-i-dramatisk-avslutning\/","title":{"rendered":"Ny stark svensk etapp \u2013 S\u00f6derqvist var femma i dramatisk avslutning"},"content":{"rendered":"<p><strong>Det svenska U23-laget k\u00f6r verkligen bra i Tour du Loir-et-Cher d\u00e4r s\u00e5v\u00e4l Edvin Lovidius som Jakob S\u00f6derqvist \u00e4r med h\u00f6gt upp i b\u00e5de kampen om den gula och givetvis d\u00e5 \u00e4ven ungdomstr\u00f6jan. S\u00f6derqvist var femma p\u00e5 etapp tv\u00e5 \u2013 och hade bud p\u00e5 mera efter att ha g\u00e5tt solo men h\u00e4mtats in tv\u00e5 g\u00e5nger i sluthetsen under de sista tv\u00e5 kilometerna.<\/strong><\/p>\n<p>Det var en ny 18-milare p\u00e5 andra etappen av Tour du Loir-et-Cher, n\u00e4rmare best\u00e4mt 184 kilometer med 1400 h\u00f6jdmeter att ta under torsdagen.<\/p>\n<p>Det var en h\u00e5rd etapp, lite likt onsdagens med sm\u00e5kuperat och dessutom smala franska v\u00e4gar att hantera f\u00f6r klungan. Det var sedan ett slutvarv som skulle avverkas tre g\u00e5nger. D\u00e4r var det v\u00e4ldigt smala v\u00e4gar och \u00e4ven en 180-graderskurva med mycket som kunde h\u00e4nda.<\/p>\n<blockquote><p>&#8221;Det blev ocks\u00e5 lite krascher d\u00e4r p\u00e5 slutet. N\u00e4r vi kom in p\u00e5 slutvarven var det en grupp p\u00e5 fem \u00e5kare \u2013 f\u00f6rst tv\u00e5 som var loss och sedan ytterligare tre som bryggade upp \u2013 som hade dryga minuten p\u00e5 huvudklungan med tre mil kvar. Det var n\u00e5gra lag som tog ansvar och jagade och vi var ocks\u00e5 med p\u00e5 noterna d\u00e4r&#8221;, s\u00e4ger f\u00f6rbundskaptenen Lucas Persson, vars duktiga U23-lag dels hade Edvin Lovidius i ungdomstr\u00f6jan att skydda och dels en avslutning som passade Jakob S\u00f6derqvist som \u00e4r v\u00e4ldigt skicklig just n\u00e4r det \u00e4r smalt och mycket sv\u00e4ng.<\/p><\/blockquote>\n<p>Edvin fastnade bakom en krasch, gjorde det bra f\u00f6r att \u00e5teransluta men det sprack \u00e4nd\u00e5 av lite s\u00e5 det var en grupp p\u00e5 tretton cyklister som skulle g\u00f6ra upp om etappsegern och bonussekunderna. Med i gruppen: Jakob S\u00f6derqvist!<\/p>\n<blockquote><p>&#8221;Det var v\u00e4ldigt bra. Jakob f\u00f6rs\u00f6ker d\u00e5 tv\u00e5 g\u00e5nger att g\u00e5 solo; f\u00f6rst med tv\u00e5 kilometer kvar och sedan \u00e4ven med 500 meter till m\u00e5l. De h\u00e4mtar in honom, men han blir femma och visar att han ocks\u00e5 \u00e4r med i matchen&#8221;, rapporterar Lucas Persson.<\/p><\/blockquote>\n<h3>S\u00e5 slutade andra etappen av Tour du Loir-et-Cher<\/h3>\n<ul>\n<li>1<strong> Simon Dehars<\/strong>, Belgien, 4.03.16<\/li>\n<li>5 <strong>Jakob S\u00f6derqvist,<\/strong> Sverige +0<\/li>\n<li>54 <strong>Carl Kagevi<\/strong>, Sverige +0.08<\/li>\n<li>59 <strong>Eric Pedersen<\/strong>, Sverige +0.08<\/li>\n<li>62 <strong>Edvin Lovidius<\/strong>, Sverige +0.08<\/li>\n<li>74 <strong>Acke Dahlblom<\/strong>, Sverige +0.08<\/li>\n<li>87<strong> Lukas Vernersson<\/strong>, Sverige +0.08<\/li>\n<\/ul>\n<p>D\u00e4rmed \u00e4r Lovidius trea i totalen med 17 sekunder upp till ledande belgaren Lorenz van de Wynkele fr\u00e5n Lotto-Dstnys utvecklingslag. S\u00f6derqvist \u00e4r nia, tre sekunder ytterligare efter.<\/p>\n<p>Lovidius tappade ungdomstr\u00f6jan andra dagen men det skiljer bara en sekund d\u00e4r och S\u00f6derqvist \u00e4r fyra och alla andra har slagl\u00e4ge om exempelvis en tidig utbrytning skulle g\u00e5 hem.<\/p>\n<p>Sp\u00e4nnande forts\u00e4ttning f\u00f6ljer under fredagen med den tuffaste etappen. Den \u00e4r drygt 20 mil l\u00e5ng och har tuff avslutning. Den har ungef\u00e4r samma str\u00e4ckning som f\u00f6rra \u00e5ret \u2013 och d\u00e5 vann Jakob S\u00f6derqvist efter en soloutbrytning med dryga halvmilen kvar.<\/p>\n<ul>\n<li><a href=\"https:\/\/www.procyclingstats.com\/race\/tour-du-loir-et-cher\/2024\/stage-2\"><em><strong>Alla resultat fr\u00e5n andra etappen och i totalt\u00e4vlingarna hittar ni h\u00e4r, \u00e4ven resultatrapportering fr\u00e5n resten av<\/strong><\/em><\/a><a href=\"https:\/\/www.procyclingstats.com\/race\/tour-du-loir-et-cher\/2024\/stage-2\"> <em><strong>Tour du Loir-et-Cher.<\/strong><\/em><\/a><\/li>\n<li><em><strong>Kolla ocks\u00e5 in @swecycling_lvg p\u00e5 Instagram under etapploppet.<\/strong><\/em><\/li>\n<\/ul>\n<p><em>Text: Tomas Larsson\/SCF<br \/>\nFoto: SCF<\/em><\/p>\n<hr \/>\n<p><em><strong>Svenska Cykelf\u00f6rbundet \u00e4r stolta \u00f6ver att presentera v\u00e5ra samarbetspartners.\u00a0<\/strong><\/em><\/p>\n<a href=\"https:\/\/scf.se\/forbundet\/sponsorer\/\"><img loading=\"lazy\" decoding=\"async\" class=\"alignnone size-full wp-image-3872\" src=\"https:\/\/scf.se\/landsvag\/wp-content\/uploads\/sites\/5\/2023\/02\/LiggandeBannerNyheterHemsida2023.png\" alt=\"\" width=\"1200\" height=\"200\" srcset=\"https:\/\/scf.se\/landsvag\/wp-content\/uploads\/sites\/5\/2023\/02\/LiggandeBannerNyheterHemsida2023.png 1200w, https:\/\/scf.se\/landsvag\/wp-content\/uploads\/sites\/5\/2023\/02\/LiggandeBannerNyheterHemsida2023-300x50.png 300w, https:\/\/scf.se\/landsvag\/wp-content\/uploads\/sites\/5\/2023\/02\/LiggandeBannerNyheterHemsida2023-1024x171.png 1024w, https:\/\/scf.se\/landsvag\/wp-content\/uploads\/sites\/5\/2023\/02\/LiggandeBannerNyheterHemsida2023-768x128.png 768w\" sizes=\"auto, (max-width: 1200px) 100vw, 1200px\" \/><\/a>\n<p>&nbsp;<\/p>\n","protected":false},"excerpt":{"rendered":"<p>Det svenska U23-laget k\u00f6r verkligen bra i Tour du Loir-et-Cher d\u00e4r s\u00e5v\u00e4l Edvin Lovidius som Jakob S\u00f6derqvist \u00e4r med h\u00f6gt upp i b\u00e5de kampen om den gula och givetvis d\u00e5 \u00e4ven ungdomstr\u00f6jan. S\u00f6derqvist var femma p\u00e5 etapp tv\u00e5 \u2013 och hade bud p\u00e5 mera efter att ha g\u00e5tt solo men h\u00e4mtats in tv\u00e5 g\u00e5nger<a href=\"https:\/\/scf.se\/landsvag\/ny-stark-svensk-etapp-soderqvist-var-femma-i-dramatisk-avslutning\/\" class=\"news-card__more\"> &#8230;<\/a><\/p>\n","protected":false},"author":41,"featured_media":4982,"comment_status":"open","ping_status":"open","sticky":false,"template":"","format":"standard","meta":{"_acf_changed":false,"footnotes":""},"categories":[1],"tags":[],"class_list":["post-4979","post","type-post","status-publish","format-standard","hentry","category-landsvag"],"acf":[],"_links":{"self":[{"href":"https:\/\/scf.se\/landsvag\/wp-json\/wp\/v2\/posts\/4979","targetHints":{"allow":["GET"]}}],"collection":[{"href":"https:\/\/scf.se\/landsvag\/wp-json\/wp\/v2\/posts"}],"about":[{"href":"https:\/\/scf.se\/landsvag\/wp-json\/wp\/v2\/types\/post"}],"author":[{"embeddable":true,"href":"https:\/\/scf.se\/landsvag\/wp-json\/wp\/v2\/users\/41"}],"replies":[{"embeddable":true,"href":"https:\/\/scf.se\/landsvag\/wp-json\/wp\/v2\/comments?post=4979"}],"version-history":[{"count":0,"href":"https:\/\/scf.se\/landsvag\/wp-json\/wp\/v2\/posts\/4979\/revisions"}],"wp:featuredmedia":[{"embeddable":true,"href":"https:\/\/scf.se\/landsvag\/wp-json\/wp\/v2\/media\/4982"}],"wp:attachment":[{"href":"https:\/\/scf.se\/landsvag\/wp-json\/wp\/v2\/media?parent=4979"}],"wp:term":[{"taxonomy":"category","embeddable":true,"href":"https:\/\/scf.se\/landsvag\/wp-json\/wp\/v2\/categories?post=4979"},{"taxonomy":"post_tag","embeddable":true,"href":"https:\/\/scf.se\/landsvag\/wp-json\/wp\/v2\/tags?post=4979"}],"curies":[{"name":"wp","href":"https:\/\/api.w.org\/{rel}","templated":true}]}}