
{"id":4957,"date":"2024-04-10T21:18:08","date_gmt":"2024-04-10T19:18:08","guid":{"rendered":"https:\/\/scf.se\/landsvag\/?p=4957"},"modified":"2024-04-12T11:09:05","modified_gmt":"2024-04-12T09:09:05","slug":"grym-start-pa-franskt-etapplopp-dar-lovidius-var-centimetern-fran-seger","status":"publish","type":"post","link":"https:\/\/scf.se\/landsvag\/grym-start-pa-franskt-etapplopp-dar-lovidius-var-centimetern-fran-seger\/","title":{"rendered":"Bra start p\u00e5 franskt etapplopp \u2013 d\u00e4r Lovidius var centimetern fr\u00e5n seger"},"content":{"rendered":"<p><strong>F\u00f6rra \u00e5ret fick Jakob S\u00f6derqvist sitt internationella genombrott genom etappvinsten i Tour du Loir-et-Cher. Det var s\u00e5 extremt n\u00e4ra redan dag ett att Edvin Lovidius upprepade den placeringen i det franska etapploppet. Det var V\u00c4LDIGT tajt och Lovidius \u00a0var bara centimetern fr\u00e5n segern. Men en andraplats f\u00f6r Lovidius och resten av laget i huvudklungan sju sekunder senare \u00e4r lika med en svensk pangstart.\u00a0<\/strong><\/p>\n<p>Med en klassisk 18-milare och kantvind p\u00e5 flera st\u00e4llen blev det en tuff f\u00f6rsta etapp och v\u00e4ldigt starkt att f\u00e5 in hela laget i huvudklungan.<\/p>\n<blockquote><p>&#8221;Det var dessutom h\u00f6g fart hela tiden&#8221;, s\u00e4ger f\u00f6rbundskaptenen Lucas Persson, som ber\u00e4ttar s\u00e5 h\u00e4r om dramatiken ur svensk synvinkel.<\/p>\n<p>&#8221;Med 100 kilometer kvar g\u00e5r det loss en grupp p\u00e5 fem \u00e5kare, varav en \u00e4r Edvin Lovidius. Det var flera starka lag med, som Lotto-Dstny och Soudal Quicksteps utvecklingslag. Sedan var det tv\u00e5 franska lag och s\u00e5 var det Sverige&#8230;&#8221;<\/p><\/blockquote>\n<p>L\u00e4nge h\u00e5ll den stora huvudklungan full koll p\u00e5 den intressanta utbrytargruppen med den regerande svenska U23-m\u00e4staren d\u00e5 de bara sl\u00e4ppte runt minuten. Men s\u00e5 gick det upp till tv\u00e5 minuter n\u00e4r det var dags f\u00f6r slutvarven \u00f6ver \u00e5tta kilometer. Lucas ber\u00e4ttar:<\/p>\n<blockquote><p>&#8221;N\u00e4r vi gick ut p\u00e5 det sista varvet l\u00e5g avst\u00e5ndet p\u00e5 tolv-tretton sekunder. Sedan blev det lite krascher i klungan och fyra fr\u00e5n gruppen h\u00e5ller undan!&#8221;<\/p><\/blockquote>\n<a href=\"https:\/\/scf.se\/landsvag\/wp-content\/uploads\/sites\/5\/2024\/04\/Bilder-malg2.jpg\"><img loading=\"lazy\" decoding=\"async\" class=\"alignnone size-full wp-image-4971\" src=\"https:\/\/scf.se\/landsvag\/wp-content\/uploads\/sites\/5\/2024\/04\/Bilder-malg2.jpg\" alt=\"\" width=\"1170\" height=\"1201\" srcset=\"https:\/\/scf.se\/landsvag\/wp-content\/uploads\/sites\/5\/2024\/04\/Bilder-malg2.jpg 1170w, https:\/\/scf.se\/landsvag\/wp-content\/uploads\/sites\/5\/2024\/04\/Bilder-malg2-292x300.jpg 292w, https:\/\/scf.se\/landsvag\/wp-content\/uploads\/sites\/5\/2024\/04\/Bilder-malg2-998x1024.jpg 998w, https:\/\/scf.se\/landsvag\/wp-content\/uploads\/sites\/5\/2024\/04\/Bilder-malg2-768x788.jpg 768w\" sizes=\"auto, (max-width: 1170px) 100vw, 1170px\" \/><\/a>\n<p>P\u00e5 m\u00e5llinjen \u00e4r det s\u00e5 n\u00e4ra d\u00f6tt lopp som det kan bli. P\u00e5 Lucas Perssons egen stream (<a href=\"https:\/\/www.facebook.com\/swecycling\"><strong><em>se SWE Cyclings Facebook-plattform<\/em><\/strong><\/a>) ser Edvin Lovidius ut ha vunnit och det trodde de flesta sekunderna efter m\u00e5lg\u00e5ngen. Men efter en stund utropades belgaren Lorenz van de Wynkele fr\u00e5n Lotto-Destny\u00a0 som segrare.<\/p>\n<blockquote><p>&#8221;Edvin tog f\u00f6rst mycket ansvar och s\u00e5g \u00e4nd\u00e5 ut att ha vunnit. F\u00f6r just efter m\u00e5llinjen \u00e4r Edvin om Lotto-Dstny-killen i alla fall. P\u00e5 m\u00e5llinjen \u00e4r det uppenbarligen v\u00e4ldigt, v\u00e4ldigt tajt. Det m\u00e5ste ha r\u00f6rt sig om centimetern. Men v\u00e4ldigt bra gjort av Edvin att bli tv\u00e5a och en bra f\u00f6rsta dag \u00e4ven f\u00f6r resten av laget&#8221;, s\u00e4ger Lucas Persson.<\/p><\/blockquote>\n<h3><strong>S\u00e5 slutade <\/strong><strong>f\u00f6rsta etappen av <\/strong><strong>Tour du Loir-et-Cher\u00a0<\/strong><\/h3>\n<ul>\n<li>1 L<strong>orenz van de Wynkele,<\/strong> Belgien, 4.00.16<\/li>\n<li>2<strong> Edvin Lovidius<\/strong>, Sverige +0<\/li>\n<li>3<strong> Stijn Daemen,<\/strong> Nederl\u00e4nderna +0.03<\/li>\n<li>38 <strong>Carl Kagevi,<\/strong> Sverige +0.07<\/li>\n<li>39<strong> Jakob S\u00f6derqvist,<\/strong> Sverige +0.07<\/li>\n<li>62 <strong>Lukas Vernersson<\/strong>, Sverige +0.07<\/li>\n<li>86<strong> Acke Dahlblom,<\/strong> Sverige +0.07<\/li>\n<li>93 <strong>Eric Pedersen,<\/strong> Sverige +0.07<\/li>\n<\/ul>\n<a href=\"https:\/\/scf.se\/landsvag\/wp-content\/uploads\/sites\/5\/2024\/04\/Loir.jpg\"><img loading=\"lazy\" decoding=\"async\" class=\"alignnone size-full wp-image-4961\" src=\"https:\/\/scf.se\/landsvag\/wp-content\/uploads\/sites\/5\/2024\/04\/Loir.jpg\" alt=\"\" width=\"1535\" height=\"1097\" srcset=\"https:\/\/scf.se\/landsvag\/wp-content\/uploads\/sites\/5\/2024\/04\/Loir.jpg 1535w, https:\/\/scf.se\/landsvag\/wp-content\/uploads\/sites\/5\/2024\/04\/Loir-300x214.jpg 300w, https:\/\/scf.se\/landsvag\/wp-content\/uploads\/sites\/5\/2024\/04\/Loir-1024x732.jpg 1024w, https:\/\/scf.se\/landsvag\/wp-content\/uploads\/sites\/5\/2024\/04\/Loir-768x549.jpg 768w\" sizes=\"auto, (max-width: 1535px) 100vw, 1535px\" \/><\/a>\n<p><a href=\"https:\/\/www.procyclingstats.com\/race\/tour-du-loir-et-cher\/2024\/stage-1\"><em><strong>Alla resultat fr\u00e5n f\u00f6rsta etappen hittar ni h\u00e4r!<\/strong><\/em><\/a><\/p>\n<p>Edvin Lovidius tog dessutom hand om ungdomstr\u00f6jan, plus att Sverige leder lagt\u00e4vlingen. Starkt. Enda incidenten i svenska laget var Lukas Vernerssons vurpa, men han kom upp och tillbaka bra och ansl\u00f6t som synes till huvudklungan.<\/p>\n<p>Den 63:e upplagan av\u00a0 Tour du Loir et Cher \u00e4r UCI 2.2-klassad men har m\u00e5nga bra cyklister och flera av World tour teamens starka utvecklingslag \u00e4r p\u00e5 plats, plus att Lidl &#8211; Trek Future Racing har l\u00e5nat ut S\u00f6derqvist till svenska landslaget. Forts\u00e4ttning f\u00f6ljer&#8230;<\/p>\n<p><em>Text: Tomas Larsson\/SCF<br \/>\nFoto: SCF och privat<\/em><\/p>\n<hr \/>\n<p><em><strong>Svenska Cykelf\u00f6rbundet \u00e4r stolta \u00f6ver att presentera v\u00e5ra samarbetspartners. <\/strong><\/em><a href=\"https:\/\/scf.se\/forbundet\/sponsorer\/\"><img loading=\"lazy\" decoding=\"async\" class=\"alignnone size-full wp-image-3872\" src=\"https:\/\/scf.se\/landsvag\/wp-content\/uploads\/sites\/5\/2023\/02\/LiggandeBannerNyheterHemsida2023.png\" alt=\"\" width=\"1200\" height=\"200\" srcset=\"https:\/\/scf.se\/landsvag\/wp-content\/uploads\/sites\/5\/2023\/02\/LiggandeBannerNyheterHemsida2023.png 1200w, https:\/\/scf.se\/landsvag\/wp-content\/uploads\/sites\/5\/2023\/02\/LiggandeBannerNyheterHemsida2023-300x50.png 300w, https:\/\/scf.se\/landsvag\/wp-content\/uploads\/sites\/5\/2023\/02\/LiggandeBannerNyheterHemsida2023-1024x171.png 1024w, https:\/\/scf.se\/landsvag\/wp-content\/uploads\/sites\/5\/2023\/02\/LiggandeBannerNyheterHemsida2023-768x128.png 768w\" sizes=\"auto, (max-width: 1200px) 100vw, 1200px\" \/><\/a><\/p>\n","protected":false},"excerpt":{"rendered":"<p>F\u00f6rra \u00e5ret fick Jakob S\u00f6derqvist sitt internationella genombrott genom etappvinsten i Tour du Loir-et-Cher. Det var s\u00e5 extremt n\u00e4ra redan dag ett att Edvin Lovidius upprepade den placeringen i det franska etapploppet. Det var V\u00c4LDIGT tajt och Lovidius \u00a0var bara centimetern fr\u00e5n segern. Men en andraplats f\u00f6r Lovidius och resten av laget i huvudklungan<a href=\"https:\/\/scf.se\/landsvag\/grym-start-pa-franskt-etapplopp-dar-lovidius-var-centimetern-fran-seger\/\" class=\"news-card__more\"> &#8230;<\/a><\/p>\n","protected":false},"author":41,"featured_media":4961,"comment_status":"open","ping_status":"open","sticky":false,"template":"","format":"standard","meta":{"_acf_changed":false,"footnotes":""},"categories":[1],"tags":[],"class_list":["post-4957","post","type-post","status-publish","format-standard","hentry","category-landsvag"],"acf":[],"_links":{"self":[{"href":"https:\/\/scf.se\/landsvag\/wp-json\/wp\/v2\/posts\/4957","targetHints":{"allow":["GET"]}}],"collection":[{"href":"https:\/\/scf.se\/landsvag\/wp-json\/wp\/v2\/posts"}],"about":[{"href":"https:\/\/scf.se\/landsvag\/wp-json\/wp\/v2\/types\/post"}],"author":[{"embeddable":true,"href":"https:\/\/scf.se\/landsvag\/wp-json\/wp\/v2\/users\/41"}],"replies":[{"embeddable":true,"href":"https:\/\/scf.se\/landsvag\/wp-json\/wp\/v2\/comments?post=4957"}],"version-history":[{"count":0,"href":"https:\/\/scf.se\/landsvag\/wp-json\/wp\/v2\/posts\/4957\/revisions"}],"wp:featuredmedia":[{"embeddable":true,"href":"https:\/\/scf.se\/landsvag\/wp-json\/wp\/v2\/media\/4961"}],"wp:attachment":[{"href":"https:\/\/scf.se\/landsvag\/wp-json\/wp\/v2\/media?parent=4957"}],"wp:term":[{"taxonomy":"category","embeddable":true,"href":"https:\/\/scf.se\/landsvag\/wp-json\/wp\/v2\/categories?post=4957"},{"taxonomy":"post_tag","embeddable":true,"href":"https:\/\/scf.se\/landsvag\/wp-json\/wp\/v2\/tags?post=4957"}],"curies":[{"name":"wp","href":"https:\/\/api.w.org\/{rel}","templated":true}]}}