
{"id":4939,"date":"2024-04-08T11:21:56","date_gmt":"2024-04-08T09:21:56","guid":{"rendered":"https:\/\/scf.se\/landsvag\/?p=4939"},"modified":"2024-04-09T09:52:53","modified_gmt":"2024-04-09T07:52:53","slug":"vilgot-reinhold-blev-basta-svensk-pa-juniorernas-tuffa-paris-roubaix","status":"publish","type":"post","link":"https:\/\/scf.se\/landsvag\/vilgot-reinhold-blev-basta-svensk-pa-juniorernas-tuffa-paris-roubaix\/","title":{"rendered":"Vilgot Reinhold blev b\u00e4sta svenska cyklist i tufft Paris-Roubaix Juniors"},"content":{"rendered":"<p><strong>Paris-Roubaix Juniors, tillika \u00e5rets f\u00f6rsta Nations cup, \u00e4r ocks\u00e5 en av \u00e5rets tuffaste t\u00e4vlingar \u00f6ver 17 klassiska pav\u00e9avsnitt. Det svenska laget fick en tr\u00f6g start in i f\u00f6rsta pav\u00e9avsnittet som sedan pr\u00e4glade hela dagen d\u00e4r Vilgot Reinhold var b\u00e4sta svensk p\u00e5 en 62:aplats, dryga elva minuter till den slovenska duellen om segern inne p\u00e5 velodromen i Roubaix. Jakob S\u00f6derqvist S\u00f6derqvist var 54:a i U23-loppet.<\/strong><\/p>\n<p>Lecelles till Roubaix, med 111 tuffa kilometer \u00f6ver m\u00e5nga klassiska pav\u00e9avsnitt, n\u00e4rmare best\u00e4mt 17 sektorer och n\u00e4ra p\u00e5 tre mil kullersten.<\/p>\n<a href=\"https:\/\/scf.se\/landsvag\/wp-content\/uploads\/sites\/5\/2024\/04\/P-Rob2.jpg\"><img loading=\"lazy\" decoding=\"async\" class=\"alignnone size-full wp-image-4943\" src=\"https:\/\/scf.se\/landsvag\/wp-content\/uploads\/sites\/5\/2024\/04\/P-Rob2.jpg\" alt=\"\" width=\"1280\" height=\"836\" srcset=\"https:\/\/scf.se\/landsvag\/wp-content\/uploads\/sites\/5\/2024\/04\/P-Rob2.jpg 1280w, https:\/\/scf.se\/landsvag\/wp-content\/uploads\/sites\/5\/2024\/04\/P-Rob2-300x196.jpg 300w, https:\/\/scf.se\/landsvag\/wp-content\/uploads\/sites\/5\/2024\/04\/P-Rob2-1024x669.jpg 1024w, https:\/\/scf.se\/landsvag\/wp-content\/uploads\/sites\/5\/2024\/04\/P-Rob2-768x502.jpg 768w\" sizes=\"auto, (max-width: 1280px) 100vw, 1280px\" \/><\/a> <a href=\"https:\/\/scf.se\/landsvag\/wp-content\/uploads\/sites\/5\/2024\/04\/P-Rob3.jpg\"><img loading=\"lazy\" decoding=\"async\" class=\"alignnone size-full wp-image-4942\" src=\"https:\/\/scf.se\/landsvag\/wp-content\/uploads\/sites\/5\/2024\/04\/P-Rob3.jpg\" alt=\"\" width=\"1512\" height=\"1010\" srcset=\"https:\/\/scf.se\/landsvag\/wp-content\/uploads\/sites\/5\/2024\/04\/P-Rob3.jpg 1512w, https:\/\/scf.se\/landsvag\/wp-content\/uploads\/sites\/5\/2024\/04\/P-Rob3-300x200.jpg 300w, https:\/\/scf.se\/landsvag\/wp-content\/uploads\/sites\/5\/2024\/04\/P-Rob3-1024x684.jpg 1024w, https:\/\/scf.se\/landsvag\/wp-content\/uploads\/sites\/5\/2024\/04\/P-Rob3-768x513.jpg 768w\" sizes=\"auto, (max-width: 1512px) 100vw, 1512px\" \/><\/a>\n<p>I juniorernas Paris-Roubaix \u00e4r det ofta galet ivrigt innan f\u00f6rsta pav\u00e9avsnittet och detta var inget undantag.<\/p>\n<blockquote><p>&#8221;Det var tyv\u00e4rr en st\u00f6rre krasch redan efter 20 kilometer, innan f\u00f6rsta sektorn. Vi f\u00f6rlorade bland annat Linus Larsson i den kraschen. Det var struligt och problem med positioneringen, s\u00e5 vi hade tyv\u00e4rr ingen som kom med i f\u00f6rstagruppen in i f\u00f6rsta pav\u00e9n \u2013 vilket gjorde att de fick jaga hela dagen,&#8221; rapporterar coachen och assisterande f\u00f6rbundskaptenen Alexander Wetterhall.<\/p><\/blockquote>\n<div id=\"attachment_4955\" class=\"wp-caption alignnone\" ><a href=\"https:\/\/scf.se\/landsvag\/wp-content\/uploads\/sites\/5\/2024\/04\/Bild-P-R.jpg\"><img loading=\"lazy\" decoding=\"async\" class=\"size-full wp-image-4955\" src=\"https:\/\/scf.se\/landsvag\/wp-content\/uploads\/sites\/5\/2024\/04\/Bild-P-R.jpg\" alt=\"\" width=\"843\" height=\"646\" srcset=\"https:\/\/scf.se\/landsvag\/wp-content\/uploads\/sites\/5\/2024\/04\/Bild-P-R.jpg 843w, https:\/\/scf.se\/landsvag\/wp-content\/uploads\/sites\/5\/2024\/04\/Bild-P-R-300x230.jpg 300w, https:\/\/scf.se\/landsvag\/wp-content\/uploads\/sites\/5\/2024\/04\/Bild-P-R-768x589.jpg 768w\" sizes=\"auto, (max-width: 843px) 100vw, 843px\" \/><\/a><p class=\"wp-caption-text\"><em>Vilgot Reinold gjorde ett starkt lopp och anl\u00e4nde till Roubaix som nummer 62 med hela juniorv\u00e4rldseliten p\u00e5 plats.\u00a0 Foto: privat<\/em><\/p><\/div>\n<p>Vilgot Reinhold var b\u00e4sta svensk f\u00f6r dagen med en 62:a plats, exakt 11.18 upp till kampen om segern d\u00e4r vi noterar dubbelt Slovenien i topp d\u00e4r Jakob Omrzel vann prestigefyllda Paris-Roubaix Juniors 2024.<\/p>\n<a href=\"https:\/\/scf.se\/landsvag\/wp-content\/uploads\/sites\/5\/2024\/04\/P-Rob4.jpg\"><img loading=\"lazy\" decoding=\"async\" class=\"alignnone size-full wp-image-4941\" src=\"https:\/\/scf.se\/landsvag\/wp-content\/uploads\/sites\/5\/2024\/04\/P-Rob4.jpg\" alt=\"\" width=\"570\" height=\"649\" srcset=\"https:\/\/scf.se\/landsvag\/wp-content\/uploads\/sites\/5\/2024\/04\/P-Rob4.jpg 570w, https:\/\/scf.se\/landsvag\/wp-content\/uploads\/sites\/5\/2024\/04\/P-Rob4-263x300.jpg 263w\" sizes=\"auto, (max-width: 570px) 100vw, 570px\" \/><\/a>\n<blockquote><p>&#8221;P\u00e5 en s\u00e5dan h\u00e4r t\u00e4vling \u00e4r det viktigt att f\u00e5 lite medg\u00e5ng, skapa sin egen tur och f\u00e5 lite stolpe in p\u00e5 det. \u00c4ven om vi hade tur och drog nummer tv\u00e5 i bilkaravanen, vilket \u00e4r v\u00e4ldigt bra att ha i Paris-Roubaix, s\u00e5 hade vi ingen sportslig medg\u00e5ng att tala om&#8221;, s\u00e4ger Wetterhall.<\/p><\/blockquote>\n<p>Gustav Magnusson var f\u00f6rst efter de 74 med officiell tid \u2013 tolv minuter efter segrare i en resultatlista som s\u00e5g ut enligt f\u00f6ljande.<\/p>\n<a href=\"https:\/\/scf.se\/landsvag\/wp-content\/uploads\/sites\/5\/2024\/04\/P-Rob5.jpg\"><img loading=\"lazy\" decoding=\"async\" class=\"alignnone size-full wp-image-4940\" src=\"https:\/\/scf.se\/landsvag\/wp-content\/uploads\/sites\/5\/2024\/04\/P-Rob5.jpg\" alt=\"\" width=\"1280\" height=\"1204\" srcset=\"https:\/\/scf.se\/landsvag\/wp-content\/uploads\/sites\/5\/2024\/04\/P-Rob5.jpg 1280w, https:\/\/scf.se\/landsvag\/wp-content\/uploads\/sites\/5\/2024\/04\/P-Rob5-300x282.jpg 300w, https:\/\/scf.se\/landsvag\/wp-content\/uploads\/sites\/5\/2024\/04\/P-Rob5-1024x963.jpg 1024w, https:\/\/scf.se\/landsvag\/wp-content\/uploads\/sites\/5\/2024\/04\/P-Rob5-768x722.jpg 768w\" sizes=\"auto, (max-width: 1280px) 100vw, 1280px\" \/><\/a>\n<h3>Paris-Roubaix Juniors<\/h3>\n<ul>\n<li>1 <strong>Jakob Omrzel<\/strong>, Slovenien 2.38.14<\/li>\n<li>2 <strong>Erazem Valjavec<\/strong>, Slovenien +0<\/li>\n<li>3 <strong>Axel van den Broek<\/strong>, Belgien +0<\/li>\n<li>62 <strong>Vilgot Reinhold<\/strong>, Sverige +11.18<\/li>\n<li>OTL <strong>Gustav Magnusson<\/strong>, Sverige<\/li>\n<li>DNF<strong> Joel Mellby<\/strong>, Sverige<\/li>\n<li>DNF <strong>Vilmer Ekman<\/strong>, Sverige<\/li>\n<li>DNF<strong> Teodor de Luca<\/strong>, Sverige<\/li>\n<li>DNF<strong> Linus Larsson<\/strong>, Sverige<\/li>\n<\/ul>\n<p>&nbsp;<\/p>\n<h2><a href=\"https:\/\/scf.se\/landsvag\/wp-content\/uploads\/sites\/5\/2024\/01\/Kagevistart.jpg\"><img loading=\"lazy\" decoding=\"async\" class=\"alignnone size-full wp-image-4775\" src=\"https:\/\/scf.se\/landsvag\/wp-content\/uploads\/sites\/5\/2024\/01\/Kagevistart.jpg\" alt=\"\" width=\"1170\" height=\"921\" srcset=\"https:\/\/scf.se\/landsvag\/wp-content\/uploads\/sites\/5\/2024\/01\/Kagevistart.jpg 1170w, https:\/\/scf.se\/landsvag\/wp-content\/uploads\/sites\/5\/2024\/01\/Kagevistart-300x236.jpg 300w, https:\/\/scf.se\/landsvag\/wp-content\/uploads\/sites\/5\/2024\/01\/Kagevistart-1024x806.jpg 1024w, https:\/\/scf.se\/landsvag\/wp-content\/uploads\/sites\/5\/2024\/01\/Kagevistart-768x605.jpg 768w\" sizes=\"auto, (max-width: 1170px) 100vw, 1170px\" \/><\/a><\/h2>\n<h2>Tre svenskar till start i damelitens Paris Roubaix<\/h2>\n<p>I damelitens Partis-Roubaix hade vi till sist tre svenska cyklister till start. Stina Kagevi i norska Team Coop &#8211; Repsol tog sig i m\u00e5l men just utanf\u00f6r de 100 som fick tid och placering.<\/p>\n<p>Sedan noterades b\u00e5de Emilia Fahlin i hennes nya franska stall Ark\u00e9a &#8211; B&amp;B Hotels Women och Nathalie Eklund, som numera k\u00f6r i schweiziska Roland, f\u00f6r DNF.<\/p>\n<p>Den s\u00e5 extremt starka avslutaren Lotte Kopecky vann spurten inne p\u00e5 velodromen i v\u00e4rldsm\u00e4startr\u00f6jan.<\/p>\n<p>&nbsp;<\/p>\n<h2><a href=\"https:\/\/scf.se\/landsvag\/wp-content\/uploads\/sites\/5\/2024\/02\/405069413_763683675616917_469149798430561057_n-1.jpg\"><img loading=\"lazy\" decoding=\"async\" class=\"alignnone size-full wp-image-4787\" src=\"https:\/\/scf.se\/landsvag\/wp-content\/uploads\/sites\/5\/2024\/02\/405069413_763683675616917_469149798430561057_n-1.jpg\" alt=\"\" width=\"2048\" height=\"1428\" srcset=\"https:\/\/scf.se\/landsvag\/wp-content\/uploads\/sites\/5\/2024\/02\/405069413_763683675616917_469149798430561057_n-1.jpg 2048w, https:\/\/scf.se\/landsvag\/wp-content\/uploads\/sites\/5\/2024\/02\/405069413_763683675616917_469149798430561057_n-1-300x209.jpg 300w, https:\/\/scf.se\/landsvag\/wp-content\/uploads\/sites\/5\/2024\/02\/405069413_763683675616917_469149798430561057_n-1-1024x714.jpg 1024w, https:\/\/scf.se\/landsvag\/wp-content\/uploads\/sites\/5\/2024\/02\/405069413_763683675616917_469149798430561057_n-1-768x536.jpg 768w, https:\/\/scf.se\/landsvag\/wp-content\/uploads\/sites\/5\/2024\/02\/405069413_763683675616917_469149798430561057_n-1-1536x1071.jpg 1536w\" sizes=\"auto, (max-width: 2048px) 100vw, 2048px\" \/><\/a><\/h2>\n<h2>Jakob S\u00f6derqvist 54:a i U23-loppet<\/h2>\n<p>I U23-klassen, som k\u00f6rde 164 kilometer mellan Le Cateau-Cambr\u00e9sis och Roubaix kundec Hakob S\u00f6derqvist gl\u00e4dja sig \u00e5t att stallkompisen i Lidl &#8211; Trek Future Racing, tysken Tim Torn Teutenberg, segrade i en spurt p\u00e5 tre.<\/p>\n<p>S\u00f6derqvist landade sj\u00e4lv p\u00e5 en 54:e plats, inte mer \u00e4n 6 minuter och 54 sekunder fr\u00e5n den d\u00e4r segeruppg\u00f6relsen. Bra erfarenhet.<\/p>\n<p>I herrelitens Paris-Roubaix visade Mathieu van der Poel hur extremt stark han \u00e4r denna v\u00e5r, seger med tre minuter i soloutbrytning s\u00e4ger det mesta.<\/p>\n<p><em>Text: SCF<br \/>\nBild: SCF, Team Coop &#8211; Repsols SoMe och Lidl-Treks pressfoton<\/em><\/p>\n<hr \/>\n<p><em><strong>Svenska Cykelf\u00f6rbundet \u00e4r stolta \u00f6ver att presentera v\u00e5ra samarbetspartners. Tack vare dessa fantastiska f\u00f6retag kan v\u00e5ra cyklister oftare ta sig l\u00e4ngre ut i v\u00e4rlden.<\/strong><\/em><\/p>\n<h2><a href=\"https:\/\/scf.se\/forbundet\/sponsorer\/\"><img loading=\"lazy\" decoding=\"async\" class=\"alignnone size-full wp-image-3872\" src=\"https:\/\/scf.se\/landsvag\/wp-content\/uploads\/sites\/5\/2023\/02\/LiggandeBannerNyheterHemsida2023.png\" alt=\"\" width=\"1200\" height=\"200\" srcset=\"https:\/\/scf.se\/landsvag\/wp-content\/uploads\/sites\/5\/2023\/02\/LiggandeBannerNyheterHemsida2023.png 1200w, https:\/\/scf.se\/landsvag\/wp-content\/uploads\/sites\/5\/2023\/02\/LiggandeBannerNyheterHemsida2023-300x50.png 300w, https:\/\/scf.se\/landsvag\/wp-content\/uploads\/sites\/5\/2023\/02\/LiggandeBannerNyheterHemsida2023-1024x171.png 1024w, https:\/\/scf.se\/landsvag\/wp-content\/uploads\/sites\/5\/2023\/02\/LiggandeBannerNyheterHemsida2023-768x128.png 768w\" sizes=\"auto, (max-width: 1200px) 100vw, 1200px\" \/><\/a><\/h2>\n<p>&nbsp;<\/p>\n<p>&nbsp;<\/p>\n<p>&nbsp;<\/p>\n","protected":false},"excerpt":{"rendered":"<p>Paris-Roubaix Juniors, tillika \u00e5rets f\u00f6rsta Nations cup, \u00e4r ocks\u00e5 en av \u00e5rets tuffaste t\u00e4vlingar \u00f6ver 17 klassiska pav\u00e9avsnitt. Det svenska laget fick en tr\u00f6g start in i f\u00f6rsta pav\u00e9avsnittet som sedan pr\u00e4glade hela dagen d\u00e4r Vilgot Reinhold var b\u00e4sta svensk p\u00e5 en 62:aplats, dryga elva minuter till den slovenska duellen om segern inne p\u00e5<a href=\"https:\/\/scf.se\/landsvag\/vilgot-reinhold-blev-basta-svensk-pa-juniorernas-tuffa-paris-roubaix\/\" class=\"news-card__more\"> &#8230;<\/a><\/p>\n","protected":false},"author":41,"featured_media":4944,"comment_status":"open","ping_status":"open","sticky":false,"template":"","format":"standard","meta":{"_acf_changed":false,"footnotes":""},"categories":[1],"tags":[],"class_list":["post-4939","post","type-post","status-publish","format-standard","hentry","category-landsvag"],"acf":[],"_links":{"self":[{"href":"https:\/\/scf.se\/landsvag\/wp-json\/wp\/v2\/posts\/4939","targetHints":{"allow":["GET"]}}],"collection":[{"href":"https:\/\/scf.se\/landsvag\/wp-json\/wp\/v2\/posts"}],"about":[{"href":"https:\/\/scf.se\/landsvag\/wp-json\/wp\/v2\/types\/post"}],"author":[{"embeddable":true,"href":"https:\/\/scf.se\/landsvag\/wp-json\/wp\/v2\/users\/41"}],"replies":[{"embeddable":true,"href":"https:\/\/scf.se\/landsvag\/wp-json\/wp\/v2\/comments?post=4939"}],"version-history":[{"count":0,"href":"https:\/\/scf.se\/landsvag\/wp-json\/wp\/v2\/posts\/4939\/revisions"}],"wp:featuredmedia":[{"embeddable":true,"href":"https:\/\/scf.se\/landsvag\/wp-json\/wp\/v2\/media\/4944"}],"wp:attachment":[{"href":"https:\/\/scf.se\/landsvag\/wp-json\/wp\/v2\/media?parent=4939"}],"wp:term":[{"taxonomy":"category","embeddable":true,"href":"https:\/\/scf.se\/landsvag\/wp-json\/wp\/v2\/categories?post=4939"},{"taxonomy":"post_tag","embeddable":true,"href":"https:\/\/scf.se\/landsvag\/wp-json\/wp\/v2\/tags?post=4939"}],"curies":[{"name":"wp","href":"https:\/\/api.w.org\/{rel}","templated":true}]}}