
{"id":4926,"date":"2024-04-05T12:48:16","date_gmt":"2024-04-05T10:48:16","guid":{"rendered":"https:\/\/scf.se\/landsvag\/?p=4926"},"modified":"2024-04-10T16:02:40","modified_gmt":"2024-04-10T14:02:40","slug":"jakob-soderqvist-tillbaka-i-loir-et-cher-dar-han-fick-sitt-stora-genombrott","status":"publish","type":"post","link":"https:\/\/scf.se\/landsvag\/jakob-soderqvist-tillbaka-i-loir-et-cher-dar-han-fick-sitt-stora-genombrott\/","title":{"rendered":"S\u00f6derqvist tillbaka i Loir-et-Cher d\u00e4r Vernersson tog sista platsen"},"content":{"rendered":"<p><strong>Det svenska U23-landslaget i landsv\u00e4g har mycket goda minnen fr\u00e5n f\u00f6rra \u00e5rets Tour du Loir-et-Cher. D\u00e5 blev det seger p\u00e5 tuffaste etappen f\u00f6r Jakob S\u00f6derqvist. Numera Lidl-Trek-cyklisten S\u00f6derqvist \u00e4r tillbaka i det franska etapploppet <\/strong><strong>som startar 10 april. Och nu \u00e4r det klart att Motalas Lukas Vernersson tar hand om den sj\u00e4tte och sista platsen i f\u00f6rra s\u00e4songen s\u00e5 starka svenska U23-laget. <\/strong>(Uppdaterad version.)<\/p>\n<p>Jakob S\u00f6derqvist satte tonen p\u00e5 hela den svenska landsv\u00e4gss\u00e4songen n\u00e4r han efter fin lagarbete innan gick solo i sex kilometer och vann den s\u00e5 sp\u00e4nnande etappen med tv\u00e5 sekunder.<\/p>\n<p>De senaste veckorna har han missat en del tr\u00e4ning p\u00e5 grund av sjukdom men nu meddelar Jakob via sina social medier att han \u00e4r redo att t\u00e4vla i Lid-Trek igen d\u00e4r han har k\u00f6rt b\u00e5de i U23-laget och seniorelit under s\u00e4songsupptakten.<\/p>\n<p>Nu slutade \u00e4nd\u00e5 UCI 2.2-etapploppet i centrala Frankrike inte s\u00e5 roligt f\u00f6r S\u00f6derqvist som febersjuk fick avst\u00e5 sista etappen. Revanschl\u00e4ge.<\/p>\n<p>Det \u00e4r en blandning mellan vassa U23-lag, seniorelitlag och landslag i Tour du Loir-et-Cher. Sverige k\u00f6r med ett U23-landslag. Ett par fr\u00e5n f\u00f6rra \u00e5rets skarpa svenska U23-lag har blivit \u00f6ver\u00e5riga. Men detta U23-lag d\u00e4r Lukas Vernersson fick den sj\u00e4tte och sista platsen b\u00f6rjar f\u00e5 r\u00e4tt stor internationell rutin. Intressant!<\/p>\n<h3>Sveriges lag till Tour du Loir et Cher<\/h3>\n<ul>\n<li><strong>Jakob S\u00f6derqvist,<\/strong> Lidl-Trek\/ Sundsvallscyklisterna<\/li>\n<li><strong>Edvin Lovidius<\/strong>, S\u00f6dert\u00e4lje CK<\/li>\n<li><strong>Carl Kagevi,<\/strong> Team IBT-Tripeak<\/li>\n<li><strong>Acke Dahlblom,<\/strong> Team IBT-Tripeak<\/li>\n<li><strong>Eric Pedersen,<\/strong> Motala AIF Serneke Allebike<\/li>\n<li><strong> Lukas Vernersson<\/strong>, Motala AIF Serneke Allebike<\/li>\n<\/ul>\n<p>F\u00f6rbundskaptenen Lucas Persson f\u00f6rklarar att det ska kompletteras med en till cyklist inom kort.<\/p>\n<h3>Laderteamet<\/h3>\n<ul>\n<li><strong>Coach:<\/strong> Lucas Persson<\/li>\n<li><strong>Mekaniker<\/strong>: Oskar Palm<\/li>\n<li><strong>Soigneur:<\/strong> Jonas Olsson, Ninna J\u00f6rgensen<\/li>\n<\/ul>\n<p><em>Text: SCF<br \/>\nFoto: Kimberlee Charlton Sports Photography<br \/>\n<\/em><\/p>\n<hr \/>\n<p><em><strong>Svenska Cykelf\u00f6rbundet \u00e4r stolta \u00f6ver att presentera v\u00e5ra samarbetspartners. Tack vare dessa fantastiska f\u00f6retag kan v\u00e5ra cyklister oftare ta sig l\u00e4ngre ut i v\u00e4rlden.<\/strong><\/em><\/p>\n<h2><a href=\"https:\/\/scf.se\/forbundet\/sponsorer\/\"><img loading=\"lazy\" decoding=\"async\" class=\"alignnone size-full wp-image-3872\" src=\"https:\/\/scf.se\/landsvag\/wp-content\/uploads\/sites\/5\/2023\/02\/LiggandeBannerNyheterHemsida2023.png\" alt=\"\" width=\"1200\" height=\"200\" srcset=\"https:\/\/scf.se\/landsvag\/wp-content\/uploads\/sites\/5\/2023\/02\/LiggandeBannerNyheterHemsida2023.png 1200w, https:\/\/scf.se\/landsvag\/wp-content\/uploads\/sites\/5\/2023\/02\/LiggandeBannerNyheterHemsida2023-300x50.png 300w, https:\/\/scf.se\/landsvag\/wp-content\/uploads\/sites\/5\/2023\/02\/LiggandeBannerNyheterHemsida2023-1024x171.png 1024w, https:\/\/scf.se\/landsvag\/wp-content\/uploads\/sites\/5\/2023\/02\/LiggandeBannerNyheterHemsida2023-768x128.png 768w\" sizes=\"auto, (max-width: 1200px) 100vw, 1200px\" \/><\/a><\/h2>\n","protected":false},"excerpt":{"rendered":"<p>Det svenska U23-landslaget i landsv\u00e4g har mycket goda minnen fr\u00e5n f\u00f6rra \u00e5rets Tour du Loir-et-Cher. D\u00e5 blev det seger p\u00e5 tuffaste etappen f\u00f6r Jakob S\u00f6derqvist. Numera Lidl-Trek-cyklisten S\u00f6derqvist \u00e4r tillbaka i det franska etapploppet som startar 10 april. Och nu \u00e4r det klart att Motalas Lukas Vernersson tar hand om den sj\u00e4tte och sista<a href=\"https:\/\/scf.se\/landsvag\/jakob-soderqvist-tillbaka-i-loir-et-cher-dar-han-fick-sitt-stora-genombrott\/\" class=\"news-card__more\"> &#8230;<\/a><\/p>\n","protected":false},"author":41,"featured_media":3957,"comment_status":"open","ping_status":"open","sticky":false,"template":"","format":"standard","meta":{"_acf_changed":false,"footnotes":""},"categories":[1],"tags":[],"class_list":["post-4926","post","type-post","status-publish","format-standard","hentry","category-landsvag"],"acf":[],"_links":{"self":[{"href":"https:\/\/scf.se\/landsvag\/wp-json\/wp\/v2\/posts\/4926","targetHints":{"allow":["GET"]}}],"collection":[{"href":"https:\/\/scf.se\/landsvag\/wp-json\/wp\/v2\/posts"}],"about":[{"href":"https:\/\/scf.se\/landsvag\/wp-json\/wp\/v2\/types\/post"}],"author":[{"embeddable":true,"href":"https:\/\/scf.se\/landsvag\/wp-json\/wp\/v2\/users\/41"}],"replies":[{"embeddable":true,"href":"https:\/\/scf.se\/landsvag\/wp-json\/wp\/v2\/comments?post=4926"}],"version-history":[{"count":0,"href":"https:\/\/scf.se\/landsvag\/wp-json\/wp\/v2\/posts\/4926\/revisions"}],"wp:featuredmedia":[{"embeddable":true,"href":"https:\/\/scf.se\/landsvag\/wp-json\/wp\/v2\/media\/3957"}],"wp:attachment":[{"href":"https:\/\/scf.se\/landsvag\/wp-json\/wp\/v2\/media?parent=4926"}],"wp:term":[{"taxonomy":"category","embeddable":true,"href":"https:\/\/scf.se\/landsvag\/wp-json\/wp\/v2\/categories?post=4926"},{"taxonomy":"post_tag","embeddable":true,"href":"https:\/\/scf.se\/landsvag\/wp-json\/wp\/v2\/tags?post=4926"}],"curies":[{"name":"wp","href":"https:\/\/api.w.org\/{rel}","templated":true}]}}