
{"id":4910,"date":"2024-03-28T09:42:33","date_gmt":"2024-03-28T08:42:33","guid":{"rendered":"https:\/\/scf.se\/landsvag\/?p=4910"},"modified":"2024-03-28T09:46:01","modified_gmt":"2024-03-28T08:46:01","slug":"sex-svenska-herrjuniorer-tar-sig-an-stentuffa-klassikern-paris-roubaix","status":"publish","type":"post","link":"https:\/\/scf.se\/landsvag\/sex-svenska-herrjuniorer-tar-sig-an-stentuffa-klassikern-paris-roubaix\/","title":{"rendered":"Sex svenska herrjuniorer tar sig an stentuffa klassikern Paris\u2013Roubaix"},"content":{"rendered":"<p><strong>Nu \u00e4r det klart att Sverige skickar en sextett herrjuniorer till tuffa klassikern\u00a0Paris\u2013Roubaix, som ing\u00e5r i Junior Nations Cup och d\u00e4r endagarsloppet avg\u00f6rs 7 april. &#8221;Det h\u00e4r blir bra f\u00f6r att testa gr\u00e4nserna och komma ig\u00e5ng den h\u00e4r s\u00e4songen&#8221;, s\u00e4ger det svenska lagets coach Alexander Wetterhall.<\/strong><\/p>\n<blockquote><p>&#8221;Det som \u00e4r positivt \u00e4r att n\u00e5gra av dem redan \u00e4r i g\u00e5ng och har t\u00e4vlat, kanonbra. Sedan har vi tv\u00e5 stycken i form av Gustav Magnusson och Linus Larsson som faktiskt har k\u00f6rt Paris\u2013Roubaix tidigare&#8221;, s\u00e4ger assisterande f\u00f6rbundskaptenen Alexander Wetterhall som coachar p\u00e5 plats tillsammans med f\u00f6rbundskaptenen Lucas Persson och de presenterar f\u00f6ljande juniorlag.<\/p><\/blockquote>\n<div id=\"attachment_4917\" class=\"wp-caption alignnone\" ><a href=\"https:\/\/scf.se\/landsvag\/wp-content\/uploads\/sites\/5\/2024\/03\/IMG_4464-1.jpg\"><img loading=\"lazy\" decoding=\"async\" class=\"size-full wp-image-4917\" src=\"https:\/\/scf.se\/landsvag\/wp-content\/uploads\/sites\/5\/2024\/03\/IMG_4464-1.jpg\" alt=\"\" width=\"2300\" height=\"2289\" srcset=\"https:\/\/scf.se\/landsvag\/wp-content\/uploads\/sites\/5\/2024\/03\/IMG_4464-1.jpg 2300w, https:\/\/scf.se\/landsvag\/wp-content\/uploads\/sites\/5\/2024\/03\/IMG_4464-1-300x300.jpg 300w, https:\/\/scf.se\/landsvag\/wp-content\/uploads\/sites\/5\/2024\/03\/IMG_4464-1-1024x1019.jpg 1024w, https:\/\/scf.se\/landsvag\/wp-content\/uploads\/sites\/5\/2024\/03\/IMG_4464-1-150x150.jpg 150w, https:\/\/scf.se\/landsvag\/wp-content\/uploads\/sites\/5\/2024\/03\/IMG_4464-1-768x764.jpg 768w, https:\/\/scf.se\/landsvag\/wp-content\/uploads\/sites\/5\/2024\/03\/IMG_4464-1-1536x1529.jpg 1536w, https:\/\/scf.se\/landsvag\/wp-content\/uploads\/sites\/5\/2024\/03\/IMG_4464-1-2048x2038.jpg 2048w\" sizes=\"auto, (max-width: 2300px) 100vw, 2300px\" \/><\/a><p class=\"wp-caption-text\"><em>Linus Larsson k\u00f6rde Paris\u2013Roubaix redan som f\u00f6rsta\u00e5rsjunior, \u00e4ven Gustav Magnusson har rutin fr\u00e5n det tuffa loppet 2023 \u2013 d\u00e5 bara tv\u00e5 svenska cyklister kom i m\u00e5l i juniorloppet.<\/em><\/p><\/div>\n<h3>Sveriges herrjuniorlag till Paris Roubaix<\/h3>\n<ul>\n<li><strong>Linus Larsson<\/strong>, Staffanstorp CK<\/li>\n<li><strong>Gustav Magnusson<\/strong>, J\u00f6nk\u00f6pings CK<\/li>\n<li><strong>Teodor De Luca,<\/strong> CK Ringen<\/li>\n<li><strong>Vilgot Reinhold<\/strong>, CK Ringen<\/li>\n<li><strong>Vilmer Ekman<\/strong>, Falu CK<\/li>\n<li><strong>Joel Mellby,<\/strong> CK Master<\/li>\n<\/ul>\n<h3>Ledartrion<\/h3>\n<ul>\n<li><strong>Coacher:<\/strong> Alexander Wetterhall (hela uppdraget), Lucas Persson (t\u00e4vlingsdagen).<\/li>\n<li><strong>Mekaniker:<\/strong> Oskar Palm, Mattias Israelsson<\/li>\n<\/ul>\n<p>Det g\u00e5r inte att komma ifr\u00e5n att seniorelitens Paris\u2013Roubaix med de stentuffa, mytomspunna och klassiska pav\u00e9avsnitten av m\u00e5nga cyklister rankas som det st\u00f6rsta endagarsloppet att vinna. F\u00f6r alla svenskar blev det f\u00f6rst\u00e5s extra stort n\u00e4r Magnus B\u00e4ckstedt var f\u00f6rst \u00f6ver m\u00e5llinjen 2004.<\/p>\n<blockquote><p>&#8221;Ja, det \u00e4r en klassisk t\u00e4vling, \u00e4ven om det h\u00e4r \u00e4r en juniort\u00e4vling s\u00e5 \u00e4r det v\u00e4ldigt kul att f\u00e5 k\u00f6ra en t\u00e4vling med mycket historia bakom. Ett monument&#8221;, s\u00e4ger Alexander Wetterhall som l\u00e4r f\u00e5 en del att g\u00f6ra i f\u00f6ljebilen d\u00e5 det inte riktigt g\u00e5r att f\u00f6rutse vad som h\u00e4nder n\u00e4r t\u00e4vlingssugna juniorer sl\u00e4pps ut p\u00e5 pav\u00e9avsnitten.<\/p><\/blockquote>\n<p>F\u00f6r det blir oavsett bakgrund under v\u00e5ren ett rej\u00e4lt test s\u00e5v\u00e4l fysiskt, tekniskt och taktiskt d\u00e5 det brukar vara full kubbning fr\u00e5n start f\u00f6r att positionera sig in i f\u00f6rsta pav\u00e9avsnittet.<\/p>\n<blockquote><p>&#8221;Ja, det h\u00e4r blir bra f\u00f6r att testa gr\u00e4nserna och komma ig\u00e5ng s\u00e5 h\u00e4r tidigt p\u00e5 s\u00e4songen. Vi \u00e5ker ner redan p\u00e5 fredagen s\u00e5 att grabbarna hinner k\u00f6ra igenom flera av pav\u00e9avsnitten s\u00e5 att alla ser litegrann vad det handlar om inf\u00f6r s\u00f6ndagens t\u00e4vling.&#8221;<\/p><\/blockquote>\n<p>Ang\u00e5ende l\u00f6rdagens damelitlopp har vi redan presenterat att Team Coop-Repsol dels har f\u00e5tt en plats och dels att gl\u00e4djande nog f\u00f6rsta\u00e5rssenioren Stina Kagevi har f\u00e5tt f\u00f6rtroendet att k\u00f6ra i det norska stallet. <a href=\"https:\/\/scf.se\/forbundet\/cykelstudion-by-scf-stina-kagevi-far-ta-sikte-pa-paris-roubaix\/\"><em><strong>Mera om Stina Kagevis medverkan i Cykelstudion by SCF!\u00a0<\/strong><\/em><\/a><\/p>\n<p>Vi \u00e5terkommer om det tillkommer ytterligare svenska damcyklister d\u00e5 flera av stallen inte har namngett sina lag \u00e4nnu.<\/p>\n<p>P\u00e5 s\u00f6ndagen k\u00f6rs \u00e4ven en U23-klass i Paris\u2013Roubaix. D\u00e4r \u00e4r det desto mera klart att Jakob S\u00f6derqvist, som fr\u00e5n i \u00e5r k\u00f6r f\u00f6r Lidl-Trek, finns med. Jakob g\u00f6r en mycket intressant start, inte minst med tanke p\u00e5 hans bakgrund som stark XCO\/XCC-cyklist.<\/p>\n<blockquote><p>&#8221;Det \u00e4r svinkul att det blir lite svenskar som \u00e4r nere och k\u00f6r Paris\u2013Roubaix i \u00e5r&#8221;, s\u00e4ger Alexander Wetterhall.<\/p><\/blockquote>\n<p><em>Text: Tomas Larsson\/SCF<\/em><br \/>\n<em>Foto: SCF<\/em><\/p>\n<hr \/>\n<p><em><strong>Svenska Cykelf\u00f6rbundet \u00e4r stolta \u00f6ver att presentera v\u00e5ra samarbetspartners. Tack vare dessa fantastiska f\u00f6retag kan v\u00e5ra cyklister oftare ta sig l\u00e4ngre ut i v\u00e4rlden.<\/strong><\/em><\/p>\n<h2><a href=\"https:\/\/scf.se\/forbundet\/sponsorer\/\"><img loading=\"lazy\" decoding=\"async\" class=\"alignnone size-full wp-image-3872\" src=\"https:\/\/scf.se\/landsvag\/wp-content\/uploads\/sites\/5\/2023\/02\/LiggandeBannerNyheterHemsida2023.png\" alt=\"\" width=\"1200\" height=\"200\" srcset=\"https:\/\/scf.se\/landsvag\/wp-content\/uploads\/sites\/5\/2023\/02\/LiggandeBannerNyheterHemsida2023.png 1200w, https:\/\/scf.se\/landsvag\/wp-content\/uploads\/sites\/5\/2023\/02\/LiggandeBannerNyheterHemsida2023-300x50.png 300w, https:\/\/scf.se\/landsvag\/wp-content\/uploads\/sites\/5\/2023\/02\/LiggandeBannerNyheterHemsida2023-1024x171.png 1024w, https:\/\/scf.se\/landsvag\/wp-content\/uploads\/sites\/5\/2023\/02\/LiggandeBannerNyheterHemsida2023-768x128.png 768w\" sizes=\"auto, (max-width: 1200px) 100vw, 1200px\" \/><\/a><\/h2>\n","protected":false},"excerpt":{"rendered":"<p>Nu \u00e4r det klart att Sverige skickar en sextett herrjuniorer till tuffa klassikern\u00a0Paris\u2013Roubaix, som ing\u00e5r i Junior Nations Cup och d\u00e4r endagarsloppet avg\u00f6rs 7 april. &#8221;Det h\u00e4r blir bra f\u00f6r att testa gr\u00e4nserna och komma ig\u00e5ng den h\u00e4r s\u00e4songen&#8221;, s\u00e4ger det svenska lagets coach Alexander Wetterhall. &#8221;Det som \u00e4r positivt \u00e4r att n\u00e5gra av<a href=\"https:\/\/scf.se\/landsvag\/sex-svenska-herrjuniorer-tar-sig-an-stentuffa-klassikern-paris-roubaix\/\" class=\"news-card__more\"> &#8230;<\/a><\/p>\n","protected":false},"author":41,"featured_media":4916,"comment_status":"open","ping_status":"open","sticky":false,"template":"","format":"standard","meta":{"_acf_changed":false,"footnotes":""},"categories":[1],"tags":[],"class_list":["post-4910","post","type-post","status-publish","format-standard","hentry","category-landsvag"],"acf":[],"_links":{"self":[{"href":"https:\/\/scf.se\/landsvag\/wp-json\/wp\/v2\/posts\/4910","targetHints":{"allow":["GET"]}}],"collection":[{"href":"https:\/\/scf.se\/landsvag\/wp-json\/wp\/v2\/posts"}],"about":[{"href":"https:\/\/scf.se\/landsvag\/wp-json\/wp\/v2\/types\/post"}],"author":[{"embeddable":true,"href":"https:\/\/scf.se\/landsvag\/wp-json\/wp\/v2\/users\/41"}],"replies":[{"embeddable":true,"href":"https:\/\/scf.se\/landsvag\/wp-json\/wp\/v2\/comments?post=4910"}],"version-history":[{"count":0,"href":"https:\/\/scf.se\/landsvag\/wp-json\/wp\/v2\/posts\/4910\/revisions"}],"wp:featuredmedia":[{"embeddable":true,"href":"https:\/\/scf.se\/landsvag\/wp-json\/wp\/v2\/media\/4916"}],"wp:attachment":[{"href":"https:\/\/scf.se\/landsvag\/wp-json\/wp\/v2\/media?parent=4910"}],"wp:term":[{"taxonomy":"category","embeddable":true,"href":"https:\/\/scf.se\/landsvag\/wp-json\/wp\/v2\/categories?post=4910"},{"taxonomy":"post_tag","embeddable":true,"href":"https:\/\/scf.se\/landsvag\/wp-json\/wp\/v2\/tags?post=4910"}],"curies":[{"name":"wp","href":"https:\/\/api.w.org\/{rel}","templated":true}]}}