
{"id":4895,"date":"2024-04-18T10:07:44","date_gmt":"2024-04-18T08:07:44","guid":{"rendered":"https:\/\/scf.se\/landsvag\/?p=4895"},"modified":"2024-04-18T12:10:04","modified_gmt":"2024-04-18T10:10:04","slug":"dags-att-anmala-till-swe-cup-premiar-med-nya-konceptet-abc","status":"publish","type":"post","link":"https:\/\/scf.se\/landsvag\/dags-att-anmala-till-swe-cup-premiar-med-nya-konceptet-abc\/","title":{"rendered":"Efteranm\u00e4l till Kinnekulles ABC nu \u2013 ordinarie anm\u00e4lan till SWE Cup #2"},"content":{"rendered":"<p><strong>Det g\u00e5r fortfarande bra att efteranm\u00e4la sig till SWE Cup-premi\u00e4ren! CK U6-arrangemanget Kinnekulle Energi-loppet, k\u00f6rs 20 april och har den klassiska m\u00e5lg\u00e5ngen uppf\u00f6r. Ordinarie anm\u00e4lan till den andra delt\u00e4vlingen Lyngbyloppet som arrangeras 27 april av Staffanstorps CK, CK Lunedi och CK Ringen, \u00e4r fortfarande \u00f6ppen. F\u00f6r att locka fler cyklister och att g\u00f6ra det l\u00e4ttare f\u00f6r v\u00e5ra arrang\u00f6rer inf\u00f6r Svenska Cykelf\u00f6rbundets grengrupp landsv\u00e4g nu SWE Cup ABC under 2024. <\/strong>(Uppdaterad version 18 april.)<\/p>\n<p>Alla \u00e5rets delt\u00e4vlingar k\u00f6rs efter den nya ABC-modellen, som framf\u00f6r inte minst ska locka fler ungdomar och masterscyklister.<\/p>\n<blockquote><p>\u201dVi vill att insteget att b\u00f6rja t\u00e4vla ska bli l\u00e4ttare. Jag hoppas att cyklisterna vill testa den nya ABC-l\u00f6sningen som vi tror p\u00e5 redan vid Kinnekulle och f\u00f6rsta SWE Cup-delt\u00e4vlingen. Det \u00e4r en utmaning att f\u00e5 med \u00e4ven de som inte t\u00e4vlar s\u00e5 ofta nu s\u00e5 vi hoppas att alla vill hj\u00e4lpas \u00e5t att sprida ordet. Det \u00e4r framf\u00f6r allt i klasserna damer B och herrar C som vi hoppas \u00e5 att det&#8221;, s\u00e4ger Lucas Persson, t\u00e4vlingsansvarig p\u00e5 landsv\u00e4g tillsammans med Alexander Wetterhall.<\/p><\/blockquote>\n<blockquote><p>&#8221;Konceptet \u00e4r helt r\u00e4tt och en nystart f\u00f6r att f\u00e5 till st\u00f6rre klungor och b\u00e4ttre svenska t\u00e4vlingar&#8221;, s\u00e4ger Wetterhall.<\/p><\/blockquote>\n<p>Kinnekulle Energi-loppet k\u00f6rs p\u00e5 l\u00f6rdag men efteranm\u00e4lan \u00e4r \u00f6ppen i skrivande stund. Det \u00e4r startplats vid H\u00e4llekis skola,\u00a0 m\u00e5lg\u00e5ng uppe p\u00e5 H\u00f6gkullen \u2013 och \u00e4r en av \u00e5rets stora utmaningar.<\/p>\n<p>Herrar A med U23 och elitcyklister k\u00f6r hela tolv 13,2-kilometersvarv upp p\u00e5 kullen vilket ger sammanlagt drygt 16 mil. Sedan \u00e4r det givetvis starkt fallande i antalet varv s\u00e5 att utmaningen anpassas till respektive klass enligt <a href=\"https:\/\/www.sportstiming.se\/event\/13391\"><em><strong>f\u00f6ljande modell i Kinnekulle Energi-loppet, h\u00e4r finns ocks\u00e5 info om starttider d\u00e4r n\u00e5gra starter \u00e4r uppdaterade och efteranm\u00e4lan som \u00e4r \u00f6ppen till fredag 19 april kl 22.00!<\/strong><\/em><\/a><\/p>\n<a href=\"https:\/\/scf.se\/landsvag\/wp-content\/uploads\/sites\/5\/2023\/03\/Bild-Kinnekulle.jpg\"><img loading=\"lazy\" decoding=\"async\" class=\"alignnone size-full wp-image-3902\" src=\"https:\/\/scf.se\/landsvag\/wp-content\/uploads\/sites\/5\/2023\/03\/Bild-Kinnekulle.jpg\" alt=\"\" width=\"940\" height=\"604\" srcset=\"https:\/\/scf.se\/landsvag\/wp-content\/uploads\/sites\/5\/2023\/03\/Bild-Kinnekulle.jpg 940w, https:\/\/scf.se\/landsvag\/wp-content\/uploads\/sites\/5\/2023\/03\/Bild-Kinnekulle-300x193.jpg 300w, https:\/\/scf.se\/landsvag\/wp-content\/uploads\/sites\/5\/2023\/03\/Bild-Kinnekulle-768x493.jpg 768w\" sizes=\"auto, (max-width: 940px) 100vw, 940px\" \/><\/a>\n<p>Missa heller att det \u00e4r dubbelt\u00e4vling s\u00f6ndagens t\u00e4vling <a href=\"https:\/\/www.sportstiming.se\/event\/13503\"><em><strong>Kinnekulletrampet<\/strong><\/em><\/a> (ej med i SWE Cup) med start och m\u00e5l i G\u00f6tene, anm\u00e4lan ligger uppe p\u00e5 Sportstiming d\u00e4r ocks\u00e5.<\/p>\n<p>D\u00e5 Ringenloppet tyv\u00e4rr inte kommer att kunna k\u00f6ras i v\u00e5r s\u00e5 blir <a href=\"https:\/\/www.sportstiming.se\/event\/14115\"><em><strong>Lyngbyloppet 27 april<\/strong> <\/em><\/a>den andra delt\u00e4vlingen. Staffanstorp CK har i \u00e5r intge bara hj\u00e4lp av CK Lunedi utan \u00e4ven CK Ringen i det arrangemanget. D\u00e4r ska det noteras att ordinarie anm\u00e4lan st\u00e4nger 21 april. \u00c4ven<a href=\"https:\/\/www.sportstiming.se\/event\/14184\"> <em><strong>Giro Himledalen 19 maj<\/strong> <\/em><\/a>har \u00f6ppnat sin anm\u00e4lan p\u00e5 Sportstiming, se nedan!<\/p>\n<p>SWE Cup landsv\u00e4g har d\u00e4rmed f\u00f6ljande komposition d\u00e4r samtliga delt\u00e4vlingar ska k\u00f6ras enligt ABC-modellen.<\/p>\n<h2>SWE Cup landsv\u00e4g 2024<\/h2>\n<ul>\n<li><strong>Delt\u00e4vling 1:\u00a0<\/strong> 20 april, Kinnekulle Energiloppet \/ Cykelklubben U6. <a href=\"https:\/\/www.sportstiming.se\/event\/13391\"><em><strong>Anm\u00e4lan och info h\u00e4r!<\/strong><\/em><\/a><\/li>\n<li><strong>Delt\u00e4vling 2:<\/strong>\u00a0 27 april, Lyngbyloppet\/ Staffanstorps CK, CK Lunedi och CK Ringen. <a href=\"https:\/\/www.sportstiming.se\/event\/14115\"><strong><em>Anm\u00e4lan och info h\u00e4r!<\/em><\/strong><\/a><\/li>\n<li><strong>Delt\u00e4vling 3:\u00a0<\/strong> 19 maj, Giro Himledalen, Varberg \/ Cogheart Cycle Club Varberg. <a href=\"https:\/\/www.sportstiming.se\/event\/14184\"><em><strong>Anm\u00e4lan och info h\u00e4r!<\/strong><\/em><\/a><\/li>\n<li><strong>Delt\u00e4vling 4:\u00a0<\/strong> 6 juni, Nationaldagslinjet, Vallentuna \/ Stockholm Cykelklubb.<\/li>\n<li><strong>Delt\u00e4vling 5:<\/strong>\u00a0 17 augusti, Skandis Open, Uppsala \/ Upsala Cykelklubb<\/li>\n<li><strong>Delt\u00e4vling 6:<\/strong>\u00a0 8 september, S\u00f6der\u00e5sens linjelopp<\/li>\n<\/ul>\n<h2>SWE Cup ABC-uppl\u00e4gget<\/h2>\n<p>Det nya SWE Cup ABC-uppl\u00e4gget ers\u00e4tter allts\u00e5 helt gamla SWE Cup landsv\u00e4g. H\u00e4r \u00e4r de viktigaste anledningarna till omordningen:<\/p>\n<ul data-editing-info=\"{&quot;orderedStyleType&quot;:1,&quot;unorderedStyleType&quot;:1}\">\n<li>Tanken med denna klassindelning \u00e4r att locka fler cyklister och att g\u00f6ra det l\u00e4ttare f\u00f6r v\u00e5ra arrang\u00f6rer<\/li>\n<li>Med v\u00e5r nya klassindelning s\u00e5 hoppas vi p\u00e5 att locka fler masters dam och herr och fler ungdomar s\u00e5klart. Vi vill att insteget att b\u00f6rja t\u00e4vla ska bli l\u00e4ttare.<\/li>\n<li>St\u00f6rsta skillnaden blir att vi startar upp damer B och herrar C.<\/li>\n<li>Dam B \u00f6ppnar ocks\u00e5 upp f\u00f6r mer master och F15\u201316, herr C \u00f6ppnar upp f\u00f6r mer masters och P15\u201316. Det \u00e4r fritt f\u00f6r cyklister i F15\u201316 att v\u00e4lja mellan att starta i \u00a0i ungdomsklass eller damB och p\u00e5 samma s\u00e4tt P15\u201316 och herrar C.<\/li>\n<li>Ungdomarna startar tillsammans i tv\u00e5 klasser, men man kommer att f\u00e5 pris i sin \u00e5ldersklass.<\/li>\n<li>P\u00e5 sikt s\u00e5 hoppas vi p\u00e5 att vi f\u00e5r fler\u00a0startande.<\/li>\n<\/ul>\n<h2>Klasser och klassindelning<\/h2>\n<h3>Damer<u><\/u><\/h3>\n<ul>\n<li><strong>A: <\/strong>\u00d6ppen f\u00f6r cyklister som innehar licens Junior Women, Elit Women, U23 Women, Master Women.<\/li>\n<li><strong>B: <\/strong>\u00d6ppen f\u00f6r cyklister som innehar licens Junior Women, Elit Women, U23 Women, Master Women, F15\u201316.<\/li>\n<\/ul>\n<h3>Herrar<\/h3>\n<ul>\n<li><strong>A:<\/strong> Endast \u00f6ppen f\u00f6r cyklister som innehar U23 Men licens eller Elit Men licens.<\/li>\n<li><strong>B:<\/strong> \u00d6ppen f\u00f6r cyklister som innehar licens Junior Men, Elit Men, U23 Men, Master Men.<\/li>\n<li><strong>C: <\/strong>\u00d6ppen f\u00f6r cyklister som innehar licens Junior Men, Elit Men, U23 Men, Master Men, P15\u201316.<\/li>\n<\/ul>\n<h3>Ungdom<\/h3>\n<ul>\n<li><strong>A: <\/strong>\u00d6ppen f\u00f6r cyklister som innehar P15\u201316 licens, F15\u201316 licens, P13\u201314 licens, F13\u201314 licens.<\/li>\n<li><strong>B: <\/strong>\u00d6ppen f\u00f6r cyklister som innehar P10\u201312 licens, F10\u201312 licens<\/li>\n<\/ul>\n<h2>Distanser i SWE Cup ABC<\/h2>\n<p>Det \u00e4r linjelopp som g\u00e4ller, med distanser enligt f\u00f6ljande:<\/p>\n<ul>\n<li><strong>Damer A<\/strong>: 90\u2013120 kilometer.<\/li>\n<li><strong>Damer B:<\/strong> 60\u201380 kilometer.<\/li>\n<li><strong>Herrar A<\/strong>: 150\u2013190 kilometer.<\/li>\n<li><strong>Herrar B<\/strong>: 90\u2013120 kilometer.<\/li>\n<li><strong>Herrar C:<\/strong> 70 kilometer.<\/li>\n<li><strong>Ungdom A<\/strong>: 40 kilometer.<\/li>\n<li><strong>Ungdom B:<\/strong> 15 kilometer.<\/li>\n<\/ul>\n<h3><a href=\"https:\/\/scf.se\/landsvag\/wp-content\/uploads\/sites\/5\/2024\/03\/Forutsattningar-och-instruktioner-SWE-Cup-ABC-Landsvag-2024.pdf\"><em>F\u00f6ruts\u00e4ttningar och instruktioner f\u00f6r SWE Cup landsv\u00e4g 2024, enligt det nya ABC-uppl\u00e4gget.<\/em><\/a><\/h3>\n<p><em>Text och foto: SCF<\/em><\/p>\n<hr \/>\n<p><em><strong>Svenska Cykelf\u00f6rbundet \u00e4r stolta \u00f6ver att presentera v\u00e5ra samarbetspartners. Tack vare dessa fantastiska f\u00f6retag kan v\u00e5ra cyklister oftare ta sig l\u00e4ngre ut i v\u00e4rlden.<\/strong><\/em><\/p>\n<h2><a href=\"https:\/\/scf.se\/forbundet\/sponsorer\/\"><img loading=\"lazy\" decoding=\"async\" class=\"alignnone size-full wp-image-3872\" src=\"https:\/\/scf.se\/landsvag\/wp-content\/uploads\/sites\/5\/2023\/02\/LiggandeBannerNyheterHemsida2023.png\" alt=\"\" width=\"1200\" height=\"200\" srcset=\"https:\/\/scf.se\/landsvag\/wp-content\/uploads\/sites\/5\/2023\/02\/LiggandeBannerNyheterHemsida2023.png 1200w, https:\/\/scf.se\/landsvag\/wp-content\/uploads\/sites\/5\/2023\/02\/LiggandeBannerNyheterHemsida2023-300x50.png 300w, https:\/\/scf.se\/landsvag\/wp-content\/uploads\/sites\/5\/2023\/02\/LiggandeBannerNyheterHemsida2023-1024x171.png 1024w, https:\/\/scf.se\/landsvag\/wp-content\/uploads\/sites\/5\/2023\/02\/LiggandeBannerNyheterHemsida2023-768x128.png 768w\" sizes=\"auto, (max-width: 1200px) 100vw, 1200px\" \/><\/a><\/h2>\n<p>&nbsp;<\/p>\n<p>&nbsp;<\/p>\n","protected":false},"excerpt":{"rendered":"<p>Det g\u00e5r fortfarande bra att efteranm\u00e4la sig till SWE Cup-premi\u00e4ren! CK U6-arrangemanget Kinnekulle Energi-loppet, k\u00f6rs 20 april och har den klassiska m\u00e5lg\u00e5ngen uppf\u00f6r. Ordinarie anm\u00e4lan till den andra delt\u00e4vlingen Lyngbyloppet som arrangeras 27 april av Staffanstorps CK, CK Lunedi och CK Ringen, \u00e4r fortfarande \u00f6ppen. F\u00f6r att locka fler cyklister och att g\u00f6ra det<a href=\"https:\/\/scf.se\/landsvag\/dags-att-anmala-till-swe-cup-premiar-med-nya-konceptet-abc\/\" class=\"news-card__more\"> &#8230;<\/a><\/p>\n","protected":false},"author":41,"featured_media":4898,"comment_status":"open","ping_status":"open","sticky":false,"template":"","format":"standard","meta":{"_acf_changed":false,"footnotes":""},"categories":[1],"tags":[],"class_list":["post-4895","post","type-post","status-publish","format-standard","hentry","category-landsvag"],"acf":[],"_links":{"self":[{"href":"https:\/\/scf.se\/landsvag\/wp-json\/wp\/v2\/posts\/4895","targetHints":{"allow":["GET"]}}],"collection":[{"href":"https:\/\/scf.se\/landsvag\/wp-json\/wp\/v2\/posts"}],"about":[{"href":"https:\/\/scf.se\/landsvag\/wp-json\/wp\/v2\/types\/post"}],"author":[{"embeddable":true,"href":"https:\/\/scf.se\/landsvag\/wp-json\/wp\/v2\/users\/41"}],"replies":[{"embeddable":true,"href":"https:\/\/scf.se\/landsvag\/wp-json\/wp\/v2\/comments?post=4895"}],"version-history":[{"count":10,"href":"https:\/\/scf.se\/landsvag\/wp-json\/wp\/v2\/posts\/4895\/revisions"}],"predecessor-version":[{"id":5036,"href":"https:\/\/scf.se\/landsvag\/wp-json\/wp\/v2\/posts\/4895\/revisions\/5036"}],"wp:featuredmedia":[{"embeddable":true,"href":"https:\/\/scf.se\/landsvag\/wp-json\/wp\/v2\/media\/4898"}],"wp:attachment":[{"href":"https:\/\/scf.se\/landsvag\/wp-json\/wp\/v2\/media?parent=4895"}],"wp:term":[{"taxonomy":"category","embeddable":true,"href":"https:\/\/scf.se\/landsvag\/wp-json\/wp\/v2\/categories?post=4895"},{"taxonomy":"post_tag","embeddable":true,"href":"https:\/\/scf.se\/landsvag\/wp-json\/wp\/v2\/tags?post=4895"}],"curies":[{"name":"wp","href":"https:\/\/api.w.org\/{rel}","templated":true}]}}