
{"id":4876,"date":"2024-03-11T16:44:01","date_gmt":"2024-03-11T15:44:01","guid":{"rendered":"https:\/\/scf.se\/landsvag\/?p=4876"},"modified":"2024-03-11T17:03:31","modified_gmt":"2024-03-11T16:03:31","slug":"kallt-pa-kinnekulle-men-givande-landsvagslager-for-35-cyklister","status":"publish","type":"post","link":"https:\/\/scf.se\/landsvag\/kallt-pa-kinnekulle-men-givande-landsvagslager-for-35-cyklister\/","title":{"rendered":"Kallt p\u00e5 Kinnekulle men s\u00e5 givande landsv\u00e4gsl\u00e4ger f\u00f6r hela 35 cyklister"},"content":{"rendered":"<p><strong>P\u00e5 fredagen samlades ett g\u00e4ng damcyklister, s\u00e5v\u00e4l junior, U23 och n\u00e5gon senior, p\u00e5 ett upptaktsl\u00e4ger f\u00f6r landsv\u00e4gslandslaget. P\u00e5 l\u00f6rdagen var det herrjuniorer och -U23 som tog vid. Kallt och frostigt uppe p\u00e5 Kinnekulle men bra inst\u00e4llning och en givande l\u00e4geskoll med hela 35 cyklister.<\/strong><\/p>\n<blockquote><p>&#8221;Vi k\u00f6rde lite lagtempo, enskilt tempo och s\u00e5 hade vi en powerpoint p\u00e5 eftermiddagen d\u00e4r vi snackade lite om f\u00f6ruts\u00e4ttningar och f\u00f6rv\u00e4ntningar. Vilken st\u00f6ttning man kan f\u00e5 och liknande&#8221;, s\u00e4ger f\u00f6rbundskaptenen Lucas Persson.<\/p><\/blockquote>\n<p>P\u00e5 l\u00f6rdagsmorgonen var det dags f\u00f6r ett lite tuffare pass, \u00e5terigen lagtempo.<\/p>\n<blockquote><p>&#8221;Men nu fokuserade vi p\u00e5 backe och k\u00f6rde bort mot Kinnekulle och k\u00f6rde sedan runt p\u00e5 &#8221;Kullen&#8221; d\u00e4r det senare i v\u00e5r blir SWE Cup. Det lite kallare p\u00e5 l\u00f6rdagen men v\u00e4ldigt bra k\u00f6rning av damerna. Kul att tr\u00e4ffa dem och se lite var de st\u00e5r.&#8221;<\/p><\/blockquote>\n<p>Kort efter att damerna avslutade med en gemensam lunch strax f\u00f6re 13.<\/p>\n<a href=\"https:\/\/scf.se\/landsvag\/wp-content\/uploads\/sites\/5\/2024\/03\/Lager1.jpg\"><img loading=\"lazy\" decoding=\"async\" class=\"alignnone size-full wp-image-4886\" src=\"https:\/\/scf.se\/landsvag\/wp-content\/uploads\/sites\/5\/2024\/03\/Lager1.jpg\" alt=\"\" width=\"1105\" height=\"994\" srcset=\"https:\/\/scf.se\/landsvag\/wp-content\/uploads\/sites\/5\/2024\/03\/Lager1.jpg 1105w, https:\/\/scf.se\/landsvag\/wp-content\/uploads\/sites\/5\/2024\/03\/Lager1-300x270.jpg 300w, https:\/\/scf.se\/landsvag\/wp-content\/uploads\/sites\/5\/2024\/03\/Lager1-1024x921.jpg 1024w, https:\/\/scf.se\/landsvag\/wp-content\/uploads\/sites\/5\/2024\/03\/Lager1-768x691.jpg 768w\" sizes=\"auto, (max-width: 1105px) 100vw, 1105px\" \/><\/a> <a href=\"https:\/\/scf.se\/landsvag\/wp-content\/uploads\/sites\/5\/2024\/03\/Lager2.jpg\"><img loading=\"lazy\" decoding=\"async\" class=\"alignnone size-full wp-image-4885\" src=\"https:\/\/scf.se\/landsvag\/wp-content\/uploads\/sites\/5\/2024\/03\/Lager2.jpg\" alt=\"\" width=\"796\" height=\"701\" srcset=\"https:\/\/scf.se\/landsvag\/wp-content\/uploads\/sites\/5\/2024\/03\/Lager2.jpg 796w, https:\/\/scf.se\/landsvag\/wp-content\/uploads\/sites\/5\/2024\/03\/Lager2-300x264.jpg 300w, https:\/\/scf.se\/landsvag\/wp-content\/uploads\/sites\/5\/2024\/03\/Lager2-768x676.jpg 768w\" sizes=\"auto, (max-width: 796px) 100vw, 796px\" \/><\/a> <a href=\"https:\/\/scf.se\/landsvag\/wp-content\/uploads\/sites\/5\/2024\/03\/Lager3.jpg\"><img loading=\"lazy\" decoding=\"async\" class=\"alignnone size-full wp-image-4884\" src=\"https:\/\/scf.se\/landsvag\/wp-content\/uploads\/sites\/5\/2024\/03\/Lager3.jpg\" alt=\"\" width=\"1114\" height=\"781\" srcset=\"https:\/\/scf.se\/landsvag\/wp-content\/uploads\/sites\/5\/2024\/03\/Lager3.jpg 1114w, https:\/\/scf.se\/landsvag\/wp-content\/uploads\/sites\/5\/2024\/03\/Lager3-300x210.jpg 300w, https:\/\/scf.se\/landsvag\/wp-content\/uploads\/sites\/5\/2024\/03\/Lager3-1024x718.jpg 1024w, https:\/\/scf.se\/landsvag\/wp-content\/uploads\/sites\/5\/2024\/03\/Lager3-768x538.jpg 768w\" sizes=\"auto, (max-width: 1114px) 100vw, 1114px\" \/><\/a> <a href=\"https:\/\/scf.se\/landsvag\/wp-content\/uploads\/sites\/5\/2024\/03\/Lager4.jpg\"><img loading=\"lazy\" decoding=\"async\" class=\"alignnone size-full wp-image-4883\" src=\"https:\/\/scf.se\/landsvag\/wp-content\/uploads\/sites\/5\/2024\/03\/Lager4.jpg\" alt=\"\" width=\"1054\" height=\"663\" srcset=\"https:\/\/scf.se\/landsvag\/wp-content\/uploads\/sites\/5\/2024\/03\/Lager4.jpg 1054w, https:\/\/scf.se\/landsvag\/wp-content\/uploads\/sites\/5\/2024\/03\/Lager4-300x189.jpg 300w, https:\/\/scf.se\/landsvag\/wp-content\/uploads\/sites\/5\/2024\/03\/Lager4-1024x644.jpg 1024w, https:\/\/scf.se\/landsvag\/wp-content\/uploads\/sites\/5\/2024\/03\/Lager4-768x483.jpg 768w\" sizes=\"auto, (max-width: 1054px) 100vw, 1054px\" \/><\/a> <a href=\"https:\/\/scf.se\/landsvag\/wp-content\/uploads\/sites\/5\/2024\/03\/Lager5.jpg\"><img loading=\"lazy\" decoding=\"async\" class=\"alignnone size-full wp-image-4882\" src=\"https:\/\/scf.se\/landsvag\/wp-content\/uploads\/sites\/5\/2024\/03\/Lager5.jpg\" alt=\"\" width=\"1170\" height=\"782\" srcset=\"https:\/\/scf.se\/landsvag\/wp-content\/uploads\/sites\/5\/2024\/03\/Lager5.jpg 1170w, https:\/\/scf.se\/landsvag\/wp-content\/uploads\/sites\/5\/2024\/03\/Lager5-300x201.jpg 300w, https:\/\/scf.se\/landsvag\/wp-content\/uploads\/sites\/5\/2024\/03\/Lager5-1024x684.jpg 1024w, https:\/\/scf.se\/landsvag\/wp-content\/uploads\/sites\/5\/2024\/03\/Lager5-768x513.jpg 768w\" sizes=\"auto, (max-width: 1170px) 100vw, 1170px\" \/><\/a> <a href=\"https:\/\/scf.se\/landsvag\/wp-content\/uploads\/sites\/5\/2024\/03\/Lager6.jpg\"><img loading=\"lazy\" decoding=\"async\" class=\"alignnone size-full wp-image-4881\" src=\"https:\/\/scf.se\/landsvag\/wp-content\/uploads\/sites\/5\/2024\/03\/Lager6.jpg\" alt=\"\" width=\"1165\" height=\"1020\" srcset=\"https:\/\/scf.se\/landsvag\/wp-content\/uploads\/sites\/5\/2024\/03\/Lager6.jpg 1165w, https:\/\/scf.se\/landsvag\/wp-content\/uploads\/sites\/5\/2024\/03\/Lager6-300x263.jpg 300w, https:\/\/scf.se\/landsvag\/wp-content\/uploads\/sites\/5\/2024\/03\/Lager6-1024x897.jpg 1024w, https:\/\/scf.se\/landsvag\/wp-content\/uploads\/sites\/5\/2024\/03\/Lager6-768x672.jpg 768w\" sizes=\"auto, (max-width: 1165px) 100vw, 1165px\" \/><\/a> <a href=\"https:\/\/scf.se\/landsvag\/wp-content\/uploads\/sites\/5\/2024\/03\/Lager7.jpg\"><img loading=\"lazy\" decoding=\"async\" class=\"alignnone size-full wp-image-4880\" src=\"https:\/\/scf.se\/landsvag\/wp-content\/uploads\/sites\/5\/2024\/03\/Lager7.jpg\" alt=\"\" width=\"883\" height=\"649\" srcset=\"https:\/\/scf.se\/landsvag\/wp-content\/uploads\/sites\/5\/2024\/03\/Lager7.jpg 883w, https:\/\/scf.se\/landsvag\/wp-content\/uploads\/sites\/5\/2024\/03\/Lager7-300x220.jpg 300w, https:\/\/scf.se\/landsvag\/wp-content\/uploads\/sites\/5\/2024\/03\/Lager7-768x564.jpg 768w\" sizes=\"auto, (max-width: 883px) 100vw, 883px\" \/><\/a> <a href=\"https:\/\/scf.se\/landsvag\/wp-content\/uploads\/sites\/5\/2024\/03\/Lager8.jpg\"><img loading=\"lazy\" decoding=\"async\" class=\"alignnone size-full wp-image-4879\" src=\"https:\/\/scf.se\/landsvag\/wp-content\/uploads\/sites\/5\/2024\/03\/Lager8.jpg\" alt=\"\" width=\"1009\" height=\"637\" srcset=\"https:\/\/scf.se\/landsvag\/wp-content\/uploads\/sites\/5\/2024\/03\/Lager8.jpg 1009w, https:\/\/scf.se\/landsvag\/wp-content\/uploads\/sites\/5\/2024\/03\/Lager8-300x189.jpg 300w, https:\/\/scf.se\/landsvag\/wp-content\/uploads\/sites\/5\/2024\/03\/Lager8-768x485.jpg 768w\" sizes=\"auto, (max-width: 1009px) 100vw, 1009px\" \/><\/a> <a href=\"https:\/\/scf.se\/landsvag\/wp-content\/uploads\/sites\/5\/2024\/03\/Lager9.jpg\"><img loading=\"lazy\" decoding=\"async\" class=\"alignnone size-full wp-image-4878\" src=\"https:\/\/scf.se\/landsvag\/wp-content\/uploads\/sites\/5\/2024\/03\/Lager9.jpg\" alt=\"\" width=\"1200\" height=\"796\" srcset=\"https:\/\/scf.se\/landsvag\/wp-content\/uploads\/sites\/5\/2024\/03\/Lager9.jpg 1200w, https:\/\/scf.se\/landsvag\/wp-content\/uploads\/sites\/5\/2024\/03\/Lager9-300x199.jpg 300w, https:\/\/scf.se\/landsvag\/wp-content\/uploads\/sites\/5\/2024\/03\/Lager9-1024x679.jpg 1024w, https:\/\/scf.se\/landsvag\/wp-content\/uploads\/sites\/5\/2024\/03\/Lager9-768x509.jpg 768w\" sizes=\"auto, (max-width: 1200px) 100vw, 1200px\" \/><\/a>\n<p>Det blev en kvarts paus f\u00f6r f\u00f6rbundskaptenerna Lucas Persson och Alexander Wetterhall innan killarna som hade m\u00f6tt upp skulle ut p\u00e5 sin f\u00f6rsta runda, ett ganska stort g\u00e4ng U23:or och juniorer. Sj\u00e4lva cyklingen var mycket betoning p\u00e5 tempo \u00e4ven h\u00e4r.<\/p>\n<blockquote><p>&#8221;De var 25 stycken och vi k\u00f6rde igenom ungef\u00e4r samma program med dem. N\u00e4r vi satt och \u00e5t lunch med killarna och tackade av dem hade vi sammanlagt f\u00e5tt se 35 cyklister. Mycket givande helg f\u00f6r oss f\u00f6rbundskaptener, bra snack och bra h\u00e4ng&#8221;, s\u00e4ger Lucas Persson.<\/p><\/blockquote>\n<p>Cyklisterna \u00e4r givetvis lite olika i formh\u00e4nseende just nu beroende p\u00e5 hur nedtr\u00e4nade de \u00e4r.<\/p>\n<blockquote><p>&#8221;Men det var kul att se alla nu n\u00e4r t\u00e4vlingarna n\u00e4rmar sig \u2013\u00a0 hoppas bara att v\u00e5ren kommer ocks\u00e5&#8230;&#8221;<\/p><\/blockquote>\n<p><em>Text och foto: SCF<\/em><\/p>\n<hr \/>\n<p><em><strong>Svenska Cykelf\u00f6rbundet \u00e4r stolta \u00f6ver att presentera v\u00e5ra samarbetspartners. Tack vare dessa fantastiska f\u00f6retag kan v\u00e5ra cyklister oftare ta sig l\u00e4ngre ut i v\u00e4rlden.<\/strong><\/em><\/p>\n<h2><a href=\"https:\/\/scf.se\/forbundet\/sponsorer\/\"><img loading=\"lazy\" decoding=\"async\" class=\"alignnone size-full wp-image-3872\" src=\"https:\/\/scf.se\/landsvag\/wp-content\/uploads\/sites\/5\/2023\/02\/LiggandeBannerNyheterHemsida2023.png\" alt=\"\" width=\"1200\" height=\"200\" srcset=\"https:\/\/scf.se\/landsvag\/wp-content\/uploads\/sites\/5\/2023\/02\/LiggandeBannerNyheterHemsida2023.png 1200w, https:\/\/scf.se\/landsvag\/wp-content\/uploads\/sites\/5\/2023\/02\/LiggandeBannerNyheterHemsida2023-300x50.png 300w, https:\/\/scf.se\/landsvag\/wp-content\/uploads\/sites\/5\/2023\/02\/LiggandeBannerNyheterHemsida2023-1024x171.png 1024w, https:\/\/scf.se\/landsvag\/wp-content\/uploads\/sites\/5\/2023\/02\/LiggandeBannerNyheterHemsida2023-768x128.png 768w\" sizes=\"auto, (max-width: 1200px) 100vw, 1200px\" \/><\/a><\/h2>\n","protected":false},"excerpt":{"rendered":"<p>P\u00e5 fredagen samlades ett g\u00e4ng damcyklister, s\u00e5v\u00e4l junior, U23 och n\u00e5gon senior, p\u00e5 ett upptaktsl\u00e4ger f\u00f6r landsv\u00e4gslandslaget. P\u00e5 l\u00f6rdagen var det herrjuniorer och -U23 som tog vid. Kallt och frostigt uppe p\u00e5 Kinnekulle men bra inst\u00e4llning och en givande l\u00e4geskoll med hela 35 cyklister. &#8221;Vi k\u00f6rde lite lagtempo, enskilt tempo och s\u00e5 hade vi<a href=\"https:\/\/scf.se\/landsvag\/kallt-pa-kinnekulle-men-givande-landsvagslager-for-35-cyklister\/\" class=\"news-card__more\"> &#8230;<\/a><\/p>\n","protected":false},"author":41,"featured_media":4888,"comment_status":"open","ping_status":"open","sticky":false,"template":"","format":"standard","meta":{"_acf_changed":false,"footnotes":""},"categories":[1],"tags":[],"class_list":["post-4876","post","type-post","status-publish","format-standard","hentry","category-landsvag"],"acf":[],"_links":{"self":[{"href":"https:\/\/scf.se\/landsvag\/wp-json\/wp\/v2\/posts\/4876","targetHints":{"allow":["GET"]}}],"collection":[{"href":"https:\/\/scf.se\/landsvag\/wp-json\/wp\/v2\/posts"}],"about":[{"href":"https:\/\/scf.se\/landsvag\/wp-json\/wp\/v2\/types\/post"}],"author":[{"embeddable":true,"href":"https:\/\/scf.se\/landsvag\/wp-json\/wp\/v2\/users\/41"}],"replies":[{"embeddable":true,"href":"https:\/\/scf.se\/landsvag\/wp-json\/wp\/v2\/comments?post=4876"}],"version-history":[{"count":0,"href":"https:\/\/scf.se\/landsvag\/wp-json\/wp\/v2\/posts\/4876\/revisions"}],"wp:featuredmedia":[{"embeddable":true,"href":"https:\/\/scf.se\/landsvag\/wp-json\/wp\/v2\/media\/4888"}],"wp:attachment":[{"href":"https:\/\/scf.se\/landsvag\/wp-json\/wp\/v2\/media?parent=4876"}],"wp:term":[{"taxonomy":"category","embeddable":true,"href":"https:\/\/scf.se\/landsvag\/wp-json\/wp\/v2\/categories?post=4876"},{"taxonomy":"post_tag","embeddable":true,"href":"https:\/\/scf.se\/landsvag\/wp-json\/wp\/v2\/tags?post=4876"}],"curies":[{"name":"wp","href":"https:\/\/api.w.org\/{rel}","templated":true}]}}