
{"id":4866,"date":"2024-03-11T14:34:15","date_gmt":"2024-03-11T13:34:15","guid":{"rendered":"https:\/\/scf.se\/landsvag\/?p=4866"},"modified":"2024-03-11T14:35:47","modified_gmt":"2024-03-11T13:35:47","slug":"stina-kagevi-trea-pa-tempolopp-och-tvaa-i-ungdomstavlingen-i-spanien","status":"publish","type":"post","link":"https:\/\/scf.se\/landsvag\/stina-kagevi-trea-pa-tempolopp-och-tvaa-i-ungdomstavlingen-i-spanien\/","title":{"rendered":"Stina Kagevi trea p\u00e5 tempolopp och tv\u00e5a i ungdomst\u00e4vlingen i Spanien"},"content":{"rendered":"<p><strong>Stina Kagevi \u00e4r f\u00f6rsta\u00e5rssenior men g\u00f6r redan succ\u00e9 i norska landsv\u00e4gsstall Team Coop &#8211; Repsol. I Vuelta Extremadura F\u00e9minas var Kagevi trea p\u00e5 den avslutande tempoetappen, vilket gav en \u00e5ttondeplats i totalen \u2013 och s\u00e5 tv\u00e5a i ungdomst\u00e4vlingen<\/strong><\/p>\n<p>Stina Kagevi hade dryga minuten upp till Lidl-Treks \u00e5kstarka v\u00e4rldsstj\u00e4rna Ellen van Dijk som vann tempot.<\/p>\n<blockquote><p>&#8221;Min f\u00f6rsta podieplacering i seniorelit p\u00e5 det h\u00e4r tempoloppet var en speciell k\u00e4nsla. Stort tack till b\u00e5de\u00a0 tjejerna i laget och ledarstaben&#8221;, s\u00e4ger Stina Kagevi p\u00e5 Instagram.<\/p><\/blockquote>\n<p>Hon var d\u00e4rmed under tv\u00e5 minuter fr\u00e5n en annan cyklist fr\u00e5n Nederl\u00e4nderna i form av Mareille Meijering n\u00e4r det g\u00e4ller kampen om totalsegern d\u00e4r Stina slutade \u00e5tta.<\/p>\n<p>Den svenska JEM-silvermedalj\u00f6ren i tempo avancerade dessutom \u00e4nda upp till andraplatsen i ungdomst\u00e4vlingen d\u00e4r det skilde 44 sekunder upp till segraren Oc\u00e9ane Mah\u00e9.<\/p>\n<p>Coop kom trea i lagt\u00e4vlingen bakom amerikanska Lidl &#8211; Trek och spanska Movistar, vilket s\u00e4ger en del om det norska laget.<\/p>\n<p>OCH vi \u00e4r glada \u00f6ver att Cykelstudion by SCF har tr\u00e4ffat Stina i vardagslunken p\u00e5 RIG i Skara f\u00f6r en l\u00e4ngre intervju. Den kan ni se fram emot p\u00e5 torsdag!<\/p>\n<p>P\u00e5 samma plats h\u00f6lls i helgen ett landslagsl\u00e4ger f\u00f6r juniorer och U23-\u00e5kare n\u00e4r det g\u00e4ller landsv\u00e4g. En rapport och bilder kommer p\u00e5 tisdag f\u00f6rmiddag.<\/p>\n<p><em>Text: SCF<\/em><br \/>\n<em>Foto: @teamcooprepsol<\/em><\/p>\n","protected":false},"excerpt":{"rendered":"<p>Stina Kagevi \u00e4r f\u00f6rsta\u00e5rssenior men g\u00f6r redan succ\u00e9 i norska landsv\u00e4gsstall Team Coop &#8211; Repsol. I Vuelta Extremadura F\u00e9minas var Kagevi trea p\u00e5 den avslutande tempoetappen, vilket gav en \u00e5ttondeplats i totalen \u2013 och s\u00e5 tv\u00e5a i ungdomst\u00e4vlingen Stina Kagevi hade dryga minuten upp till Lidl-Treks \u00e5kstarka v\u00e4rldsstj\u00e4rna Ellen van Dijk som vann tempot.<a href=\"https:\/\/scf.se\/landsvag\/stina-kagevi-trea-pa-tempolopp-och-tvaa-i-ungdomstavlingen-i-spanien\/\" class=\"news-card__more\"> &#8230;<\/a><\/p>\n","protected":false},"author":41,"featured_media":4871,"comment_status":"open","ping_status":"open","sticky":false,"template":"","format":"standard","meta":{"_acf_changed":false,"footnotes":""},"categories":[1],"tags":[],"class_list":["post-4866","post","type-post","status-publish","format-standard","hentry","category-landsvag"],"acf":[],"_links":{"self":[{"href":"https:\/\/scf.se\/landsvag\/wp-json\/wp\/v2\/posts\/4866","targetHints":{"allow":["GET"]}}],"collection":[{"href":"https:\/\/scf.se\/landsvag\/wp-json\/wp\/v2\/posts"}],"about":[{"href":"https:\/\/scf.se\/landsvag\/wp-json\/wp\/v2\/types\/post"}],"author":[{"embeddable":true,"href":"https:\/\/scf.se\/landsvag\/wp-json\/wp\/v2\/users\/41"}],"replies":[{"embeddable":true,"href":"https:\/\/scf.se\/landsvag\/wp-json\/wp\/v2\/comments?post=4866"}],"version-history":[{"count":0,"href":"https:\/\/scf.se\/landsvag\/wp-json\/wp\/v2\/posts\/4866\/revisions"}],"wp:featuredmedia":[{"embeddable":true,"href":"https:\/\/scf.se\/landsvag\/wp-json\/wp\/v2\/media\/4871"}],"wp:attachment":[{"href":"https:\/\/scf.se\/landsvag\/wp-json\/wp\/v2\/media?parent=4866"}],"wp:term":[{"taxonomy":"category","embeddable":true,"href":"https:\/\/scf.se\/landsvag\/wp-json\/wp\/v2\/categories?post=4866"},{"taxonomy":"post_tag","embeddable":true,"href":"https:\/\/scf.se\/landsvag\/wp-json\/wp\/v2\/tags?post=4866"}],"curies":[{"name":"wp","href":"https:\/\/api.w.org\/{rel}","templated":true}]}}