
{"id":4840,"date":"2024-03-04T11:43:33","date_gmt":"2024-03-04T10:43:33","guid":{"rendered":"https:\/\/scf.se\/landsvag\/?p=4840"},"modified":"2024-03-04T12:20:02","modified_gmt":"2024-03-04T11:20:02","slug":"caroline-andersson-har-startat-sasongen-bra-16e-i-stjarnfyllt-strade-bianche","status":"publish","type":"post","link":"https:\/\/scf.se\/landsvag\/caroline-andersson-har-startat-sasongen-bra-16e-i-stjarnfyllt-strade-bianche\/","title":{"rendered":"Caroline Andersson har f\u00e5tt bra start p\u00e5 s\u00e4songen \u2013 16:e i WWT-endagars"},"content":{"rendered":"<p><strong>Caroline Andersson, som k\u00f6r f\u00f6r GreenEDGE Cycling (Team Jayco\u2013AlUla), visar fin form tidigt p\u00e5 s\u00e4songen. I helgen gjorde Caroline ett v\u00e4ldigt bra lopp i WWT-endagarsloppet Strade Bianche i Toscana \u2013 d\u00e4r alla de b\u00e4sta i v\u00e4rlden fanns med och Lotte Kopecky vann i v\u00e4rldsm\u00e4startr\u00f6jan.<\/strong><\/p>\n<p>Caroline var 16:e cyklist i m\u00e5l p\u00e5 Strade Bianche, med det australiensiska proffsteamets spanska m\u00e4stare Mavi Garcia just framf\u00f6r sig \u2013 en riktigt bra dag p\u00e5 jobbet f\u00f6r Andersson.<\/p>\n<p>Hela tiden sm\u00e5kuperad, vacker terr\u00e4ng i Toscana med start och m\u00e5l i Siena \u2013 och 2244 h\u00f6jdmeter att ta p\u00e5 de 137 kilometerna. Det blev rej\u00e4l spridning p\u00e5 f\u00e4ltet och m\u00e5nga som klev av l\u00e4ngs v\u00e4gen, en av de sista var Julia Borgstr\u00f6m i AG Insurance &#8211; Soudal Team.<\/p>\n<p>Caroline Andersson, som kom till Italien med en trettonde plats i totalen Setmana Ciclista med m\u00e5lg\u00e5ng i Valencia, var med i hugget om en topp \u00e5tta-plats. De d\u00e4r tv\u00e5 minuterna fr\u00e5n segraren som skilde i totalen i Valencia h\u00e4rom veckan var \u00e4ven avst\u00e5ndet till Kopecky.<\/p>\n<p>Caroline var aktiv i det spanska etapploppet och det hade kunnat bli \u00e4nnu mera av en l\u00e5ng utbrytning. Bra form senaste veckorna med andra ord.<\/p>\n<p>Och i Siena \u00e4r det bara att ta en titt p\u00e5 topp tre f\u00f6r att ange klassen p\u00e5 det endagarsloppet.<\/p>\n<h3>Strade Bianche WWT<\/h3>\n<ul>\n<li>1 <strong>Lotte Kopecky<\/strong>, Belgien\/ Team SD Worx &#8211; Protime 3.55:43<\/li>\n<li>2 <strong>Elisa Longo Borghini<\/strong>, Italien\/ Lidl &#8211; Trek +0.04<\/li>\n<li>3 <strong>Demi Vollering<\/strong>, Nederl\u00e4nderna\/ Team SD Worx +0.26<\/li>\n<li>16 <strong>Caroline Andersson<\/strong>, Sverige\/ Liv AlUla Jayco +2.09<\/li>\n<\/ul>\n<p>Loppet g\u00e5r att se i efterhand p\u00e5 Discovery plus och Eurosport.<\/p>\n<p><em>Text: SCF<\/em><br \/>\n<em>Foto: GreenEDGE Cycling<\/em><\/p>\n","protected":false},"excerpt":{"rendered":"<p>Caroline Andersson, som k\u00f6r f\u00f6r GreenEDGE Cycling (Team Jayco\u2013AlUla), visar fin form tidigt p\u00e5 s\u00e4songen. I helgen gjorde Caroline ett v\u00e4ldigt bra lopp i WWT-endagarsloppet Strade Bianche i Toscana \u2013 d\u00e4r alla de b\u00e4sta i v\u00e4rlden fanns med och Lotte Kopecky vann i v\u00e4rldsm\u00e4startr\u00f6jan. Caroline var 16:e cyklist i m\u00e5l p\u00e5 Strade Bianche, med<a href=\"https:\/\/scf.se\/landsvag\/caroline-andersson-har-startat-sasongen-bra-16e-i-stjarnfyllt-strade-bianche\/\" class=\"news-card__more\"> &#8230;<\/a><\/p>\n","protected":false},"author":41,"featured_media":4845,"comment_status":"open","ping_status":"open","sticky":false,"template":"","format":"standard","meta":{"_acf_changed":false,"footnotes":""},"categories":[1],"tags":[],"class_list":["post-4840","post","type-post","status-publish","format-standard","hentry","category-landsvag"],"acf":[],"_links":{"self":[{"href":"https:\/\/scf.se\/landsvag\/wp-json\/wp\/v2\/posts\/4840","targetHints":{"allow":["GET"]}}],"collection":[{"href":"https:\/\/scf.se\/landsvag\/wp-json\/wp\/v2\/posts"}],"about":[{"href":"https:\/\/scf.se\/landsvag\/wp-json\/wp\/v2\/types\/post"}],"author":[{"embeddable":true,"href":"https:\/\/scf.se\/landsvag\/wp-json\/wp\/v2\/users\/41"}],"replies":[{"embeddable":true,"href":"https:\/\/scf.se\/landsvag\/wp-json\/wp\/v2\/comments?post=4840"}],"version-history":[{"count":0,"href":"https:\/\/scf.se\/landsvag\/wp-json\/wp\/v2\/posts\/4840\/revisions"}],"wp:featuredmedia":[{"embeddable":true,"href":"https:\/\/scf.se\/landsvag\/wp-json\/wp\/v2\/media\/4845"}],"wp:attachment":[{"href":"https:\/\/scf.se\/landsvag\/wp-json\/wp\/v2\/media?parent=4840"}],"wp:term":[{"taxonomy":"category","embeddable":true,"href":"https:\/\/scf.se\/landsvag\/wp-json\/wp\/v2\/categories?post=4840"},{"taxonomy":"post_tag","embeddable":true,"href":"https:\/\/scf.se\/landsvag\/wp-json\/wp\/v2\/tags?post=4840"}],"curies":[{"name":"wp","href":"https:\/\/api.w.org\/{rel}","templated":true}]}}