
{"id":4732,"date":"2023-12-20T12:34:49","date_gmt":"2023-12-20T11:34:49","guid":{"rendered":"http:\/\/scf.se\/landsvag\/?p=4732"},"modified":"2023-12-20T13:37:27","modified_gmt":"2023-12-20T12:37:27","slug":"klart-med-landslagsprogram-och-fem-deltavlingar-i-swe-cup-landvag","status":"publish","type":"post","link":"https:\/\/scf.se\/landsvag\/klart-med-landslagsprogram-och-fem-deltavlingar-i-swe-cup-landvag\/","title":{"rendered":"Lucas blickar fram emot  2024 och h\u00f6gintressant landsv\u00e4gsprogram"},"content":{"rendered":"<p><strong>Det har varit en mycket bra s\u00e4song f\u00f6r grengrupp landsv\u00e4g. F\u00f6rbundskaptenen Lucas Persson kan summera fina resultat och framg\u00e5ngar i b\u00e5de dam- och herrklasser. Nu \u00e4r det dags att blicka fram\u00e5t mot 2024 med ett prelimin\u00e4rt internationellt t\u00e4vlingsprogram fyra sj\u00e4ttedelar av SWE Cup \u00e4r klart.\u00a0<\/strong><\/p>\n<p>Det f\u00f6rsta stora resultatet under senaste s\u00e4songen var n\u00e4r Jakob S\u00f6derqvist vann tredje etappen i Tour Du Loir Et Cher i Frankrike, den tuffaste. Senare under 2023 blev Jakob \u00e4ven sjua p\u00e5 tempo-VM och tia p\u00e5 tempo EM.<\/p>\n<div id=\"attachment_4428\" class=\"wp-caption alignnone\" ><a href=\"https:\/\/scf.se\/landsvag\/wp-content\/uploads\/sites\/5\/2023\/09\/JS6.jpg\"><img loading=\"lazy\" decoding=\"async\" class=\"size-full wp-image-4428\" src=\"https:\/\/scf.se\/landsvag\/wp-content\/uploads\/sites\/5\/2023\/09\/JS6.jpg\" alt=\"\" width=\"1095\" height=\"727\" srcset=\"https:\/\/scf.se\/landsvag\/wp-content\/uploads\/sites\/5\/2023\/09\/JS6.jpg 1095w, https:\/\/scf.se\/landsvag\/wp-content\/uploads\/sites\/5\/2023\/09\/JS6-300x199.jpg 300w, https:\/\/scf.se\/landsvag\/wp-content\/uploads\/sites\/5\/2023\/09\/JS6-1024x680.jpg 1024w, https:\/\/scf.se\/landsvag\/wp-content\/uploads\/sites\/5\/2023\/09\/JS6-768x510.jpg 768w\" sizes=\"auto, (max-width: 1095px) 100vw, 1095px\" \/><\/a><p class=\"wp-caption-text\"><em>En gedigen laginsats f\u00f6rsvarade Jakob S\u00f6derqvists gula ledartr\u00f6ja i Flandern.<\/em><\/p><\/div>\n<blockquote><p>&#8221;Och det tog inte slut h\u00e4r, i september vann ju Jakob \u00e4ven U23-etapploppet Flanders Tomorrow nere i Belgien med hj\u00e4lp av en RIKIGT stark laginsats. En annan av v\u00e5ra h\u00f6jdpunkter var n\u00e4r Jenny Rissveds vann tempot och totalen Gracia Tour i Tjeckien. Emilia Fahlin blev \u00e4ven trea totalt i ett \u00e4ven d\u00e4r grymt svenskt lag som jobbade h\u00e5rt f\u00f6r varandra&#8221;, s\u00e4ger Lucas Persson.<\/p><\/blockquote>\n<a href=\"https:\/\/scf.se\/landsvag\/wp-content\/uploads\/sites\/5\/2023\/09\/MEdaljDRAG.jpg\"><img loading=\"lazy\" decoding=\"async\" class=\"alignnone size-full wp-image-4567\" src=\"https:\/\/scf.se\/landsvag\/wp-content\/uploads\/sites\/5\/2023\/09\/MEdaljDRAG.jpg\" alt=\"\" width=\"1170\" height=\"919\" srcset=\"https:\/\/scf.se\/landsvag\/wp-content\/uploads\/sites\/5\/2023\/09\/MEdaljDRAG.jpg 1170w, https:\/\/scf.se\/landsvag\/wp-content\/uploads\/sites\/5\/2023\/09\/MEdaljDRAG-300x236.jpg 300w, https:\/\/scf.se\/landsvag\/wp-content\/uploads\/sites\/5\/2023\/09\/MEdaljDRAG-1024x804.jpg 1024w, https:\/\/scf.se\/landsvag\/wp-content\/uploads\/sites\/5\/2023\/09\/MEdaljDRAG-768x603.jpg 768w\" sizes=\"auto, (max-width: 1170px) 100vw, 1170px\" \/><\/a>\n<p>Kollar vi sedan p\u00e5 v\u00e5ra yngre cyklister och bara ska plocka fram ett enda juniorresultat s\u00e5 imponerade Stina Kagevi stort n\u00e4r hon blev tv\u00e5a p\u00e5 tempo-EM. D\u00e4r var Ella Wahlstr\u00f6m nia. Kagevi fick senare ta emot SilverEmmas Stipendium.<\/p>\n<p>Framg\u00e5ngarna har inte passerat obem\u00e4rkt. Jakob S\u00f6derqvist k\u00f6r n\u00e4sta \u00e5r f\u00f6r World tour-laget Lidl-Treks utvecklingslag medan Stina Kagevi k\u00f6r landsv\u00e4g f\u00f6r samma norska stall som Jenny Rissveds redan finns i, Team Coop \u2013 Hitec Products.<\/p>\n<p>Vill ni h\u00f6ra mera tankar om landsv\u00e4gss\u00e4songen 2023? D\u00e5 ska ni titta p\u00e5 Cykelstudion och avsnittet d\u00e4r f\u00f6rbundskaptensduon Lucas Persson och Alexander Wetterhall g\u00e4stade studion i G\u00f6teborg f\u00f6r ett l\u00e4ngre snack om s\u00e4songen!<\/p>\n<p><div class=\"video-wrapper\"><iframe loading=\"lazy\" title=\"F\u00f6rbundskaptenerna Lucas Persson och Alexander Wetterhall | Cykelstudion by SCF\" width=\"500\" height=\"281\" src=\"https:\/\/www.youtube.com\/embed\/bKDAn5GFih0?feature=oembed\" frameborder=\"0\" allow=\"accelerometer; autoplay; clipboard-write; encrypted-media; gyroscope; picture-in-picture; web-share\" referrerpolicy=\"strict-origin-when-cross-origin\" allowfullscreen><\/iframe><\/div><\/p>\n<p>&nbsp;<\/p>\n<p>Det \u00e4r ocks\u00e5 dags att blicka fram\u00e5t. Det \u00e4r ett stort cykel\u00e5r med s\u00e5v\u00e4l OS i Paris \u2013 ingen uttagen \u00e4nnu p\u00e5 landsv\u00e4g \u2013 som ett l\u00e4ckert VM i Z\u00fcrich och s\u00e5 EM i Flandern som stundar.<\/p>\n<blockquote><p>&#8221;Absolut intressant med 2024, det ser vi fram emot! Under 2023 hade vi en skjuts med U23 och hoppas att f\u00e5 till en bra s\u00e4song \u00e4ven n\u00e4sta \u00e5r. Vi hade r\u00e4tt s\u00e5 m\u00e5nga f\u00f6rsta\u00e5rsjuniorer med som nu kan kliva fram ytterligare. VM och EM ligger n\u00e4ra varandra\u00a0 s\u00e5 vi f\u00e5r se hur vi g\u00f6r. Klart \u00e4r ju att vi har fler platser till EM&#8221;, s\u00e4ger Lucas Persson.<\/p><\/blockquote>\n<p>Vi var inne p\u00e5 OS-l\u00e4get i samband med SOK-l\u00e4gret p\u00e5 Playitas d\u00e4r s\u00e5v\u00e4l Julia Borgstr\u00f6m som Emilia Fahlin fanns med p\u00e5 plats, men det t\u00e5l att upprepas.<\/p>\n<blockquote><p>&#8221;Vi har en plats i \u00a0herrelit och en damelit. Det kommer inte bli flera. SOK har sagt att det kr\u00e4vs flera topp tolv-resultat p\u00e5 World tour-niv\u00e5&#8221;, s\u00e4ger Lucas Persson.<\/p><\/blockquote>\n<div id=\"attachment_4761\" class=\"wp-caption alignnone\" ><a href=\"https:\/\/scf.se\/landsvag\/wp-content\/uploads\/sites\/5\/2023\/12\/SOK_CAMP_PLAYITAS_2023_4953.jpg\"><img loading=\"lazy\" decoding=\"async\" class=\"size-full wp-image-4761\" src=\"https:\/\/scf.se\/landsvag\/wp-content\/uploads\/sites\/5\/2023\/12\/SOK_CAMP_PLAYITAS_2023_4953.jpg\" alt=\"\" width=\"2475\" height=\"1650\" srcset=\"https:\/\/scf.se\/landsvag\/wp-content\/uploads\/sites\/5\/2023\/12\/SOK_CAMP_PLAYITAS_2023_4953.jpg 2475w, https:\/\/scf.se\/landsvag\/wp-content\/uploads\/sites\/5\/2023\/12\/SOK_CAMP_PLAYITAS_2023_4953-300x200.jpg 300w, https:\/\/scf.se\/landsvag\/wp-content\/uploads\/sites\/5\/2023\/12\/SOK_CAMP_PLAYITAS_2023_4953-1024x683.jpg 1024w, https:\/\/scf.se\/landsvag\/wp-content\/uploads\/sites\/5\/2023\/12\/SOK_CAMP_PLAYITAS_2023_4953-768x512.jpg 768w, https:\/\/scf.se\/landsvag\/wp-content\/uploads\/sites\/5\/2023\/12\/SOK_CAMP_PLAYITAS_2023_4953-1536x1024.jpg 1536w, https:\/\/scf.se\/landsvag\/wp-content\/uploads\/sites\/5\/2023\/12\/SOK_CAMP_PLAYITAS_2023_4953-2048x1365.jpg 2048w\" sizes=\"auto, (max-width: 2475px) 100vw, 2475px\" \/><\/a><p class=\"wp-caption-text\"><em>Regerande svenska m\u00e4staren i linjelopp, Emilia Fahlin, fanns med p\u00e5 SOK:s Playitasl\u00e4ger med en svensk OS-bruttotrupp, liksom Julia Borgstr\u00f6m. Foto: Henrik Kindgren<\/em><\/p><\/div>\n<p>Emilia Fahlin har en del resultat \u00e5t det h\u00e5llet men de gjordes sensommaren 2022 innan en handledsskada. Emilia m\u00e5ste upp med fler och f\u00e4rskare resultat f\u00f6r att kvala in till OS. Julia Borgstr\u00f6m och f\u00f6r den delen \u00e4ven Caroline Andersson skulle kunna f\u00e5 en OS-plats med lite f\u00e4rre h\u00e5rda resultat, som framtidshopp \u2013 \u00e4ven om det d\u00e4rmed att bara se och l\u00e4ra sedan l\u00e4nge inte g\u00e4ller l\u00e4ngre i de h\u00e5rda uttagningskriterierna.<\/p>\n<p>I samband med en presskonferens p\u00e5 Playitas togs senaste s\u00e4songens dubblerande Jenny Rissveds ut i OS-truppen \u2013 bara i hennes huvuddisciplin mountainbike XCO.<\/p>\n<p>Men s\u00e4songen 2024 \u00e4r s\u00e5 mycket mer \u00e4n OS, VM och EM. Det finns ocks\u00e5 m\u00e5nga t\u00e4vlingar att skaffa sig erfarenhet f\u00f6r junior- och U23-cyklister. Viktiga f\u00f6r framtiden.<\/p>\n<blockquote><p>&#8221;Ja, det \u00e4r fortfarande fokus p\u00e5 junior och U23 under 2024. M\u00e5nga av damerna \u00e4r ute och k\u00f6r redan, med bra kontrakt. D\u00e4rf\u00f6r blir det n\u00e5got fler t\u00e4vlingar f\u00f6r herrarna 2023, men vi h\u00e5ller \u00f6gonen \u00f6ppna om det finns behov av att komma ut lite mera och t\u00e4vla f\u00f6r damerna. Vi har satt ett prelimin\u00e4rt landslagsprogram med samma budget som f\u00f6rra \u00e5ret s\u00e5 f\u00e5r vi hoppas att den planeringen h\u00e5ller&#8221;, s\u00e4ger Lucas Persson.<\/p><\/blockquote>\n<p>N\u00e5gra av de b\u00e4ttre U23-cykisterna blir \u00f6ver\u00e5riga men det finns t\u00e4vlingar som ska f\u00e5nga upp \u00e4ven dem.\u00a0H\u00e4r \u00e4r landslagsprogrammet som blev klart i veckan.<\/p>\n<h2>Landslagsprogram landsv\u00e4g 2024 (prelimin\u00e4rt)<\/h2>\n<p><em><strong>Mars<\/strong><\/em><\/p>\n<ul>\n<li><strong>24 mars:<\/strong> Gent-Wevelgem Nations cup (herrjunior, damjunior, herrar U23, damer U23).<\/li>\n<\/ul>\n<p><em><strong>April<\/strong><\/em><\/p>\n<ul>\n<li><strong>4\u20137 april<\/strong>: Circuit des Ardennes UCI2.2 (herrar U23\/elit).<\/li>\n<li><strong>7 april:<\/strong> Paris-Roubaix, Frankrike \u2013 Nations cup (herrar junior).<\/li>\n<li><strong>10\u201314 april:<\/strong> Tour du Loir et Cher UCI 2.2 (herrar U23\/elit).<\/li>\n<li><strong>19\u201321 april:<\/strong> EPZ Omloop van Borsele, Holland \u2013 Nations cup (damer junior).<\/li>\n<li><strong>25\u201328 april:<\/strong> Gracia Tour UCI 2.2 (damer U23\/elit).<\/li>\n<\/ul>\n<p><em><strong>Maj<\/strong><\/em><\/p>\n<ul>\n<li><strong>2\u20135 maj:<\/strong> Course de la Paix Junior, Tjeckien \u2013 Nations cup (herrar junior).<\/li>\n<li><strong>15\u201319 maj:<\/strong> Orlen Nations GP Nations-Cup (herrar U23).<\/li>\n<li><strong>23\u201325 maj<\/strong>: Tour of Estonia, Estland \u2013 2.1 (herrar U23\/elit).<\/li>\n<\/ul>\n<p><em><strong>Juni<\/strong><\/em><\/p>\n<ul>\n<li><strong>30 maj\u20132 juni:<\/strong> LVM Saarland Trofeo , Tyskland \u2013 Nations Cup (Herr Junior).<\/li>\n<\/ul>\n<p><em><strong>Juli<\/strong><\/em><\/p>\n<p>Inga planerade landslagsuppdrag.<\/p>\n<p><em><strong>Augusti<\/strong><\/em><\/p>\n<ul>\n<li><strong>3\u20134 augusti:<\/strong> OS i Paris.<\/li>\n<li><strong>29\u201331 augusti:<\/strong> Flanders Tomorrow (herrar U23).<\/li>\n<li><strong>30 augusti\u20131 september:<\/strong> Watersley Ladies Challenge Nations cup (damer junior).<\/li>\n<\/ul>\n<p><em><strong>September<\/strong><\/em><\/p>\n<ul>\n<li><strong>6\u20138 september:<\/strong> GP Ruebliland, Schweiz \u2013 2.1 (herrar junior).<\/li>\n<li><strong>11\u201315 september:<\/strong> European Championship, Limburg-Flanders (alla klasser).<\/li>\n<li><strong>21\u201329 september:<\/strong> World Championship, Z\u00fcrich (alla klasser).<\/li>\n<\/ul>\n<p>SWE Cup kommer vara observationslopp f\u00f6r de olika landslaget, inte minst de yngre. Det \u00e4r fem delt\u00e4vlingar som \u00e4r helt klara<\/p>\n<blockquote><p>&#8221;Vi kommer forts\u00e4tta att ha det som observation som junior och U23, sv\u00e5rt att j\u00e4mf\u00f6ra utomlands. Titta p\u00e5 dem. F\u00f6r juniorer \u00e4r det n\u00e4rmast obligatoriskt att k\u00f6ra SWE Cup f\u00f6r att k\u00f6ra landslag.&#8221;<\/p><\/blockquote>\n<h2>SWE Cup landsv\u00e4g 2024<\/h2>\n<ul>\n<li><strong>Delt\u00e4vling 1:<\/strong> 20 april (arrang\u00f6r kommer inom kort).<\/li>\n<li><strong>Delt\u00e4vling 2:<\/strong> 28 april, Ringenloppet Malm\u00f6.<\/li>\n<li><strong>Delt\u00e4vling 3:<\/strong> 19 maj Giro Himledalen, Varberg.<\/li>\n<li><strong>Delt\u00e4vling 4:<\/strong> 6 juni Nationaldagsloppet, Vallentuna.<\/li>\n<li><strong>Delt\u00e4vling 5:<\/strong> 17 augusti Scandinavian Race, Uppsala.<\/li>\n<li><strong>Delt\u00e4vling 6:<\/strong> 7 september (arrang\u00f6r kommer inom kort).<\/li>\n<\/ul>\n<p><em>T<\/em>e<em>xt: Tomas Larsson\/SCF<\/em><br \/>\n<em>Foto: SCF, d\u00e4r ej annat anges<\/em><\/p>\n<hr \/>\n<p><em><strong>Svenska Cykelf\u00f6rbundet \u00e4r stolta \u00f6ver att presentera v\u00e5ra samarbetspartners. Tack vare dessa fantastiska f\u00f6retag kan v\u00e5ra cyklister oftare ta sig l\u00e4ngre ut i v\u00e4rlden.<\/strong><\/em><\/p>\n<h2><a href=\"https:\/\/scf.se\/forbundet\/sponsorer\/\"><img loading=\"lazy\" decoding=\"async\" class=\"alignnone size-full wp-image-3872\" src=\"https:\/\/scf.se\/landsvag\/wp-content\/uploads\/sites\/5\/2023\/02\/LiggandeBannerNyheterHemsida2023.png\" alt=\"\" width=\"1200\" height=\"200\" srcset=\"https:\/\/scf.se\/landsvag\/wp-content\/uploads\/sites\/5\/2023\/02\/LiggandeBannerNyheterHemsida2023.png 1200w, https:\/\/scf.se\/landsvag\/wp-content\/uploads\/sites\/5\/2023\/02\/LiggandeBannerNyheterHemsida2023-300x50.png 300w, https:\/\/scf.se\/landsvag\/wp-content\/uploads\/sites\/5\/2023\/02\/LiggandeBannerNyheterHemsida2023-1024x171.png 1024w, https:\/\/scf.se\/landsvag\/wp-content\/uploads\/sites\/5\/2023\/02\/LiggandeBannerNyheterHemsida2023-768x128.png 768w\" sizes=\"auto, (max-width: 1200px) 100vw, 1200px\" \/><\/a><\/h2>\n","protected":false},"excerpt":{"rendered":"<p>Det har varit en mycket bra s\u00e4song f\u00f6r grengrupp landsv\u00e4g. F\u00f6rbundskaptenen Lucas Persson kan summera fina resultat och framg\u00e5ngar i b\u00e5de dam- och herrklasser. Nu \u00e4r det dags att blicka fram\u00e5t mot 2024 med ett prelimin\u00e4rt internationellt t\u00e4vlingsprogram fyra sj\u00e4ttedelar av SWE Cup \u00e4r klart.\u00a0 Det f\u00f6rsta stora resultatet under senaste s\u00e4songen var n\u00e4r<a href=\"https:\/\/scf.se\/landsvag\/klart-med-landslagsprogram-och-fem-deltavlingar-i-swe-cup-landvag\/\" class=\"news-card__more\"> &#8230;<\/a><\/p>\n","protected":false},"author":41,"featured_media":4103,"comment_status":"open","ping_status":"open","sticky":false,"template":"","format":"standard","meta":{"_acf_changed":false,"footnotes":""},"categories":[1],"tags":[],"class_list":["post-4732","post","type-post","status-publish","format-standard","hentry","category-landsvag"],"acf":[],"_links":{"self":[{"href":"https:\/\/scf.se\/landsvag\/wp-json\/wp\/v2\/posts\/4732","targetHints":{"allow":["GET"]}}],"collection":[{"href":"https:\/\/scf.se\/landsvag\/wp-json\/wp\/v2\/posts"}],"about":[{"href":"https:\/\/scf.se\/landsvag\/wp-json\/wp\/v2\/types\/post"}],"author":[{"embeddable":true,"href":"https:\/\/scf.se\/landsvag\/wp-json\/wp\/v2\/users\/41"}],"replies":[{"embeddable":true,"href":"https:\/\/scf.se\/landsvag\/wp-json\/wp\/v2\/comments?post=4732"}],"version-history":[{"count":0,"href":"https:\/\/scf.se\/landsvag\/wp-json\/wp\/v2\/posts\/4732\/revisions"}],"wp:featuredmedia":[{"embeddable":true,"href":"https:\/\/scf.se\/landsvag\/wp-json\/wp\/v2\/media\/4103"}],"wp:attachment":[{"href":"https:\/\/scf.se\/landsvag\/wp-json\/wp\/v2\/media?parent=4732"}],"wp:term":[{"taxonomy":"category","embeddable":true,"href":"https:\/\/scf.se\/landsvag\/wp-json\/wp\/v2\/categories?post=4732"},{"taxonomy":"post_tag","embeddable":true,"href":"https:\/\/scf.se\/landsvag\/wp-json\/wp\/v2\/tags?post=4732"}],"curies":[{"name":"wp","href":"https:\/\/api.w.org\/{rel}","templated":true}]}}