
{"id":4701,"date":"2023-11-07T15:21:50","date_gmt":"2023-11-07T14:21:50","guid":{"rendered":"http:\/\/scf.se\/landsvag\/?p=4701"},"modified":"2023-11-07T16:07:50","modified_gmt":"2023-11-07T15:07:50","slug":"wetterhall-och-persson-om-god-prestationsmiljo-och-mycket-annat","status":"publish","type":"post","link":"https:\/\/scf.se\/landsvag\/wetterhall-och-persson-om-god-prestationsmiljo-och-mycket-annat\/","title":{"rendered":"Wetterhall och Persson om god prestationsmilj\u00f6 och mycket annat"},"content":{"rendered":"<p><strong>Ni \u00e4r flera som har fr\u00e5gat efter en l\u00e4ngre version av intervjun i Cykelstudion by SCF med f\u00f6rbundskaptenerna f\u00f6r landsv\u00e4g, Lucas Persson och Alexander Wetterhall. S\u00e5 h\u00e4r kommer hela intervjun!<\/strong><\/p>\n<p><div class=\"video-wrapper\"><iframe loading=\"lazy\" title=\"F\u00f6rbundskaptenerna Lucas Persson och Alexander Wetterhall | Cykelstudion by SCF\" width=\"500\" height=\"281\" src=\"https:\/\/www.youtube.com\/embed\/bKDAn5GFih0?feature=oembed\" frameborder=\"0\" allow=\"accelerometer; autoplay; clipboard-write; encrypted-media; gyroscope; picture-in-picture; web-share\" referrerpolicy=\"strict-origin-when-cross-origin\" allowfullscreen><\/iframe><\/div><\/p>\n<p>Lucas Persson och Alexander Wetterhall ber\u00f6rde grundl\u00e4ggande \u00e4mnen som cykel i Sverige, vad de g\u00f6r i sina roller som f\u00f6rbundskapten och assisterande, landslag, landslagsuppdrag, tr\u00e4ning och vad de tittar p\u00e5.<\/p>\n<blockquote><p>&#8221;Vi kom \u00e4ven in p\u00e5 n\u00e5got som jag tycker \u00e4r v\u00e4ldigt intressant, och som vi jobbar h\u00e5rt f\u00f6r, n\u00e4mligen gruppdynamik och en god prestationsmilj\u00f6 &#8211; eller r\u00e4ttare sagt &#8211; en milj\u00f6 d\u00e4r man k\u00e4nner sig trygg att vara sig sj\u00e4lv i och d\u00e4r man kan utvecklas och prestera i. Detta \u00e4r n\u00e5got som vi ledare har ett enormt ansvar i att forma men f\u00f6r alla individer i gruppen att bidra till&#8221;, s\u00e4ger Alexander Wetterhall.<\/p><\/blockquote>\n<p>N\u00e5gra h\u00f6jdpunkter under s\u00e4songen 2023 d\u00e4r f\u00f6rbundskaptensduon lyckades med detta var under Gracia Orlova (tv\u00e5 svenska cyklister p\u00e5 pallen i totalen i form av segraren Jenny Rissveds och trean Emilia Fahlin), Flanders Tomorrow (U23-etapplopp d\u00e4r Jakob S\u00f6derqvist segrade) och EM i Holland d\u00e4r Stina Kagevi tog silver i damjuniorernas tempolopp.<\/p>\n<a href=\"https:\/\/scf.se\/landsvag\/wp-content\/uploads\/sites\/5\/2023\/05\/Gracia8.jpg\"><img loading=\"lazy\" decoding=\"async\" class=\"alignnone size-full wp-image-4022\" src=\"https:\/\/scf.se\/landsvag\/wp-content\/uploads\/sites\/5\/2023\/05\/Gracia8.jpg\" alt=\"\" width=\"1170\" height=\"1370\" srcset=\"https:\/\/scf.se\/landsvag\/wp-content\/uploads\/sites\/5\/2023\/05\/Gracia8.jpg 1170w, https:\/\/scf.se\/landsvag\/wp-content\/uploads\/sites\/5\/2023\/05\/Gracia8-256x300.jpg 256w, https:\/\/scf.se\/landsvag\/wp-content\/uploads\/sites\/5\/2023\/05\/Gracia8-875x1024.jpg 875w, https:\/\/scf.se\/landsvag\/wp-content\/uploads\/sites\/5\/2023\/05\/Gracia8-768x899.jpg 768w\" sizes=\"auto, (max-width: 1170px) 100vw, 1170px\" \/><\/a>\n<a href=\"https:\/\/scf.se\/landsvag\/wp-content\/uploads\/sites\/5\/2023\/09\/JS6.jpg\"><img loading=\"lazy\" decoding=\"async\" class=\"size-full wp-image-4428\" src=\"https:\/\/scf.se\/landsvag\/wp-content\/uploads\/sites\/5\/2023\/09\/JS6.jpg\" alt=\"\" width=\"1095\" height=\"727\" srcset=\"https:\/\/scf.se\/landsvag\/wp-content\/uploads\/sites\/5\/2023\/09\/JS6.jpg 1095w, https:\/\/scf.se\/landsvag\/wp-content\/uploads\/sites\/5\/2023\/09\/JS6-300x199.jpg 300w, https:\/\/scf.se\/landsvag\/wp-content\/uploads\/sites\/5\/2023\/09\/JS6-1024x680.jpg 1024w, https:\/\/scf.se\/landsvag\/wp-content\/uploads\/sites\/5\/2023\/09\/JS6-768x510.jpg 768w\" sizes=\"auto, (max-width: 1095px) 100vw, 1095px\" \/><\/a>\n<a href=\"https:\/\/scf.se\/landsvag\/wp-content\/uploads\/sites\/5\/2023\/09\/MEdaljDRAG.jpg\"><img loading=\"lazy\" decoding=\"async\" class=\"alignnone size-full wp-image-4567\" src=\"https:\/\/scf.se\/landsvag\/wp-content\/uploads\/sites\/5\/2023\/09\/MEdaljDRAG.jpg\" alt=\"\" width=\"1170\" height=\"919\" srcset=\"https:\/\/scf.se\/landsvag\/wp-content\/uploads\/sites\/5\/2023\/09\/MEdaljDRAG.jpg 1170w, https:\/\/scf.se\/landsvag\/wp-content\/uploads\/sites\/5\/2023\/09\/MEdaljDRAG-300x236.jpg 300w, https:\/\/scf.se\/landsvag\/wp-content\/uploads\/sites\/5\/2023\/09\/MEdaljDRAG-1024x804.jpg 1024w, https:\/\/scf.se\/landsvag\/wp-content\/uploads\/sites\/5\/2023\/09\/MEdaljDRAG-768x603.jpg 768w\" sizes=\"auto, (max-width: 1170px) 100vw, 1170px\" \/><\/a>\n<p>Av dessa kommer tre stycken cyklister fr\u00e5n MTB och just att man b\u00f6r sluta med att nischa sig var n\u00e5got samtalet kom in p\u00e5 tidigt.<\/p>\n<p>Sp\u00e4nnande utveckling, s\u00e5 kolla in den l\u00e4ngre intervjun! Programledare \u00e4r Anders Ekh och Daniel Breece.<\/p>\n<p>Nu \u00e4r egentligen s\u00e4songen p\u00e5 Cykelmagasinet slut f\u00f6r i \u00e5r. Men vi siktar p\u00e5 att k\u00f6ra ett bonusprogram, som i s\u00e5 fall kommer att dyka upp i samband med starten av SWE Cup i E-cycling. S\u00e5 h\u00e5ll utkik p\u00e5 Cykelmagasinets Youtubeplattform i b\u00f6rjan av december!<\/p>\n<p>Cykelstudion \u00e4r en av Svenska Cykelf\u00f6rbundets kommunikationssatsningar under 2023, som vi har gjort tillsammans med Cykelmagasinet och Silverbullet Film i G\u00f6teborg.<\/p>\n<ul>\n<li><a href=\"https:\/\/www.youtube.com\/channel\/UC41OxU7Kziyi1bVePSx-CUA\"><em><strong>H\u00e4r hittar ni alla avsnitt och l\u00e4ngre intervjuer i Cykelstudion!\u00a0<\/strong><\/em><\/a><\/li>\n<\/ul>\n<p><em>Text: SCF<\/em><br \/>\n<em>Foto: Cykelmagasinet, Dalibor Valek och SCF<\/em><\/p>\n","protected":false},"excerpt":{"rendered":"<p>Ni \u00e4r flera som har fr\u00e5gat efter en l\u00e4ngre version av intervjun i Cykelstudion by SCF med f\u00f6rbundskaptenerna f\u00f6r landsv\u00e4g, Lucas Persson och Alexander Wetterhall. S\u00e5 h\u00e4r kommer hela intervjun! Lucas Persson och Alexander Wetterhall ber\u00f6rde grundl\u00e4ggande \u00e4mnen som cykel i Sverige, vad de g\u00f6r i sina roller som f\u00f6rbundskapten och assisterande, landslag, landslagsuppdrag,<a href=\"https:\/\/scf.se\/landsvag\/wetterhall-och-persson-om-god-prestationsmiljo-och-mycket-annat\/\" class=\"news-card__more\"> &#8230;<\/a><\/p>\n","protected":false},"author":41,"featured_media":4705,"comment_status":"open","ping_status":"open","sticky":false,"template":"","format":"standard","meta":{"_acf_changed":false,"footnotes":""},"categories":[1],"tags":[],"class_list":["post-4701","post","type-post","status-publish","format-standard","hentry","category-landsvag"],"acf":[],"_links":{"self":[{"href":"https:\/\/scf.se\/landsvag\/wp-json\/wp\/v2\/posts\/4701","targetHints":{"allow":["GET"]}}],"collection":[{"href":"https:\/\/scf.se\/landsvag\/wp-json\/wp\/v2\/posts"}],"about":[{"href":"https:\/\/scf.se\/landsvag\/wp-json\/wp\/v2\/types\/post"}],"author":[{"embeddable":true,"href":"https:\/\/scf.se\/landsvag\/wp-json\/wp\/v2\/users\/41"}],"replies":[{"embeddable":true,"href":"https:\/\/scf.se\/landsvag\/wp-json\/wp\/v2\/comments?post=4701"}],"version-history":[{"count":0,"href":"https:\/\/scf.se\/landsvag\/wp-json\/wp\/v2\/posts\/4701\/revisions"}],"wp:featuredmedia":[{"embeddable":true,"href":"https:\/\/scf.se\/landsvag\/wp-json\/wp\/v2\/media\/4705"}],"wp:attachment":[{"href":"https:\/\/scf.se\/landsvag\/wp-json\/wp\/v2\/media?parent=4701"}],"wp:term":[{"taxonomy":"category","embeddable":true,"href":"https:\/\/scf.se\/landsvag\/wp-json\/wp\/v2\/categories?post=4701"},{"taxonomy":"post_tag","embeddable":true,"href":"https:\/\/scf.se\/landsvag\/wp-json\/wp\/v2\/tags?post=4701"}],"curies":[{"name":"wp","href":"https:\/\/api.w.org\/{rel}","templated":true}]}}