
{"id":4673,"date":"2023-10-24T12:01:00","date_gmt":"2023-10-24T10:01:00","guid":{"rendered":"http:\/\/scf.se\/landsvag\/?p=4673"},"modified":"2023-10-24T17:03:56","modified_gmt":"2023-10-24T15:03:56","slug":"stina-kagevi-har-tvaarskontrakt-med-coop-och-alma-johansson-i-rose","status":"publish","type":"post","link":"https:\/\/scf.se\/landsvag\/stina-kagevi-har-tvaarskontrakt-med-coop-och-alma-johansson-i-rose\/","title":{"rendered":"Stina Kagevi har tv\u00e5\u00e5rskontrakt med Coop \u2013 och Alma Johansson i Rose"},"content":{"rendered":"<p><strong>N\u00e4r det g\u00e4ller unga svenska cyklister som ansluter till utl\u00e4ndska stall m\u00e4rks, f\u00f6rutom Jakob S\u00f6derqvist, tv\u00e5 damcyklister. Stina Kagevi blir f\u00f6rsta\u00e5rssenior och har tv\u00e5\u00e5rskontrakt med norska Coop \u2013 Hitec Products. Alma Johansson som \u00e4r \u00e5ret \u00e4ldre finns nu registrerad hos tyska Maxx-Solar Rose Women Racing.<\/strong><\/p>\n<p>Coop \u2013 Hitec Products passade p\u00e5 att signa den f\u00f6re detta MTB-cyklisten <strong>Stina Kagevi,<\/strong> som har k\u00f6rt s\u00e5 bra p\u00e5 landsv\u00e4g under juniortiden, just innan VM-loppet p\u00e5 landsv\u00e4g. I Glasgow blev det en 31:a plats med mersmak.<\/p>\n<p>Det \u00e4r ett l\u00e5ngsiktigt samarbete \u00f6ver i f\u00f6rsta hand tv\u00e5 \u00e5r:<\/p>\n<blockquote><p>&#8221;Teamet \u00e4r mycket glada \u00f6ver v\u00e4rvningen av den unga svenska cyklisten som kommer att ansluta sig till laget 2024 p\u00e5 ett tv\u00e5\u00e5rskontrakt. Bara 17 \u00e5r gammal var hon redan dubbel svensk juniorm\u00e4stare i linjelopp och vann \u00e4ven SM i tempo senast&#8221;, skrev Coop \u2013 Hitec n\u00e4r \u00f6verg\u00e5ngen var klar.<\/p><\/blockquote>\n<a href=\"https:\/\/scf.se\/landsvag\/wp-content\/uploads\/sites\/5\/2023\/09\/MEdaljDRAG.jpg\"><img loading=\"lazy\" decoding=\"async\" class=\"alignnone size-full wp-image-4567\" src=\"https:\/\/scf.se\/landsvag\/wp-content\/uploads\/sites\/5\/2023\/09\/MEdaljDRAG.jpg\" alt=\"\" width=\"1170\" height=\"919\" srcset=\"https:\/\/scf.se\/landsvag\/wp-content\/uploads\/sites\/5\/2023\/09\/MEdaljDRAG.jpg 1170w, https:\/\/scf.se\/landsvag\/wp-content\/uploads\/sites\/5\/2023\/09\/MEdaljDRAG-300x236.jpg 300w, https:\/\/scf.se\/landsvag\/wp-content\/uploads\/sites\/5\/2023\/09\/MEdaljDRAG-1024x804.jpg 1024w, https:\/\/scf.se\/landsvag\/wp-content\/uploads\/sites\/5\/2023\/09\/MEdaljDRAG-768x603.jpg 768w\" sizes=\"auto, (max-width: 1170px) 100vw, 1170px\" \/><\/a>\n<p>Stina slog sedan till med ett silver i EM-tempot i Nederl\u00e4nderna \u2013 d\u00e4r damjuniorerna gjorde str\u00e5lande lopp \u2013 och \u00e4r ett intressant tillskott i Coopteamet d\u00e4r Jenny Rissveds anslut mitt under denna s\u00e4song och \u00e4ven fanns med i Tour de France-laget.<\/p>\n<p>&nbsp;<\/p>\n<p><strong>Alma Johansson<\/strong> slog igenom internationellt som CX-\u00e5kare och var nia p\u00e5 VM i USA. I samma gren har hon i h\u00f6st k\u00f6rt v\u00e4ldigt bra p\u00e5 nationella SWE Cup med fyra raka segrar.<\/p>\n<a href=\"https:\/\/scf.se\/landsvag\/wp-content\/uploads\/sites\/5\/2023\/10\/394754410_985919669144338_834442619277894859_n-662x468-1.jpg\"><img loading=\"lazy\" decoding=\"async\" class=\"alignnone size-full wp-image-4688\" src=\"https:\/\/scf.se\/landsvag\/wp-content\/uploads\/sites\/5\/2023\/10\/394754410_985919669144338_834442619277894859_n-662x468-1.jpg\" alt=\"\" width=\"662\" height=\"468\" srcset=\"https:\/\/scf.se\/landsvag\/wp-content\/uploads\/sites\/5\/2023\/10\/394754410_985919669144338_834442619277894859_n-662x468-1.jpg 662w, https:\/\/scf.se\/landsvag\/wp-content\/uploads\/sites\/5\/2023\/10\/394754410_985919669144338_834442619277894859_n-662x468-1-300x212.jpg 300w\" sizes=\"auto, (max-width: 662px) 100vw, 662px\" \/><\/a>\n<p>Nu \u00e4r Alma en av blott tre cyklister som \u00e4r officiellt registrerade hos Maxx-Solar Rose Women Racings landsv\u00e4gsteam f\u00f6r 2024. De \u00f6vriga i det tyska Rosestallet \u00e4r rutinerade schweiziskan Lea Fuchs samt hemmacyklisten Nele Laing. Alma har tv\u00e5\u00e5rskontrakt med Rose.<\/p>\n<p><strong>Caroline Andersson<\/strong> kommer fr\u00e5n en stabil s\u00e4song som mestadels en viktig hj\u00e4lpryttare i nederl\u00e4ndska storstallen LivRacing. N\u00e4sta \u00e5r finns Caroline Andersson med i australiensiska Team Jayco AlUla.<\/p>\n<p><strong>Julia Borgstr\u00f6m<\/strong> har kontrakt med sitt AG Insurance &#8211; Soudal Quick-Step fram till och med 2025.<\/p>\n<p>P\u00e5 herrsidan har br\u00f6derna <strong>Lucas Eriksson<\/strong> och <strong>Jacob Eriksson<\/strong> ett \u00e5r kvar p\u00e5 sitt kontrakt med schweiziska Tudor Pro Cycling Team. Samma sak g\u00e4ller f\u00f6r <strong>Tobias Ludvigsson<\/strong> i Q36.5 Pro Cycling Team.<\/p>\n<ul>\n<li><a href=\"https:\/\/scf.se\/landsvag\/soderqvist-till-lidl-treks-utvecklingslag-men-behaller-trygga-basen-i-falun\/\"><strong><em>Jakob S\u00f6derqvist \u00e4r klar f\u00f6r Lidl Trek Development team, l\u00e4s intervju h\u00e4r!<\/em><\/strong><\/a><\/li>\n<li><strong><em>N\u00e5gra svenska cyklister har utg\u00e5ende kontrakt med sina utl\u00e4ndska team, s\u00e5 vi forts\u00e4tter att f\u00f6lja cyklisternas silly season h\u00e4r p\u00e5 SCF.se.<\/em><\/strong><\/li>\n<\/ul>\n<p><em>Text: SCF<br \/>\nFoto: SCF och M\u00f6lndals CK<\/em><\/p>\n<p>&nbsp;<\/p>\n<p>&nbsp;<\/p>\n<p>&nbsp;<\/p>\n<p>&nbsp;<\/p>\n<p>&nbsp;<\/p>\n<p>&nbsp;<\/p>\n","protected":false},"excerpt":{"rendered":"<p>N\u00e4r det g\u00e4ller unga svenska cyklister som ansluter till utl\u00e4ndska stall m\u00e4rks, f\u00f6rutom Jakob S\u00f6derqvist, tv\u00e5 damcyklister. Stina Kagevi blir f\u00f6rsta\u00e5rssenior och har tv\u00e5\u00e5rskontrakt med norska Coop \u2013 Hitec Products. Alma Johansson som \u00e4r \u00e5ret \u00e4ldre finns nu registrerad hos tyska Maxx-Solar Rose Women Racing. Coop \u2013 Hitec Products passade p\u00e5 att signa den<a href=\"https:\/\/scf.se\/landsvag\/stina-kagevi-har-tvaarskontrakt-med-coop-och-alma-johansson-i-rose\/\" class=\"news-card__more\"> &#8230;<\/a><\/p>\n","protected":false},"author":41,"featured_media":4482,"comment_status":"open","ping_status":"open","sticky":false,"template":"","format":"standard","meta":{"_acf_changed":false,"footnotes":""},"categories":[1],"tags":[],"class_list":["post-4673","post","type-post","status-publish","format-standard","hentry","category-landsvag"],"acf":[],"_links":{"self":[{"href":"https:\/\/scf.se\/landsvag\/wp-json\/wp\/v2\/posts\/4673","targetHints":{"allow":["GET"]}}],"collection":[{"href":"https:\/\/scf.se\/landsvag\/wp-json\/wp\/v2\/posts"}],"about":[{"href":"https:\/\/scf.se\/landsvag\/wp-json\/wp\/v2\/types\/post"}],"author":[{"embeddable":true,"href":"https:\/\/scf.se\/landsvag\/wp-json\/wp\/v2\/users\/41"}],"replies":[{"embeddable":true,"href":"https:\/\/scf.se\/landsvag\/wp-json\/wp\/v2\/comments?post=4673"}],"version-history":[{"count":0,"href":"https:\/\/scf.se\/landsvag\/wp-json\/wp\/v2\/posts\/4673\/revisions"}],"wp:featuredmedia":[{"embeddable":true,"href":"https:\/\/scf.se\/landsvag\/wp-json\/wp\/v2\/media\/4482"}],"wp:attachment":[{"href":"https:\/\/scf.se\/landsvag\/wp-json\/wp\/v2\/media?parent=4673"}],"wp:term":[{"taxonomy":"category","embeddable":true,"href":"https:\/\/scf.se\/landsvag\/wp-json\/wp\/v2\/categories?post=4673"},{"taxonomy":"post_tag","embeddable":true,"href":"https:\/\/scf.se\/landsvag\/wp-json\/wp\/v2\/tags?post=4673"}],"curies":[{"name":"wp","href":"https:\/\/api.w.org\/{rel}","templated":true}]}}