
{"id":4669,"date":"2023-10-24T12:49:37","date_gmt":"2023-10-24T10:49:37","guid":{"rendered":"http:\/\/scf.se\/landsvag\/?p=4669"},"modified":"2023-10-24T17:15:57","modified_gmt":"2023-10-24T15:15:57","slug":"soderqvist-till-lidl-treks-utvecklingslag-men-behaller-trygga-basen-i-falun","status":"publish","type":"post","link":"https:\/\/scf.se\/landsvag\/soderqvist-till-lidl-treks-utvecklingslag-men-behaller-trygga-basen-i-falun\/","title":{"rendered":"Lidl-Treks utvecklingslag n\u00e4sta f\u00f6r Jakob \u2013 beh\u00e5ller trygg bas i Falun"},"content":{"rendered":"<p><strong>Jakob S\u00f6derqvist \u00e4r MTB-cyklisten som slog igenom stort p\u00e5 landsv\u00e4g under 2023. N\u00e4sta \u00e5r blir det minst sagt landsv\u00e4g fullt ut f\u00f6r 20-\u00e5ringen. Han \u00e4r klar f\u00f6r Lidl-Trek Development Team och Mattias Reck blir ansvarig tr\u00e4nare. Men Jakob kommer att ha kvar den trygga basen i Falun \u00e4ven i vinter. &#8221;Jag \u00e4r precis d\u00e4r jag vill med min cykling och trivs faktiskt p\u00e5 isiga vinterv\u00e4gar&#8221;, s\u00e4ger S\u00f6derqvist.<\/strong><\/p>\n<p>Jakob S\u00f6derqvist k\u00f6rde delar av XCO-v\u00e4rldscupen men har under s\u00e4songen mer och mer sv\u00e4ngt \u00f6ver p\u00e5 landsv\u00e4g. D\u00e4r har det blivit en etappseger i Frankrike, en sjundeplats p\u00e5 U23-VM och en totalseger i ett belgiskt U23-etapplopp med det svenska landslaget.<\/p>\n<p>Inte ov\u00e4ntat har det droppat in en del erbjudanden p\u00e5 landsv\u00e4gssidan f\u00f6r Jakob som i \u00e5r k\u00f6rt f\u00f6r den svenska projektet Team Vostroblock Evolite Cycling. Valet f\u00f6ll p\u00e5 Lidl-Trek Development Team med svensk tr\u00e4nare i Mattias Reck i det framg\u00e5ngsrika amerikanska World Tour-teamets organisation.<\/p>\n<blockquote><p>&#8221;Ja, jag har landat i att det skulle vara Lidl-Trek. Jag har respekt f\u00f6r att det \u00e4r mycket som man beh\u00f6ver st\u00e4lla om. Alla runt omkring en d\u00e4r \u00e4r anst\u00e4llda att g\u00f6ra saker f\u00f6r mig. D\u00e4rmed har jag ett HELT ANNAT ansvar som cyklist. Det du ska sk\u00f6ta m\u00e5sta du sk\u00f6ta p\u00e5 riktigt. Cyklingen som jag har varit en hobby fram till nu blir ett arbete. Jag har bollat med mig sj\u00e4lv att det kr\u00e4vs annan inst\u00e4llning, har kommit fram till att det \u00e4r det h\u00e4r jag vill g\u00f6ra \u2013 och \u00e4r ju v\u00e4ldigt tacksam f\u00f6r den h\u00e4r m\u00f6jligheten n\u00e4r jag v\u00e4l best\u00e4mt mig f\u00f6r att cykla landsv\u00e4g 2024&#8221;, s\u00e4ger Jakob S\u00f6derqvist.<\/p><\/blockquote>\n<a href=\"https:\/\/scf.se\/landsvag\/wp-content\/uploads\/sites\/5\/2023\/09\/JS2.jpg\"><img loading=\"lazy\" decoding=\"async\" class=\"alignnone size-full wp-image-4432\" src=\"https:\/\/scf.se\/landsvag\/wp-content\/uploads\/sites\/5\/2023\/09\/JS2.jpg\" alt=\"\" width=\"1170\" height=\"1171\" srcset=\"https:\/\/scf.se\/landsvag\/wp-content\/uploads\/sites\/5\/2023\/09\/JS2.jpg 1170w, https:\/\/scf.se\/landsvag\/wp-content\/uploads\/sites\/5\/2023\/09\/JS2-300x300.jpg 300w, https:\/\/scf.se\/landsvag\/wp-content\/uploads\/sites\/5\/2023\/09\/JS2-1024x1024.jpg 1024w, https:\/\/scf.se\/landsvag\/wp-content\/uploads\/sites\/5\/2023\/09\/JS2-150x150.jpg 150w, https:\/\/scf.se\/landsvag\/wp-content\/uploads\/sites\/5\/2023\/09\/JS2-768x769.jpg 768w\" sizes=\"auto, (max-width: 1170px) 100vw, 1170px\" \/><\/a>\n<p>P\u00e5 fr\u00e5gan om han ska flytta utomlands i vinter kommer svaret snabbt.<\/p>\n<blockquote><p>&#8221;Jag har redan best\u00e4mt mig f\u00f6r att beh\u00e5lla Falun\u00a0 som en bas. Man ska inte g\u00f6ra f\u00f6rhastade saker nu n\u00e4r jag har f\u00e5tt s\u00e5 v\u00e4ldigt mycket bra h\u00e4r i Falun. Det har varit en gynnsam milj\u00f6 s\u00e5 h\u00e4r l\u00e5ngt som jag ska h\u00e5lla ganska h\u00e5rt i, dessutom ett socialt v\u00e4rde \u2013 s\u00e5dana aspekter v\u00e4ger upp f\u00f6r alla logistiska sv\u00e5righeter i det stadiet som jag \u00e4r i nu&#8221;, s\u00e4ger Jakob S\u00f6derqvist lugnt.<\/p><\/blockquote>\n<p>Det blir inte mera cykling p\u00e5 varmare breddgrader i vinter \u00e4n teamets gemensamma tr\u00e4ningsl\u00e4ger som han kan se fram emot desto mera, liksom s\u00e4songsstarten.<\/p>\n<blockquote><p>&#8221;Jag kommer ju fr\u00e5n Sundsvall i grunden. Jag tror att jag har haft en del v\u00e4rden av vintercyklist. Jag \u00e4r van att cykla p\u00e5 ett lager is med lite sn\u00f6 ovanp\u00e5. Tekniskt l\u00e4r man sig att slappna av p\u00e5 l\u00e4ngre distanspassen. Ett starkt v\u00e4rde. Jag vill ha kontraster mellan s\u00e4songerna. Landa och g\u00e5 p\u00e5 rutiner och inte vara less p\u00e5 att resa redan innan en hel s\u00e4song p\u00e5 landsv\u00e4g \u00e4nd\u00e5 blir. Trots alla timmar p\u00e5 vintercykel har jag inte haft n\u00e5gon period som jag \u00e4r less p\u00e5 att cykla.&#8221;<\/p><\/blockquote>\n<p><strong>Hur ser du p\u00e5 s\u00e4songen som har varit?<\/strong><\/p>\n<blockquote><p>&#8221;Jag ville inf\u00f6r s\u00e4songen t\u00e4vla i alla intressanta discipliner med fortsatt fokus p\u00e5 XCO. L\u00e5nglopp d\u00e4remellan. Teamet har gett v\u00e4ldigt mycket. Blev ju mycket att se vart det skulle b\u00e4ra n\u00e5gonstans, s\u00e5 lossnade det p\u00e5 riktigt med landsv\u00e4g. Jag har haft flyt under \u00e5ret; har f\u00e5tt till det i r\u00e4tt tillf\u00e4llen. Visst, det \u00e4r min b\u00e4sta s\u00e4song, men jag har definitivt\u00a0 mycket mer att utveckla.&#8221;<\/p><\/blockquote>\n<p>Lidl-Trek Development Team \u00e4r registrerat som ett continentalteam, men att finnas med i ett stort World Tour-teams organisation \u00e4r f\u00f6rst\u00e5s inspirerande.<\/p>\n<blockquote><p>&#8221;Det ger ett st\u00f6rre v\u00e4rde f\u00f6r mig som cyklist att finnas med i n\u00e4rheten av World Tour-laget. Det blir fr\u00e4mjande f\u00f6r min utveckling som cyklist. Rutinerna runt omkring oss blir proffsiga och som det ser ut kommer vi i utvecklingslaget f\u00e5 hoppa och k\u00f6ra n\u00e5gra lopp med World Tour-teamet. En sp\u00e4nnande tanke. Sedan \u00e4r det ju v\u00e4sentligt att kunna g\u00f6ra en hj\u00e4lpryttarroll bra om s\u00e5 blir fallet.&#8221;<\/p><\/blockquote>\n<p><strong>Mattias Reck blir huvudansvarig f\u00f6r din tr\u00e4ning, hur ser du p\u00e5 det?<\/strong><\/p>\n<blockquote><p>&#8221;Det kan betyda mycket, b\u00e5de med tilltro och trygghet d\u00e5 Mattias Reck vet vad som g\u00e4ller i en s\u00e5dan h\u00e4r organisation. Han har ett smidigt s\u00e4tt att f\u00f6rklara saker p\u00e5. Jag k\u00e4nner att jag \u00e4r p\u00e5 en v\u00e4ldigt bra plats, har gl\u00e4dje i allt jag g\u00f6r \u2013 sp\u00e4nnande att diskutera med deras organisation om vad jag kan skruva p\u00e5 f\u00f6r att utveckla mig vidare. Jag har haft en del kontakt med Mattias och vet att han har ett liknande t\u00e4nk som min nuvarande tr\u00e4nare Fredrik Ericsson, som har gjort mycket f\u00f6r min cykling. Det k\u00e4nns som att jag \u00e4r i trygga h\u00e4nder&#8221;, s\u00e4ger Jakob S\u00f6derqvist.<\/p><\/blockquote>\n<p><a href=\"https:\/\/www.procyclingstats.com\/team\/lidl-trek-development-team-2024\"><strong><em>M\u00e5nga nationaliteter i Lidl-Trek Development Team 2024, kolla in det amerikanska laget just nu h\u00e4r!<\/em><\/strong><\/a><\/p>\n<p><em>Text: Tomas Larsson\/SCF<\/em><br \/>\n<em>Foto: SCF<\/em><\/p>\n<p>&nbsp;<\/p>\n<p>&nbsp;<\/p>\n<p>&nbsp;<\/p>\n","protected":false},"excerpt":{"rendered":"<p>Jakob S\u00f6derqvist \u00e4r MTB-cyklisten som slog igenom stort p\u00e5 landsv\u00e4g under 2023. N\u00e4sta \u00e5r blir det minst sagt landsv\u00e4g fullt ut f\u00f6r 20-\u00e5ringen. Han \u00e4r klar f\u00f6r Lidl-Trek Development Team och Mattias Reck blir ansvarig tr\u00e4nare. Men Jakob kommer att ha kvar den trygga basen i Falun \u00e4ven i vinter. &#8221;Jag \u00e4r precis d\u00e4r<a href=\"https:\/\/scf.se\/landsvag\/soderqvist-till-lidl-treks-utvecklingslag-men-behaller-trygga-basen-i-falun\/\" class=\"news-card__more\"> &#8230;<\/a><\/p>\n","protected":false},"author":41,"featured_media":4392,"comment_status":"open","ping_status":"open","sticky":false,"template":"","format":"standard","meta":{"_acf_changed":false,"footnotes":""},"categories":[1],"tags":[],"class_list":["post-4669","post","type-post","status-publish","format-standard","hentry","category-landsvag"],"acf":[],"_links":{"self":[{"href":"https:\/\/scf.se\/landsvag\/wp-json\/wp\/v2\/posts\/4669","targetHints":{"allow":["GET"]}}],"collection":[{"href":"https:\/\/scf.se\/landsvag\/wp-json\/wp\/v2\/posts"}],"about":[{"href":"https:\/\/scf.se\/landsvag\/wp-json\/wp\/v2\/types\/post"}],"author":[{"embeddable":true,"href":"https:\/\/scf.se\/landsvag\/wp-json\/wp\/v2\/users\/41"}],"replies":[{"embeddable":true,"href":"https:\/\/scf.se\/landsvag\/wp-json\/wp\/v2\/comments?post=4669"}],"version-history":[{"count":0,"href":"https:\/\/scf.se\/landsvag\/wp-json\/wp\/v2\/posts\/4669\/revisions"}],"wp:featuredmedia":[{"embeddable":true,"href":"https:\/\/scf.se\/landsvag\/wp-json\/wp\/v2\/media\/4392"}],"wp:attachment":[{"href":"https:\/\/scf.se\/landsvag\/wp-json\/wp\/v2\/media?parent=4669"}],"wp:term":[{"taxonomy":"category","embeddable":true,"href":"https:\/\/scf.se\/landsvag\/wp-json\/wp\/v2\/categories?post=4669"},{"taxonomy":"post_tag","embeddable":true,"href":"https:\/\/scf.se\/landsvag\/wp-json\/wp\/v2\/tags?post=4669"}],"curies":[{"name":"wp","href":"https:\/\/api.w.org\/{rel}","templated":true}]}}